{"id":25504,"date":"2023-11-07T08:39:51","date_gmt":"2023-11-07T14:39:51","guid":{"rendered":"https:\/\/politicosaldesnudo.com.mx\/?p=25504"},"modified":"2023-11-07T08:39:51","modified_gmt":"2023-11-07T14:39:51","slug":"agrupaciones-sindicales-manifiestan-su-apoyo-a-sheinbaum","status":"publish","type":"post","link":"https:\/\/politicosaldesnudo.com.mx\/index.php\/2023\/11\/07\/agrupaciones-sindicales-manifiestan-su-apoyo-a-sheinbaum\/","title":{"rendered":"Agrupaciones sindicales manifiestan su apoyo a Sheinbaum"},"content":{"rendered":"<p><span style=\"font-size: 14pt;\">Agrupaciones sindicales arroparon esta tarde a Claudia Sheinbaum, coordinadora de la Defensa de la Transformaci\u00f3n, quien se\u00f1al\u00f3 que el salario m\u00ednimo debe seguir aumentando en el pa\u00eds, con el fin de tener percepciones dignas para los trabajadores.<\/span><\/p>\n<p class=\"western\"><span style=\"font-size: 14pt;\">\u201cEste es uno de los primeros acuerdos entre los trabajadores y el pr\u00f3ximo gobierno\u201d, subray\u00f3 ante las organizaciones gremiales que se comprometieron a organizarse para que continue la Cuarta Transformaci\u00f3n en 2024. Entre ellas, varias que en el pasado apoyaron a Marcelo Ebrard, como el sindicato de telefonistas y el del Sistema de Transporte Colectivo-Metro.<\/span><\/p>\n<p><img data-recalc-dims=\"1\" loading=\"lazy\" decoding=\"async\" class=\"aligncenter size-full wp-image-25506\" src=\"https:\/\/i0.wp.com\/politicosaldesnudo.com.mx\/wp-content\/uploads\/2023\/11\/redes-sheinbaum-sindicatos-1024x529-1.jpg?resize=800%2C413&#038;ssl=1\" alt=\"\" width=\"800\" height=\"413\" srcset=\"https:\/\/i0.wp.com\/politicosaldesnudo.com.mx\/wp-content\/uploads\/2023\/11\/redes-sheinbaum-sindicatos-1024x529-1.jpg?w=1024&amp;ssl=1 1024w, https:\/\/i0.wp.com\/politicosaldesnudo.com.mx\/wp-content\/uploads\/2023\/11\/redes-sheinbaum-sindicatos-1024x529-1.jpg?resize=300%2C155&amp;ssl=1 300w, https:\/\/i0.wp.com\/politicosaldesnudo.com.mx\/wp-content\/uploads\/2023\/11\/redes-sheinbaum-sindicatos-1024x529-1.jpg?resize=768%2C397&amp;ssl=1 768w\" sizes=\"auto, (max-width: 800px) 100vw, 800px\" \/><\/p>\n<p class=\"western\"><span style=\"font-size: 14pt;\">Sheinbaum dio a conocer que se construye un programa de gobierno que permita seguir apoyando a la planta laboral. Ello frente a miles de sindicalistas que colmaron la Sala de Armas de la Ciudad Deportiva Magdalena Mixhuca, a diferencia del semivac\u00edo Estado Azul de hace poco m\u00e1s de 10 d\u00edas.<\/span><\/p>\n<p class=\"western\"><span style=\"font-size: 14pt;\">La ex jefa de gobierno de la ciudad de M\u00e9xico critic\u00f3 que en el pasado, los gobiernos presum\u00edan al pa\u00eds por sus bajos sueldos, al destacar que la actual administraci\u00f3n, aumento el m\u00ednimo y hoy es pr\u00e1cticamente el doble de lo que era en 2018. Ese salario \u201cno podemos permitir que se vuelva a estancar\u201d, puntualiz\u00f3.<\/span><\/p>\n<p class=\"western\"><span style=\"font-size: 14pt;\">Consider\u00f3 que al pa\u00eds hay que promoverlo por sus recursos naturales, su cultura, la grandeza de los pueblos originarios y de sus trabajadores. \u201cNunca m\u00e1s, un gobierno que presuma a M\u00e9xico por tener mano de obra de esclavos, mano de obra barata\u201d, subray\u00f3.<\/span><\/p>\n","protected":false},"excerpt":{"rendered":"<p>Agrupaciones sindicales arroparon esta tarde a Claudia Sheinbaum, coordinadora de la Defensa de la Transformaci\u00f3n, quien se\u00f1al\u00f3 que el salario<\/p>\n","protected":false},"author":4,"featured_media":25505,"comment_status":"closed","ping_status":"closed","sticky":false,"template":"","format":"standard","meta":{"colormag_page_container_layout":"default_layout","colormag_page_sidebar_layout":"default_layout","_jetpack_memberships_contains_paid_content":false,"footnotes":"","jetpack_publicize_message":"","jetpack_publicize_feature_enabled":true,"jetpack_social_post_already_shared":false,"jetpack_social_options":{"image_generator_settings":{"template":"highway","default_image_id":0,"font":"","enabled":false},"version":2}},"categories":[33],"tags":[],"class_list":["post-25504","post","type-post","status-publish","format-standard","has-post-thumbnail","hentry","category-nacional"],"jetpack_publicize_connections":[],"jetpack_featured_media_url":"https:\/\/i0.wp.com\/politicosaldesnudo.com.mx\/wp-content\/uploads\/2023\/11\/image00001.jpg?fit=1280%2C853&ssl=1","jetpack-related-posts":[],"jetpack_sharing_enabled":true,"_links":{"self":[{"href":"https:\/\/politicosaldesnudo.com.mx\/index.php\/wp-json\/wp\/v2\/posts\/25504","targetHints":{"allow":["GET"]}}],"collection":[{"href":"https:\/\/politicosaldesnudo.com.mx\/index.php\/wp-json\/wp\/v2\/posts"}],"about":[{"href":"https:\/\/politicosaldesnudo.com.mx\/index.php\/wp-json\/wp\/v2\/types\/post"}],"author":[{"embeddable":true,"href":"https:\/\/politicosaldesnudo.com.mx\/index.php\/wp-json\/wp\/v2\/users\/4"}],"replies":[{"embeddable":true,"href":"https:\/\/politicosaldesnudo.com.mx\/index.php\/wp-json\/wp\/v2\/comments?post=25504"}],"version-history":[{"count":0,"href":"https:\/\/politicosaldesnudo.com.mx\/index.php\/wp-json\/wp\/v2\/posts\/25504\/revisions"}],"wp:featuredmedia":[{"embeddable":true,"href":"https:\/\/politicosaldesnudo.com.mx\/index.php\/wp-json\/wp\/v2\/media\/25505"}],"wp:attachment":[{"href":"https:\/\/politicosaldesnudo.com.mx\/index.php\/wp-json\/wp\/v2\/media?parent=25504"}],"wp:term":[{"taxonomy":"category","embeddable":true,"href":"https:\/\/politicosaldesnudo.com.mx\/index.php\/wp-json\/wp\/v2\/categories?post=25504"},{"taxonomy":"post_tag","embeddable":true,"href":"https:\/\/politicosaldesnudo.com.mx\/index.php\/wp-json\/wp\/v2\/tags?post=25504"}],"curies":[{"name":"wp","href":"https:\/\/api.w.org\/{rel}","templated":true}]}}