{"id":25546,"date":"2023-11-08T00:05:12","date_gmt":"2023-11-08T06:05:12","guid":{"rendered":"https:\/\/politicosaldesnudo.com.mx\/?p=25546"},"modified":"2023-11-08T00:05:12","modified_gmt":"2023-11-08T06:05:12","slug":"el-prd-congelado","status":"publish","type":"post","link":"https:\/\/politicosaldesnudo.com.mx\/index.php\/2023\/11\/08\/el-prd-congelado\/","title":{"rendered":"El PRD congelado"},"content":{"rendered":"<p><span style=\"font-size: 18pt; color: #cc99ff;\"><strong>ALMA GRANDE<\/strong><\/span><\/p>\n<p><span style=\"font-size: 18pt; color: #cc99ff;\"><strong>Por \u00c1ngel \u00c1lvaro Pe\u00f1a<\/strong><\/span><\/p>\n<p><span style=\"font-size: 14pt;\">Los perredistas han dado mucho de qu\u00e9 hablar en los \u00faltimos d\u00edas y sus balances no son positivos en medio de la lucha electoral por la contienda de 2024 que apenas empieza.<\/span><\/p>\n<p><span style=\"font-size: 18pt;\">Primero, sus militantes en Guerrero se disfrazaron de damnificados del hurac\u00e1n Otis, exigiendo al gobierno ayuda que, seg\u00fan ellos, no llegaba. Hay videos donde aparecen pidiendo la presencia del Ej\u00e9rcito con camiones militares atr\u00e1s de los supuestos inconformes, en otro video el montaje fue todav\u00eda m\u00e1s evidente porque el supuesto ciudadano apartidista result\u00f3 ser militante del PRD.<\/span><\/p>\n<p><span style=\"font-size: 14pt;\">Ya para entonces hab\u00eda ca\u00eddo una mala racha en el partido al serle congeladas todas las cuentas de su partido por un juez desde el 30 de octubre, fecha en la que no han podido pagar salarios ni adeudos con vencimiento precisado con anterioridad. <\/span><\/p>\n<p><span style=\"font-size: 14pt;\">La incertidumbre financiera del PRD pone de manifiesto los desaf\u00edos que enfrentan los partidos pol\u00edticos en M\u00e9xico, especialmente aquellos que han perdido influencia y presencia en varios estados del pa\u00eds, como es este caso.<\/span><\/p>\n<p><span style=\"font-size: 18pt;\">En un comunicado dirigido al personal del partido firmado por Jonathan D\u00e1vila R\u00edos, coordinador del Patrimonio y Recursos Financieros Nacional del PRD, se inform\u00f3 a los empleados sobre la situaci\u00f3n. En el que se da cuenta de que existe una resoluci\u00f3n emitida por un Juez Civil de la Ciudad de M\u00e9xico que orden\u00f3 la retenci\u00f3n de los recursos econ\u00f3micos de las cuentas bancarias del partido, lo que ha impedido realizar cualquier transacci\u00f3n financiera.<\/span><\/p>\n<p><span style=\"font-size: 14pt;\">La situaci\u00f3n ha llevado a la suspensi\u00f3n del pago de compromisos y adeudos, afectando a quienes trabajan en las oficinas centrales del partido y en las sedes estatales.<\/span><\/p>\n<p><span style=\"font-size: 14pt;\">El PRD ha expresado su intenci\u00f3n de resolver esta situaci\u00f3n mediante acciones legales para proteger los derechos de sus colaboradores.<\/span><\/p>\n<p><span style=\"font-size: 18pt;\">Existe poca difusi\u00f3n de este problema que afecta a todo el Frente Amplio por M\u00e9xico ya que, de por s\u00ed, se trata del eslab\u00f3n m\u00e1s d\u00e9bil de la cadena opositora, los otros dos partidos deber\u00e1n ser congruentes con la solidaridad que le exigen al gobierno federal en el caso de Guerrero y tratar de disminuir la problem\u00e1tica perredista.<\/span><\/p>\n<p><span style=\"font-size: 14pt;\">Desde luego que toda acci\u00f3n legal en tiempos electorales se presta a interpretaciones variadas y cada quien adopta una postura de acuerdo con su forma de pensar; sin embargo, para nadie es un secreto que el PRD agonizaba; sin embargo, esto parece no importarle a los l\u00edderes del PAN y el PRI que comparten con el perredismo sus candidatos y su suerte, en la mayor\u00eda de las contiendas de elecci\u00f3n popular.<\/span><\/p>\n<p><span style=\"font-size: 18pt;\">Luego de las elecciones del 6 de junio de 2021 pasado, el PRD perdi\u00f3 su registro en 15 entidades del pa\u00eds, por no superar el 3 por ciento de la votaci\u00f3n local requerido, por lo que sus dirigentes plantear\u00e1n en su Congreso Nacional de diciembre una renovaci\u00f3n del instituto pol\u00edtico, al parecer sin lograrlo.<\/span><\/p>\n<p><span style=\"font-size: 14pt;\">El perredismo ha extraviado mucho de su poder\u00edo en traiciones y venganzas. La conversi\u00f3n que tuvo en sus ideas pol\u00edticas al unirse a partidos de tendencia no s\u00f3lo diferente sino antag\u00f3nica. Le cost\u00f3 simpatizantes y militantes.<\/span><\/p>\n<p><span style=\"font-size: 14pt;\">Ahora el PRD requiere en primer lugar enfrentar su querella legal, pero, al mismo tiempo, probar la solidaridad que exigen por otros lados sus socios, por lo menos para pagar salarios y abonar a las muchas deudas que tiene ese partido.<\/span><\/p>\n<p><span style=\"font-size: 14pt;\">Pero como la traici\u00f3n pareciera ser una de las caracter\u00edsticas de la clase pol\u00edtica, sin importar colores ni ideolog\u00edas, \u00e9sta puede ser una buena oportunidad para que los partidos aliados lo abandonen a su suerte.<\/span><\/p>\n<p><span style=\"font-size: 18pt;\">El congelamiento de cuentas no marca el inicio de la crisis que vive ese partido sino la continuidad de su mala administraci\u00f3n y el alejamiento de simpat\u00edas en las urnas.<\/span><\/p>\n<p><span style=\"font-size: 14pt;\">PEGA Y CORRE.-La renuncia del ex presidente, Arturo Sald\u00edvar, de la Suprema Corte de Justicia de la Naci\u00f3n como ministro, da la oportunidad al Presidente de elegir a su sucesor. Porque as\u00ed podr\u00e1 Andr\u00e9s Manuel L\u00f3pez Obrador, en funciones todav\u00eda, influir en el nombramiento de su sucesor, al mismo tiempo que bien puede sustituir a Alejandro Gertz Manero en la Fiscal\u00eda General de la Rep\u00fablica o prepararse para ocupar este puesto en el pr\u00f3ximo sexenio\u2026 Esta columna se publica los lunes, mi\u00e9rcoles y viernes.<\/span><\/p>\n<p><img data-recalc-dims=\"1\" loading=\"lazy\" decoding=\"async\" class=\"aligncenter size-full wp-image-25429\" src=\"https:\/\/i0.wp.com\/politicosaldesnudo.com.mx\/wp-content\/uploads\/2023\/11\/FIRMA-EDITORIAL-PD.jpg?resize=800%2C98&#038;ssl=1\" alt=\"\" width=\"800\" height=\"98\" srcset=\"https:\/\/i0.wp.com\/politicosaldesnudo.com.mx\/wp-content\/uploads\/2023\/11\/FIRMA-EDITORIAL-PD.jpg?w=1024&amp;ssl=1 1024w, https:\/\/i0.wp.com\/politicosaldesnudo.com.mx\/wp-content\/uploads\/2023\/11\/FIRMA-EDITORIAL-PD.jpg?resize=300%2C37&amp;ssl=1 300w, https:\/\/i0.wp.com\/politicosaldesnudo.com.mx\/wp-content\/uploads\/2023\/11\/FIRMA-EDITORIAL-PD.jpg?resize=768%2C94&amp;ssl=1 768w\" sizes=\"auto, (max-width: 800px) 100vw, 800px\" \/><\/p>\n","protected":false},"excerpt":{"rendered":"<p>ALMA GRANDE Por \u00c1ngel \u00c1lvaro Pe\u00f1a Los perredistas han dado mucho de qu\u00e9 hablar en los \u00faltimos d\u00edas y sus<\/p>\n","protected":false},"author":4,"featured_media":15807,"comment_status":"closed","ping_status":"closed","sticky":false,"template":"","format":"standard","meta":{"colormag_page_container_layout":"default_layout","colormag_page_sidebar_layout":"default_layout","_jetpack_memberships_contains_paid_content":false,"footnotes":"","jetpack_publicize_message":"","jetpack_publicize_feature_enabled":true,"jetpack_social_post_already_shared":false,"jetpack_social_options":{"image_generator_settings":{"template":"highway","default_image_id":0,"font":"","enabled":false},"version":2}},"categories":[26],"tags":[],"class_list":["post-25546","post","type-post","status-publish","format-standard","has-post-thumbnail","hentry","category-columnistas"],"jetpack_publicize_connections":[],"jetpack_featured_media_url":"https:\/\/i0.wp.com\/politicosaldesnudo.com.mx\/wp-content\/uploads\/2023\/02\/ANGEL-ALVARO-PENA1.webp?fit=800%2C445&ssl=1","jetpack-related-posts":[],"jetpack_sharing_enabled":true,"_links":{"self":[{"href":"https:\/\/politicosaldesnudo.com.mx\/index.php\/wp-json\/wp\/v2\/posts\/25546","targetHints":{"allow":["GET"]}}],"collection":[{"href":"https:\/\/politicosaldesnudo.com.mx\/index.php\/wp-json\/wp\/v2\/posts"}],"about":[{"href":"https:\/\/politicosaldesnudo.com.mx\/index.php\/wp-json\/wp\/v2\/types\/post"}],"author":[{"embeddable":true,"href":"https:\/\/politicosaldesnudo.com.mx\/index.php\/wp-json\/wp\/v2\/users\/4"}],"replies":[{"embeddable":true,"href":"https:\/\/politicosaldesnudo.com.mx\/index.php\/wp-json\/wp\/v2\/comments?post=25546"}],"version-history":[{"count":0,"href":"https:\/\/politicosaldesnudo.com.mx\/index.php\/wp-json\/wp\/v2\/posts\/25546\/revisions"}],"wp:featuredmedia":[{"embeddable":true,"href":"https:\/\/politicosaldesnudo.com.mx\/index.php\/wp-json\/wp\/v2\/media\/15807"}],"wp:attachment":[{"href":"https:\/\/politicosaldesnudo.com.mx\/index.php\/wp-json\/wp\/v2\/media?parent=25546"}],"wp:term":[{"taxonomy":"category","embeddable":true,"href":"https:\/\/politicosaldesnudo.com.mx\/index.php\/wp-json\/wp\/v2\/categories?post=25546"},{"taxonomy":"post_tag","embeddable":true,"href":"https:\/\/politicosaldesnudo.com.mx\/index.php\/wp-json\/wp\/v2\/tags?post=25546"}],"curies":[{"name":"wp","href":"https:\/\/api.w.org\/{rel}","templated":true}]}}