{"id":25553,"date":"2023-11-08T12:54:23","date_gmt":"2023-11-08T18:54:23","guid":{"rendered":"https:\/\/politicosaldesnudo.com.mx\/?p=25553"},"modified":"2023-11-08T12:54:23","modified_gmt":"2023-11-08T18:54:23","slug":"obtiene-jufed-suspension-provisional-contra-eliminacion-de-fideicomisos-del-pjf","status":"publish","type":"post","link":"https:\/\/politicosaldesnudo.com.mx\/index.php\/2023\/11\/08\/obtiene-jufed-suspension-provisional-contra-eliminacion-de-fideicomisos-del-pjf\/","title":{"rendered":"Obtiene Jufed suspensi\u00f3n provisional contra eliminaci\u00f3n de fideicomisos del PJF"},"content":{"rendered":"<p><span style=\"font-size: 14pt;\">La Asociaci\u00f3n Nacional de Magistrados de Circuito y Jueces de Distrito del Poder Judicial de la Federaci\u00f3n (Jufed) obtuvo una suspensi\u00f3n provisional con efectos generales contra la reforma por la que se eliminan 13 fideicomisos del Poder Judicial de la Federaci\u00f3n (PJF) que acumulan m\u00e1s de 15 mil millones de pesos.<\/span><\/p>\n<p class=\"western\"><span style=\"font-size: 14pt;\">El gobierno federal puede impugnar el fallo para que el caso se turne a un tribunal colegiado quien resolver\u00e1 si confirma, modifica o revoca el resolutivo de primera instancia.<\/span><\/p>\n<p class=\"western\"><span style=\"font-size: 14pt;\">Elizabeth Trejo Gal\u00e1n, Jueza Noveno de Distrito en Materia Administrativa en la Ciudad de M\u00e9xico, otorg\u00f3 la medida cautelar con efectos generales, es decir que trasciende a todos los trabajadores del Poder Judicial de la Federaci\u00f3n (PJF)<\/span><\/p>\n<p class=\"western\"><span style=\"font-size: 14pt;\">La suspensi\u00f3n impide al gobierno federal usar por el momento los fondos para apoyar a la poblaci\u00f3n guerrerense afectada por el hurac\u00e1n <em>Otis<\/em>.<\/span><\/p>\n<p class=\"western\"><span style=\"font-size: 14pt;\">La impartidora de justicia program\u00f3 la audiencia incidental para el 14 de noviembre, fecha en la que resolver\u00e1 si le concede a los juzgadores federales la suspensi\u00f3n definitiva.<\/span><\/p>\n<p class=\"western\"><span style=\"font-size: 14pt;\">\u201cSe concede a la Jufed la suspensi\u00f3n provisional de los actos reclamados para los efectos de que las cosas se mantengan en el estado que guardan\u201d esto es para que se suspendan todas las consecuencias de decreto por el que se adiciona un segundo p\u00e1rrafo al art\u00edculo 224 de la ley org\u00e1nica del PJF, as\u00ed como los art\u00edculos transitorios segundo, tercero, cuarto y quinto publicado en el Diario Oficial de la Federaci\u00f3n (DOF) el pasado 27 de octubre.<\/span><\/p>\n<p class=\"western\"><span style=\"font-size: 14pt;\">En su fallo, la juez se\u00f1al\u00f3 que los \u00f3rganos del PJF que funjan como fideicomitentes se abstengan de coordinarse con las instituciones que funjan como fiduciarias para llevar a cabo los actos y procesos necesarios para extinguirlos fideicomisos, materia del decreto reclamado y dar por terminado los mandatos correspondientes , as\u00ed como suscribir los convenios de extinci\u00f3n terminaci\u00f3n.<\/span><\/p>\n<p class=\"western\"><span style=\"font-size: 14pt;\"><strong>Fondos y recursos no podr\u00e1n ser entregados\u00a0<\/strong><\/span><\/p>\n<p class=\"western\"><span style=\"font-size: 14pt;\">Tambi\u00e9n dijo que no se deber\u00e1n hacer entrega de fondos, recursos, remanentes, as\u00ed como los productos y aprovechamientos derivados de los fideicomisos a la Tesorer\u00eda de la Federaci\u00f3n en t\u00e9rminos del plazo se\u00f1alado en el articulo segundo transitorio de dicho decreto reclamado.<\/span><\/p>\n<p class=\"western\"><span style=\"font-size: 14pt;\">\u201cNo se concentran los aprovechamientos en la Tesorer\u00eda de la Federaci\u00f3n y no se destinen por la Secretaria de Hacienda y Cr\u00e9dito P\u00fablico a ning\u00fan programa del plan Nacional de Desarrollo. No se disponga de los recursos a que hace alusi\u00f3n el decreto reclamado en detrimento de los derechos adquiridos de miembros del PJF en materia de trabajo y seguridad social ligados a sus condiciones de trabajo y diversos acuerdos generales emitidos por el pleno del Consejo de la Judicatura federal (CJF).<\/span><\/p>\n<p class=\"western\"><span style=\"font-size: 14pt;\">La togada argument\u00f3 que la medida que se decreta as\u00ed no afecta el inter\u00e9s social ni el orden p\u00fablico, pues adem\u00e1s el decreto reclamado no especifica la finalidad para la cual se pretenden enviar los recursos de los fideicomisos, materia de dicha disposici\u00f3n de car\u00e1cter general, am\u00e9n de que no pasa inadvertido que existen programas p\u00fablicos y necesidades enormes en la sociedad mexicana.<\/span><\/p>\n<p class=\"western\"><span style=\"font-size: 14pt;\">Sin embargo, dijo que el decreto por el que se adiciona un segundo p\u00e1rrafo al art\u00edculo 224 de la Ley Org\u00e1nica del PJF as\u00ed como sus transitorios no establece de qu\u00e9 forma los recursos de los apuntados fideicomisos ser\u00e1n para atender de forma espec\u00edfica las necesidades sociales, por el contrario, a\u00f1adi\u00f3 que de no concederse la medida cautelar solicitada se corre el riesgo de afectar derechos adquiridos de los trabajadores del PJF, de que se vea afectada la impartici\u00f3n de justicia con la obstaculizaci\u00f3n de programas, implementaci\u00f3n de reformas constitucionales o infraestructura de los \u00f3rganos impartidores de justicia, m\u00e1s a\u00fan si no se concede la suspensi\u00f3n provisional, existe riesgo que se vea mermada la funci\u00f3n jurisdiccional, lo que s\u00ed implicar\u00eda una enorme afectaci\u00f3n a la sociedad.<\/span><\/p>\n","protected":false},"excerpt":{"rendered":"<p>La Asociaci\u00f3n Nacional de Magistrados de Circuito y Jueces de Distrito del Poder Judicial de la Federaci\u00f3n (Jufed) obtuvo una<\/p>\n","protected":false},"author":4,"featured_media":25554,"comment_status":"closed","ping_status":"closed","sticky":false,"template":"","format":"standard","meta":{"colormag_page_container_layout":"default_layout","colormag_page_sidebar_layout":"default_layout","_jetpack_memberships_contains_paid_content":false,"footnotes":"","jetpack_publicize_message":"","jetpack_publicize_feature_enabled":true,"jetpack_social_post_already_shared":false,"jetpack_social_options":{"image_generator_settings":{"template":"highway","default_image_id":0,"font":"","enabled":false},"version":2}},"categories":[33],"tags":[],"class_list":["post-25553","post","type-post","status-publish","format-standard","has-post-thumbnail","hentry","category-nacional"],"jetpack_publicize_connections":[],"jetpack_featured_media_url":"https:\/\/i0.wp.com\/politicosaldesnudo.com.mx\/wp-content\/uploads\/2023\/11\/Diseno-sin-titulo-74.jpg?fit=938%2C500&ssl=1","jetpack-related-posts":[],"jetpack_sharing_enabled":true,"_links":{"self":[{"href":"https:\/\/politicosaldesnudo.com.mx\/index.php\/wp-json\/wp\/v2\/posts\/25553","targetHints":{"allow":["GET"]}}],"collection":[{"href":"https:\/\/politicosaldesnudo.com.mx\/index.php\/wp-json\/wp\/v2\/posts"}],"about":[{"href":"https:\/\/politicosaldesnudo.com.mx\/index.php\/wp-json\/wp\/v2\/types\/post"}],"author":[{"embeddable":true,"href":"https:\/\/politicosaldesnudo.com.mx\/index.php\/wp-json\/wp\/v2\/users\/4"}],"replies":[{"embeddable":true,"href":"https:\/\/politicosaldesnudo.com.mx\/index.php\/wp-json\/wp\/v2\/comments?post=25553"}],"version-history":[{"count":0,"href":"https:\/\/politicosaldesnudo.com.mx\/index.php\/wp-json\/wp\/v2\/posts\/25553\/revisions"}],"wp:featuredmedia":[{"embeddable":true,"href":"https:\/\/politicosaldesnudo.com.mx\/index.php\/wp-json\/wp\/v2\/media\/25554"}],"wp:attachment":[{"href":"https:\/\/politicosaldesnudo.com.mx\/index.php\/wp-json\/wp\/v2\/media?parent=25553"}],"wp:term":[{"taxonomy":"category","embeddable":true,"href":"https:\/\/politicosaldesnudo.com.mx\/index.php\/wp-json\/wp\/v2\/categories?post=25553"},{"taxonomy":"post_tag","embeddable":true,"href":"https:\/\/politicosaldesnudo.com.mx\/index.php\/wp-json\/wp\/v2\/tags?post=25553"}],"curies":[{"name":"wp","href":"https:\/\/api.w.org\/{rel}","templated":true}]}}