{"id":25566,"date":"2023-11-08T22:22:05","date_gmt":"2023-11-09T04:22:05","guid":{"rendered":"https:\/\/politicosaldesnudo.com.mx\/?p=25566"},"modified":"2023-11-08T22:22:05","modified_gmt":"2023-11-09T04:22:05","slug":"osx-inaugura-35-festival-de-musica-de-morelia-miguel-bernal-jimenez","status":"publish","type":"post","link":"https:\/\/politicosaldesnudo.com.mx\/index.php\/2023\/11\/08\/osx-inaugura-35-festival-de-musica-de-morelia-miguel-bernal-jimenez\/","title":{"rendered":"OSX Inaugura 35\u00b0 Festival de M\u00fasica de Morelia \u201cMiguel Bernal Jim\u00e9nez\u201d"},"content":{"rendered":"<ul>\n<li><span style=\"font-size: 14pt;\"><strong>Con el reconocido tenor internacional: Mark Padmore<\/strong><\/span><\/li>\n<li><span style=\"font-size: 14pt;\"><strong>Martin Lebel, Director Titular<\/strong><\/span><\/li>\n<\/ul>\n<p><span style=\"font-size: 14pt;\">Xalapa, Ver.- Desde el Teatro \u201cJos\u00e9 Mar\u00eda Morelos\u201d en Morelia, Michoac\u00e1n, la Orquesta Sinf\u00f3nica de Xalapa, orquesta activa m\u00e1s antigua de M\u00e9xico, ser\u00e1 la responsable de dar inicio a la 35\u00b0 edici\u00f3n del prestigioso Festival de M\u00fasica de Morelia. En colaboraci\u00f3n art\u00edstica con el renombrado tenor brit\u00e1nico, Mark Padmore. Bajo la batuta de Martin Lebel, Director Titular de la OSX.<\/span><br \/>\n<span style=\"font-size: 14pt;\">Este concierto se realizar\u00e1 el viernes 10 de noviembre a las 20:30 h, boletos disponibles en el portal del Festival de M\u00fasica de Morelia.<\/span><\/p>\n<p><img data-recalc-dims=\"1\" loading=\"lazy\" decoding=\"async\" class=\"aligncenter size-large wp-image-25570\" src=\"https:\/\/i0.wp.com\/politicosaldesnudo.com.mx\/wp-content\/uploads\/2023\/11\/Morelia-3926-1024x683.jpg?resize=800%2C534&#038;ssl=1\" alt=\"\" width=\"800\" height=\"534\" srcset=\"https:\/\/i0.wp.com\/politicosaldesnudo.com.mx\/wp-content\/uploads\/2023\/11\/Morelia-3926-scaled.jpg?resize=1024%2C683&amp;ssl=1 1024w, https:\/\/i0.wp.com\/politicosaldesnudo.com.mx\/wp-content\/uploads\/2023\/11\/Morelia-3926-scaled.jpg?resize=300%2C200&amp;ssl=1 300w, https:\/\/i0.wp.com\/politicosaldesnudo.com.mx\/wp-content\/uploads\/2023\/11\/Morelia-3926-scaled.jpg?resize=768%2C512&amp;ssl=1 768w, https:\/\/i0.wp.com\/politicosaldesnudo.com.mx\/wp-content\/uploads\/2023\/11\/Morelia-3926-scaled.jpg?resize=1536%2C1024&amp;ssl=1 1536w, https:\/\/i0.wp.com\/politicosaldesnudo.com.mx\/wp-content\/uploads\/2023\/11\/Morelia-3926-scaled.jpg?resize=2048%2C1365&amp;ssl=1 2048w, https:\/\/i0.wp.com\/politicosaldesnudo.com.mx\/wp-content\/uploads\/2023\/11\/Morelia-3926-scaled.jpg?w=1600&amp;ssl=1 1600w, https:\/\/i0.wp.com\/politicosaldesnudo.com.mx\/wp-content\/uploads\/2023\/11\/Morelia-3926-scaled.jpg?w=2400&amp;ssl=1 2400w\" sizes=\"auto, (max-width: 800px) 100vw, 800px\" \/><\/p>\n<p><span style=\"font-size: 14pt;\">El emocionante programa iniciar\u00e1 con ocho de las m\u00e1s destacadas arias del compositor alem\u00e1n George F. H\u00e4ndel. Debido a la \u00e9poca, estas arias se interpretan con una orquesta reducida de cuerdas m\u00e1s clavec\u00edn ya que a\u00fan no exist\u00eda el piano al momento de su composici\u00f3n. En ocasiones agregaban un fagot doblando a los chelos y oboes doblando a los violines. Dichas arias tendr\u00e1n como protagonista la privilegiada voz del tenor: Mark Padmore, para dar vida a cada una de ellas.<\/span><\/p>\n<p><img data-recalc-dims=\"1\" loading=\"lazy\" decoding=\"async\" class=\"aligncenter size-large wp-image-25569\" src=\"https:\/\/i0.wp.com\/politicosaldesnudo.com.mx\/wp-content\/uploads\/2023\/11\/Morelia-3925-1024x683.jpg?resize=800%2C534&#038;ssl=1\" alt=\"\" width=\"800\" height=\"534\" srcset=\"https:\/\/i0.wp.com\/politicosaldesnudo.com.mx\/wp-content\/uploads\/2023\/11\/Morelia-3925-scaled.jpg?resize=1024%2C683&amp;ssl=1 1024w, https:\/\/i0.wp.com\/politicosaldesnudo.com.mx\/wp-content\/uploads\/2023\/11\/Morelia-3925-scaled.jpg?resize=300%2C200&amp;ssl=1 300w, https:\/\/i0.wp.com\/politicosaldesnudo.com.mx\/wp-content\/uploads\/2023\/11\/Morelia-3925-scaled.jpg?resize=768%2C512&amp;ssl=1 768w, https:\/\/i0.wp.com\/politicosaldesnudo.com.mx\/wp-content\/uploads\/2023\/11\/Morelia-3925-scaled.jpg?resize=1536%2C1024&amp;ssl=1 1536w, https:\/\/i0.wp.com\/politicosaldesnudo.com.mx\/wp-content\/uploads\/2023\/11\/Morelia-3925-scaled.jpg?resize=2048%2C1365&amp;ssl=1 2048w, https:\/\/i0.wp.com\/politicosaldesnudo.com.mx\/wp-content\/uploads\/2023\/11\/Morelia-3925-scaled.jpg?w=1600&amp;ssl=1 1600w, https:\/\/i0.wp.com\/politicosaldesnudo.com.mx\/wp-content\/uploads\/2023\/11\/Morelia-3925-scaled.jpg?w=2400&amp;ssl=1 2400w\" sizes=\"auto, (max-width: 800px) 100vw, 800px\" \/><\/p>\n<p><span style=\"font-size: 14pt;\">Estrenada por la OSN en el verano de 2013, \u201cDe aqu\u00ed a la veleta\u201d ser\u00e1 la segunda obra a interpretarse. Esta se caracteriza por iniciar con un pizzicato de cuerdas en ostinato acompa\u00f1ada por alientos de metales y maderas. Reiteraciones r\u00edtmicas con secuencias de habanera\/danz\u00f3n en g\u00fciro y percusiones de \u00absabrosas\u00bb cadencias afrocubanas.<\/span><\/p>\n<p><img data-recalc-dims=\"1\" loading=\"lazy\" decoding=\"async\" class=\"aligncenter size-large wp-image-25568\" src=\"https:\/\/i0.wp.com\/politicosaldesnudo.com.mx\/wp-content\/uploads\/2023\/11\/Mark-Padmore023-1130x630-1-1024x571.jpg?resize=800%2C446&#038;ssl=1\" alt=\"\" width=\"800\" height=\"446\" srcset=\"https:\/\/i0.wp.com\/politicosaldesnudo.com.mx\/wp-content\/uploads\/2023\/11\/Mark-Padmore023-1130x630-1.jpg?resize=1024%2C571&amp;ssl=1 1024w, https:\/\/i0.wp.com\/politicosaldesnudo.com.mx\/wp-content\/uploads\/2023\/11\/Mark-Padmore023-1130x630-1.jpg?resize=300%2C167&amp;ssl=1 300w, https:\/\/i0.wp.com\/politicosaldesnudo.com.mx\/wp-content\/uploads\/2023\/11\/Mark-Padmore023-1130x630-1.jpg?resize=768%2C428&amp;ssl=1 768w, https:\/\/i0.wp.com\/politicosaldesnudo.com.mx\/wp-content\/uploads\/2023\/11\/Mark-Padmore023-1130x630-1.jpg?resize=800%2C445&amp;ssl=1 800w, https:\/\/i0.wp.com\/politicosaldesnudo.com.mx\/wp-content\/uploads\/2023\/11\/Mark-Padmore023-1130x630-1.jpg?w=1130&amp;ssl=1 1130w\" sizes=\"auto, (max-width: 800px) 100vw, 800px\" \/><br \/>\n<span style=\"font-size: 14pt;\">Javier \u00c1lvarez (1956-2023), admirado compositor mexicano, mencion\u00f3 sobre su creaci\u00f3n: \u00abMi obra es un solo movimiento que se toca sin interrupci\u00f3n y aunque estrictamente se divide en cinco secciones, en realidad fluye en tres\u00bb.<\/span><\/p>\n<p><span style=\"font-size: 14pt;\">\u00abTill Eulenspiegel\u00bb, \u00faltima y valiosa obra del programa, es un divertido poema sinf\u00f3nico a cargo del virtuoso compositor, Richard Strauss. De gran complejidad por su estructura en forma de rond\u00f3, esta obra plantea un tenaz trabajo de variaci\u00f3n mel\u00f3dica y r\u00edtmica mientras narra las p\u00edcaras aventuras (o fechor\u00edas) de Till, famoso personaje brib\u00f3n legendario de la tradici\u00f3n literaria alemana. Estrenado el 5 de noviembre de 1895, se convirti\u00f3 en favorita del p\u00fablico hasta nuestros d\u00edas. <\/span><\/p>\n<p><span style=\"font-size: 14pt;\">Mark Padmore naci\u00f3 en Londres y estudi\u00f3 en King\u2019s College en Cambridge. Ha construido una carrera internacional de opera, concierto y recital. Sus apariciones en las Pasiones de Bach han ganado especial atenci\u00f3n, especialmente sus renombradas actuaciones como Evangelista en la Pasi\u00f3n seg\u00fan San Mateo y la Pasi\u00f3n seg\u00fan San Juan con la Filarm\u00f3nica de Ber\u00edn y el director Simon Rattle, puesta en escena por Peter Sellars.<\/span><\/p>\n<p><span style=\"font-size: 14pt;\">La actual temporada se centra en recitales, con presentaciones en Barcelona y Madrid con Julius Drake; Alicante con el Elias String Quartet;en la sala Muziekgebouw en \u00c1msterdam con Till Fellner; el Th\u00e9\u00e2tre de l\u2019Ath\u00e9n\u00e9e en Paris con Julius Drake; la Orquesta Sinf\u00f3nica de Xalapa en Morelia, M\u00e9xico; entre otras.<\/span><\/p>\n","protected":false},"excerpt":{"rendered":"<p>Con el reconocido tenor internacional: Mark Padmore Martin Lebel, Director Titular Xalapa, Ver.- Desde el Teatro \u201cJos\u00e9 Mar\u00eda Morelos\u201d en<\/p>\n","protected":false},"author":4,"featured_media":25567,"comment_status":"closed","ping_status":"closed","sticky":false,"template":"","format":"standard","meta":{"colormag_page_container_layout":"default_layout","colormag_page_sidebar_layout":"default_layout","_jetpack_memberships_contains_paid_content":false,"footnotes":"","jetpack_publicize_message":"","jetpack_publicize_feature_enabled":true,"jetpack_social_post_already_shared":false,"jetpack_social_options":{"image_generator_settings":{"template":"highway","default_image_id":0,"font":"","enabled":false},"version":2}},"categories":[474],"tags":[],"class_list":["post-25566","post","type-post","status-publish","format-standard","has-post-thumbnail","hentry","category-cultura"],"jetpack_publicize_connections":[],"jetpack_featured_media_url":"https:\/\/i0.wp.com\/politicosaldesnudo.com.mx\/wp-content\/uploads\/2023\/11\/Foto-Oficial-OSX-scaled.jpg?fit=2560%2C1232&ssl=1","jetpack-related-posts":[],"jetpack_sharing_enabled":true,"_links":{"self":[{"href":"https:\/\/politicosaldesnudo.com.mx\/index.php\/wp-json\/wp\/v2\/posts\/25566","targetHints":{"allow":["GET"]}}],"collection":[{"href":"https:\/\/politicosaldesnudo.com.mx\/index.php\/wp-json\/wp\/v2\/posts"}],"about":[{"href":"https:\/\/politicosaldesnudo.com.mx\/index.php\/wp-json\/wp\/v2\/types\/post"}],"author":[{"embeddable":true,"href":"https:\/\/politicosaldesnudo.com.mx\/index.php\/wp-json\/wp\/v2\/users\/4"}],"replies":[{"embeddable":true,"href":"https:\/\/politicosaldesnudo.com.mx\/index.php\/wp-json\/wp\/v2\/comments?post=25566"}],"version-history":[{"count":0,"href":"https:\/\/politicosaldesnudo.com.mx\/index.php\/wp-json\/wp\/v2\/posts\/25566\/revisions"}],"wp:featuredmedia":[{"embeddable":true,"href":"https:\/\/politicosaldesnudo.com.mx\/index.php\/wp-json\/wp\/v2\/media\/25567"}],"wp:attachment":[{"href":"https:\/\/politicosaldesnudo.com.mx\/index.php\/wp-json\/wp\/v2\/media?parent=25566"}],"wp:term":[{"taxonomy":"category","embeddable":true,"href":"https:\/\/politicosaldesnudo.com.mx\/index.php\/wp-json\/wp\/v2\/categories?post=25566"},{"taxonomy":"post_tag","embeddable":true,"href":"https:\/\/politicosaldesnudo.com.mx\/index.php\/wp-json\/wp\/v2\/tags?post=25566"}],"curies":[{"name":"wp","href":"https:\/\/api.w.org\/{rel}","templated":true}]}}