{"id":25576,"date":"2023-11-08T22:30:55","date_gmt":"2023-11-09T04:30:55","guid":{"rendered":"https:\/\/politicosaldesnudo.com.mx\/?p=25576"},"modified":"2023-11-08T22:30:55","modified_gmt":"2023-11-09T04:30:55","slug":"cafetaleros-amagan-con-protesta","status":"publish","type":"post","link":"https:\/\/politicosaldesnudo.com.mx\/index.php\/2023\/11\/08\/cafetaleros-amagan-con-protesta\/","title":{"rendered":"Cafetaleros amagan con protesta"},"content":{"rendered":"<p><span style=\"font-size: 14pt;\">Xalapa.- <\/span><span style=\"font-size: 14pt;\">Cafetaleros de Veracruz se organizan para viajar a la Ciudad de M\u00e9xico y manifestarse durante la conferencia \u201cma\u00f1anera\u201d, para demandar acciones urgentes por parte del gobierno federal y estatal que apoyen al sector productivo, as\u00ed lo dio a conocer el asesor general de la Coordinadora Nacional de Organizaciones Cafetaleras (CNOC), Fernando Celis Callejas.<\/span><\/p>\n<p><span style=\"font-size: 14pt;\">Y es que a decir del declarante, los gobiernos contin\u00faan favoreciendo a las empresas transnacionales que desplazan a los peque\u00f1os productores, enfatizando que tambi\u00e9n la ca\u00edda de precios afecta considerablemente al sector productivo.<\/span><\/p>\n<p><span style=\"font-size: 14pt;\">Mencion\u00f3 que pese a haber externado ya esta situaci\u00f3n en reiteradas ocasiones, hasta ahora no han logrado acuerdos con las autoridades de la Secretar\u00eda de Agricultura y Desarrollo Rural (Sader).<\/span><\/p>\n<p><span style=\"font-size: 14pt;\">Incluso, Celis Callejas consider\u00f3 que los cafetaleros de Veracruz est\u00e1n siendo ignorados por la dependencia federal y, por este motivo, planean manifestarse en Palacio Nacional, en pr\u00f3ximos d\u00edas.<\/span><\/p>\n<p><span style=\"font-size: 14pt;\">Record\u00f3 que las empresas transnacionales, como Nestl\u00e9, contin\u00faan acaparando el mercado cafetalero.<\/span><\/p>\n<p><img data-recalc-dims=\"1\" loading=\"lazy\" decoding=\"async\" class=\"aligncenter size-full wp-image-25577\" src=\"https:\/\/i0.wp.com\/politicosaldesnudo.com.mx\/wp-content\/uploads\/2023\/11\/9a-1.jpg?resize=659%2C509&#038;ssl=1\" alt=\"\" width=\"659\" height=\"509\" srcset=\"https:\/\/i0.wp.com\/politicosaldesnudo.com.mx\/wp-content\/uploads\/2023\/11\/9a-1.jpg?w=659&amp;ssl=1 659w, https:\/\/i0.wp.com\/politicosaldesnudo.com.mx\/wp-content\/uploads\/2023\/11\/9a-1.jpg?resize=300%2C232&amp;ssl=1 300w\" sizes=\"auto, (max-width: 659px) 100vw, 659px\" \/><\/p>\n<p><span style=\"font-size: 14pt;\">\u201cEl caf\u00e9 es muy apreciado, tiene valor, lo que no tiene es precio, pero ese mismo caf\u00e9 que te vend\u00edan en pergamino a 4 mil 200 pesos, ahora te dan 2 mil pesos, parece cuesti\u00f3n de mafia\u201d.<\/span><\/p>\n<p><span style=\"font-size: 14pt;\">Fernando Celis enfatiz\u00f3 que el precio del caf\u00e9 no debe cotizarse con base en la bolsa; sin embargo, las compa\u00f1\u00edas no quieren cambiar el criterio y el gobierno \u201cparece estar desaparecido\u201d.<\/span><\/p>\n<p><span style=\"font-size: 14pt;\">Cabe recordar que los cafetaleros protestaron el pasado lunes 6 de noviembre frente al Palacio de Gobierno, donde exigieron el pago de una compensaci\u00f3n por la ca\u00edda de los precios del caf\u00e9.<\/span><\/p>\n","protected":false},"excerpt":{"rendered":"<p>Xalapa.- Cafetaleros de Veracruz se organizan para viajar a la Ciudad de M\u00e9xico y manifestarse durante la conferencia \u201cma\u00f1anera\u201d, para<\/p>\n","protected":false},"author":4,"featured_media":25578,"comment_status":"closed","ping_status":"closed","sticky":false,"template":"","format":"standard","meta":{"colormag_page_container_layout":"default_layout","colormag_page_sidebar_layout":"default_layout","_jetpack_memberships_contains_paid_content":false,"footnotes":"","jetpack_publicize_message":"","jetpack_publicize_feature_enabled":true,"jetpack_social_post_already_shared":false,"jetpack_social_options":{"image_generator_settings":{"template":"highway","default_image_id":0,"font":"","enabled":false},"version":2}},"categories":[30],"tags":[],"class_list":["post-25576","post","type-post","status-publish","format-standard","has-post-thumbnail","hentry","category-estados"],"jetpack_publicize_connections":[],"jetpack_featured_media_url":"https:\/\/i0.wp.com\/politicosaldesnudo.com.mx\/wp-content\/uploads\/2023\/11\/9a1-1.jpg?fit=1024%2C768&ssl=1","jetpack-related-posts":[],"jetpack_sharing_enabled":true,"_links":{"self":[{"href":"https:\/\/politicosaldesnudo.com.mx\/index.php\/wp-json\/wp\/v2\/posts\/25576","targetHints":{"allow":["GET"]}}],"collection":[{"href":"https:\/\/politicosaldesnudo.com.mx\/index.php\/wp-json\/wp\/v2\/posts"}],"about":[{"href":"https:\/\/politicosaldesnudo.com.mx\/index.php\/wp-json\/wp\/v2\/types\/post"}],"author":[{"embeddable":true,"href":"https:\/\/politicosaldesnudo.com.mx\/index.php\/wp-json\/wp\/v2\/users\/4"}],"replies":[{"embeddable":true,"href":"https:\/\/politicosaldesnudo.com.mx\/index.php\/wp-json\/wp\/v2\/comments?post=25576"}],"version-history":[{"count":0,"href":"https:\/\/politicosaldesnudo.com.mx\/index.php\/wp-json\/wp\/v2\/posts\/25576\/revisions"}],"wp:featuredmedia":[{"embeddable":true,"href":"https:\/\/politicosaldesnudo.com.mx\/index.php\/wp-json\/wp\/v2\/media\/25578"}],"wp:attachment":[{"href":"https:\/\/politicosaldesnudo.com.mx\/index.php\/wp-json\/wp\/v2\/media?parent=25576"}],"wp:term":[{"taxonomy":"category","embeddable":true,"href":"https:\/\/politicosaldesnudo.com.mx\/index.php\/wp-json\/wp\/v2\/categories?post=25576"},{"taxonomy":"post_tag","embeddable":true,"href":"https:\/\/politicosaldesnudo.com.mx\/index.php\/wp-json\/wp\/v2\/tags?post=25576"}],"curies":[{"name":"wp","href":"https:\/\/api.w.org\/{rel}","templated":true}]}}