{"id":25628,"date":"2023-11-10T08:37:25","date_gmt":"2023-11-10T14:37:25","guid":{"rendered":"https:\/\/politicosaldesnudo.com.mx\/?p=25628"},"modified":"2023-11-10T08:49:58","modified_gmt":"2023-11-10T14:49:58","slug":"comienza-oficialmente-la-sucesion-en-veracruz","status":"publish","type":"post","link":"https:\/\/politicosaldesnudo.com.mx\/index.php\/2023\/11\/10\/comienza-oficialmente-la-sucesion-en-veracruz\/","title":{"rendered":"Comienza oficialmente la sucesi\u00f3n en Veracruz"},"content":{"rendered":"<p><strong><span style=\"font-size: 14pt;\">Por: Luis Ram\u00edrez Baqueiro<\/span><\/strong><\/p>\n<p><span style=\"font-size: 12pt;\"><em>\u201cLa ambici\u00f3n es el \u00faltimo refugio del fracaso.\u201d \u2013 Oscar Wilde.<\/em><\/span><\/p>\n<p><span style=\"font-size: 14pt;\">Este jueves 9 de noviembre comenz\u00f3 oficialmente la sucesi\u00f3n gubernamental en Veracruz.<\/span><\/p>\n<p><span style=\"font-size: 14pt;\">La vara que tendr\u00e1 que saltar el \u00f3rgano responsable de llevar a cabo el proceso electoral en la entidad qued\u00f3 muy alta ante el trabajo desarrollado por el anterior Consejo General del Organismo P\u00fablico Local Electoral (Ople) qui\u00e9n tuvo que transitar del otrora poderoso r\u00e9gimen priista, a la alternancia panista bianual, y nuevamente el cambio de r\u00e9gimen con la llegada de la 4T.<\/span><\/p>\n<p><span style=\"font-size: 14pt;\">Hoy el escenario que enfrentar\u00e1 este organismo a cargo de Marisol Delgadillo Morales ser\u00e1 de una entidad polarizada y sumamente dividida, en la que la llamada a la cordura y civilidad pol\u00edtica ser\u00e1 seguramente la principal carta de presentaci\u00f3n del organismo.<\/span><\/p>\n<p><span style=\"font-size: 14pt;\">Esa polarizaci\u00f3n y estridencia parece que tambi\u00e9n se habr\u00e1 de sentir en los partidos pol\u00edticos que al menos hasta este viernes no han definido en lo local qui\u00e9nes ser\u00e1n sus candidatos para suceder a Cuitl\u00e1huac Garc\u00eda Jim\u00e9nez.<\/span><\/p>\n<p><span style=\"font-size: 14pt;\">Al menos este viernes, se tendr\u00e1 a la primera de estos candidatos en la persona de la ingeniero Roc\u00edo Nahle Garc\u00eda quien ser\u00e1 la coordinador de los Comit\u00e9s de Defensa de la Cuarta Transformaci\u00f3n revelan fuentes bien enteradas en la Dirigencia Nacional de Morena los destinos de ese partido en Veracruz.<\/span><\/p>\n<p><span style=\"font-size: 14pt;\">En el camino quedar\u00e1n Manuel Huerta Ladr\u00f3n de Guevara que ser\u00e1 senador como compensaci\u00f3n a su esfuerzo, acompa\u00f1ado de Claudia Tello quien ser\u00e1 la f\u00f3rmula senatorial por Veracruz.<\/span><\/p>\n<p><span style=\"font-size: 14pt;\">De igual manera Zenyanzen Escobar Garc\u00eda pasar\u00e1 a engrosar la lista plurinominal de Senadores.<\/span><\/p>\n<p><span style=\"font-size: 14pt;\">En el caso de Sergio Guti\u00e9rrez Luna repetir\u00eda como diputado federal y el poeta, escritor y defensor de los afromexicanos veracruzanos, si no es expulsado de Morena por sus presuntos enjuagues con la delincuencia o con opositores, podr\u00eda afirman llegar a una curul en San L\u00e1zaro entre los 500 diputados, pero eso a\u00fan no estar\u00eda definido.<\/span><\/p>\n<p><span style=\"font-size: 14pt;\">Del otro lado, en el tan anhelado Frente Amplio por Veracruz (FAV) se espera que las definiciones lleguen lo m\u00e1s pronto posible.<\/span><\/p>\n<p><span style=\"font-size: 14pt;\">La disputa entre priistas, panistas y uno que otro colado del PRD, ser\u00e1 con lo que la ciudadan\u00eda habr\u00e1 de participar en la esperanza de darle un cambio de rumbo a la pol\u00edtica transformadora de la 4T.<\/span><\/p>\n<p><span style=\"font-size: 14pt;\">Entre ellos, el mejor y m\u00e1s preparado seguir\u00e1 siendo Jos\u00e9 Francisco Yunes Zorrilla, al menos en su formaci\u00f3n y preparaci\u00f3n acad\u00e9mica y pol\u00edtica; detr\u00e1s empuja H\u00e9ctor Yunes Landa, tambi\u00e9n con muchos a\u00f1os de experiencia; Julen Rementer\u00eda del Puerto el \u00fanico panista desligado del sello Yunes, pues hasta el momento el \u00fanico del clan boque\u00f1o ser\u00eda Fernando Yunes M\u00e1rquez, y el ex panista y ex candidato independiente, Juan Bueno Torio quienes conforman el llamado ya Club de Tobby.<\/span><\/p>\n<p><span style=\"font-size: 14pt;\">Ah\u00ed mismo seguir\u00e1n alzando la mano las legisladoras Lorena Pi\u00f1\u00f3n Rivera, hoy ungida secretar\u00eda General del PRI Estatal, por la dedocracia que practica su amigo Alejandro \u201cAlito\u201d Moreno, mientras en la fila tambi\u00e9n estar\u00e1 Anil\u00fa Ingram Vallines, la alcaldesa de Veracruz, Patricia Lobeira Rodr\u00edguez.<\/span><\/p>\n<p><span style=\"font-size: 14pt;\">Ya se ver\u00e1 que suceder\u00e1, pero seguramente la definici\u00f3n vendr\u00e1 de la recomendaci\u00f3n que har\u00e1 X\u00f3chitl Galv\u00e9z, quien tiene amplia cercan\u00eda con cuatro personajes, el primero su coordinador parlamentario Julen Rementer\u00eda del Puerto, segundo Juan Bueno Torio ex compa\u00f1ero de gabinete en tiempos de Vicente Fox, y con Jos\u00e9 Francisco Yunes Zorrilla por la cercan\u00eda de este \u00faltimo con Jos\u00e9 Antonio Meade ex compa\u00f1ero de gabinete y la \u00faltima la diputada local Anil\u00fa Ingram a quien conoci\u00f3 y trab\u00f3 gran amistad porque juntas armaron la propuesta que hoy es Ley para garantizar seguridad social a las amas de casa y trabajadoras del hogar.<\/span><\/p>\n<p><span style=\"font-size: 14pt;\">Los que saben de esto afirman que por ah\u00ed pudiera venir la sorpresa. \u00bfSer\u00e1?<\/span><\/p>\n<p><span style=\"font-size: 14pt;\">\u00a0Al tiempo.<\/span><\/p>\n<p>&nbsp;<\/p>\n<p><img data-recalc-dims=\"1\" loading=\"lazy\" decoding=\"async\" class=\"aligncenter size-full wp-image-25429\" src=\"https:\/\/i0.wp.com\/politicosaldesnudo.com.mx\/wp-content\/uploads\/2023\/11\/FIRMA-EDITORIAL-PD.jpg?resize=800%2C98&#038;ssl=1\" alt=\"\" width=\"800\" height=\"98\" srcset=\"https:\/\/i0.wp.com\/politicosaldesnudo.com.mx\/wp-content\/uploads\/2023\/11\/FIRMA-EDITORIAL-PD.jpg?w=1024&amp;ssl=1 1024w, https:\/\/i0.wp.com\/politicosaldesnudo.com.mx\/wp-content\/uploads\/2023\/11\/FIRMA-EDITORIAL-PD.jpg?resize=300%2C37&amp;ssl=1 300w, https:\/\/i0.wp.com\/politicosaldesnudo.com.mx\/wp-content\/uploads\/2023\/11\/FIRMA-EDITORIAL-PD.jpg?resize=768%2C94&amp;ssl=1 768w\" sizes=\"auto, (max-width: 800px) 100vw, 800px\" \/><\/p>\n","protected":false},"excerpt":{"rendered":"<p>Por: Luis Ram\u00edrez Baqueiro \u201cLa ambici\u00f3n es el \u00faltimo refugio del fracaso.\u201d \u2013 Oscar Wilde. Este jueves 9 de noviembre<\/p>\n","protected":false},"author":4,"featured_media":4390,"comment_status":"closed","ping_status":"closed","sticky":false,"template":"","format":"standard","meta":{"colormag_page_container_layout":"default_layout","colormag_page_sidebar_layout":"default_layout","_jetpack_memberships_contains_paid_content":false,"footnotes":"","jetpack_publicize_message":"","jetpack_publicize_feature_enabled":true,"jetpack_social_post_already_shared":false,"jetpack_social_options":{"image_generator_settings":{"template":"highway","default_image_id":0,"font":"","enabled":false},"version":2}},"categories":[26],"tags":[],"class_list":["post-25628","post","type-post","status-publish","format-standard","has-post-thumbnail","hentry","category-columnistas"],"jetpack_publicize_connections":[],"jetpack_featured_media_url":"https:\/\/i0.wp.com\/politicosaldesnudo.com.mx\/wp-content\/uploads\/2022\/04\/LUIS-RAMI%CC%81REZ-BAQUEIRO.png?fit=1816%2C1016&ssl=1","jetpack-related-posts":[],"jetpack_sharing_enabled":true,"_links":{"self":[{"href":"https:\/\/politicosaldesnudo.com.mx\/index.php\/wp-json\/wp\/v2\/posts\/25628","targetHints":{"allow":["GET"]}}],"collection":[{"href":"https:\/\/politicosaldesnudo.com.mx\/index.php\/wp-json\/wp\/v2\/posts"}],"about":[{"href":"https:\/\/politicosaldesnudo.com.mx\/index.php\/wp-json\/wp\/v2\/types\/post"}],"author":[{"embeddable":true,"href":"https:\/\/politicosaldesnudo.com.mx\/index.php\/wp-json\/wp\/v2\/users\/4"}],"replies":[{"embeddable":true,"href":"https:\/\/politicosaldesnudo.com.mx\/index.php\/wp-json\/wp\/v2\/comments?post=25628"}],"version-history":[{"count":0,"href":"https:\/\/politicosaldesnudo.com.mx\/index.php\/wp-json\/wp\/v2\/posts\/25628\/revisions"}],"wp:featuredmedia":[{"embeddable":true,"href":"https:\/\/politicosaldesnudo.com.mx\/index.php\/wp-json\/wp\/v2\/media\/4390"}],"wp:attachment":[{"href":"https:\/\/politicosaldesnudo.com.mx\/index.php\/wp-json\/wp\/v2\/media?parent=25628"}],"wp:term":[{"taxonomy":"category","embeddable":true,"href":"https:\/\/politicosaldesnudo.com.mx\/index.php\/wp-json\/wp\/v2\/categories?post=25628"},{"taxonomy":"post_tag","embeddable":true,"href":"https:\/\/politicosaldesnudo.com.mx\/index.php\/wp-json\/wp\/v2\/tags?post=25628"}],"curies":[{"name":"wp","href":"https:\/\/api.w.org\/{rel}","templated":true}]}}