{"id":25630,"date":"2023-11-10T08:39:40","date_gmt":"2023-11-10T14:39:40","guid":{"rendered":"https:\/\/politicosaldesnudo.com.mx\/?p=25630"},"modified":"2023-11-10T08:39:40","modified_gmt":"2023-11-10T14:39:40","slug":"una-candidatura-desde-la-derrota","status":"publish","type":"post","link":"https:\/\/politicosaldesnudo.com.mx\/index.php\/2023\/11\/10\/una-candidatura-desde-la-derrota\/","title":{"rendered":"Una candidatura desde la derrota"},"content":{"rendered":"<p><strong><span style=\"font-size: 14pt;\">Por Aurelio Contreras Moreno<\/span><\/strong><\/p>\n<p><span style=\"font-size: 14pt;\">Como se previ\u00f3 en este mismo espacio, Morena busc\u00f3 una salida para ungir a Roc\u00edo Nahle como su virtual candidata a la gubernatura de Veracruz, aun cuando no gan\u00f3 la encuesta interna para ser nombrada \u201ccoordinadora estatal de defensa de la transformaci\u00f3n\u201d.<\/span><\/p>\n<p><span style=\"font-size: 14pt;\">La tarde de este jueves, la Comisi\u00f3n Nacional de Elecciones de Morena difundi\u00f3 un acuerdo en el que se decidi\u00f3 que \u201csi los resultados de los procesos internos de organizaci\u00f3n arrojan un n\u00famero mayor de hombres que ponga en riesgo\u201d el \u201cequilibrio de g\u00e9nero\u201d, el \u00f3rgano partidista competente realizar\u00e1 \u201clos ajustes necesarios para que se cumpla con la paridad de g\u00e9nero con las mujeres mejor posicionadas en las encuestas\u201d.<\/span><\/p>\n<p><span style=\"font-size: 14pt;\">Dicho de otra manera. En varias entidades fueron hombres los que ganaron las encuestas y Veracruz, hasta donde se sabe, es una de \u00e9stas. As\u00ed que por \u201cdedazo\u201d, la dirigencia nacional de Morena determinar\u00e1 a quien sea finalmente la candidata, tomando como base \u2013y salida de emergencia- el acuerdo de paridad de g\u00e9nero aprobado por el INE y ratificado por el Tribunal Electoral del Poder Judicial de la Federaci\u00f3n, que mandata que sean postuladas cinco mujeres como candidatas a las gubernaturas en 2024.<\/span><\/p>\n<p><span style=\"font-size: 14pt;\">Hasta ah\u00ed, todo bien. Empero, si nos atenemos a lo que se filtr\u00f3 a medios, la de Nahle Garc\u00eda ni siquiera fue una candidatura interna competitiva, pues habr\u00eda sido relegada al tercer lugar en todas las mediciones. \u00bfQu\u00e9 les pueden ofrecer a los que no solo ganaron, sino que lo hicieron de calle? Pues darles \u201cpremios de consolaci\u00f3n\u201d en forma de plurinominales.<\/span><\/p>\n<p><span style=\"font-size: 14pt;\">El acuerdo morenista para salvar su tramposo proceso interno se\u00f1ala que en una valoraci\u00f3n preliminar, se considera que \u201chay perfiles relevantes que aspiran a las coordinaciones respectivas. Asimismo, el trabajo organizativo interno es de una magnitud que requiere de liderazgos que coadyuven con nuestros objetivos en cada una de las entidades federativas. Por tanto, para consolidar nuestra estrategia pol\u00edtica interna, se considera procedente designar a las personas que coordinen la defensa del federalismo en el primer lugar en cada entidad federativa en los t\u00e9rminos y condiciones aqu\u00ed establecidos\u201d.<\/span><\/p>\n<p><span style=\"font-size: 14pt;\">El acuerdo para concretar la designaci\u00f3n por encima de la encuesta ofrece a \u201clos aspirantes mejor posicionados en los resultados de los procesos internos de organizaci\u00f3n en las entidades federativas de Chiapas, Ciudad de M\u00e9xico, Guanajuato, Jalisco, Morelos, Puebla, Tabasco, Veracruz y Yucat\u00e1n, que por un eventual ajuste de g\u00e9nero no sean designados en la coordinaci\u00f3n de defensa de la transformaci\u00f3n, podr\u00e1n optar por ser designados de manera directa como \u2018coordinadores de la defensa del federalismo\u2019 en sus entidades en el primer lugar\u201d.<\/span><\/p>\n<p><span style=\"font-size: 14pt;\">Esto no es otra cosa que un canje de una candidatura a gobernador por una al Senado, a una diputaci\u00f3n federal o una diputaci\u00f3n local a trav\u00e9s del m\u00e1s priista de los m\u00e9todos: el \u201cdedazo\u201d.<\/span><\/p>\n<p><span style=\"font-size: 14pt;\">El mismo acuerdo agrega que \u201cen las dem\u00e1s entidades federativas, las personas aspirantes que se posicionen en el segundo lugar en las preferencias para representar a Morena en el resultado de las encuestas, sin importar el g\u00e9nero, podr\u00e1n optar por ser designadas de manera directa como coordinadoras o coordinadores de la defensa del federalismo en sus entidades federativas en el primer lugar\u201d, con lo cual, le ofrecen espacios pol\u00edticos a quienes hayan quedado en segundo lugar en el proceso interno, pero por encima de quien termine llev\u00e1ndose la postulaci\u00f3n.<\/span><\/p>\n<p><span style=\"font-size: 14pt;\">Con esta pseudo \u201csalom\u00f3nica\u201d decisi\u00f3n, Morena busca repartir las migajas de un pastel mordisqueado entre quienes entraron a un juego en el que las y los ganadores estaban definidos de antemano. No es sino la confirmaci\u00f3n de la simulaci\u00f3n antidemocr\u00e1tica de un partido donde ni la voz de sus militantes cuenta. Menos, la de los ciudadanos.<\/span><\/p>\n<p><span style=\"font-size: 14pt;\">Roc\u00edo Nahle ser\u00e1 la candidata de Morena a la gubernatura de Veracruz sin ser veracruzana. Y por si fuera poco, partiendo desde la derrota. P\u00e9simo augurio sobre lo que estar\u00e1n dispuestos a hacer para quedarse en el poder.<\/span><\/p>\n<p><img data-recalc-dims=\"1\" loading=\"lazy\" decoding=\"async\" class=\"aligncenter size-full wp-image-25429\" src=\"https:\/\/i0.wp.com\/politicosaldesnudo.com.mx\/wp-content\/uploads\/2023\/11\/FIRMA-EDITORIAL-PD.jpg?resize=800%2C98&#038;ssl=1\" alt=\"\" width=\"800\" height=\"98\" srcset=\"https:\/\/i0.wp.com\/politicosaldesnudo.com.mx\/wp-content\/uploads\/2023\/11\/FIRMA-EDITORIAL-PD.jpg?w=1024&amp;ssl=1 1024w, https:\/\/i0.wp.com\/politicosaldesnudo.com.mx\/wp-content\/uploads\/2023\/11\/FIRMA-EDITORIAL-PD.jpg?resize=300%2C37&amp;ssl=1 300w, https:\/\/i0.wp.com\/politicosaldesnudo.com.mx\/wp-content\/uploads\/2023\/11\/FIRMA-EDITORIAL-PD.jpg?resize=768%2C94&amp;ssl=1 768w\" sizes=\"auto, (max-width: 800px) 100vw, 800px\" \/><\/p>\n","protected":false},"excerpt":{"rendered":"<p>Por Aurelio Contreras Moreno Como se previ\u00f3 en este mismo espacio, Morena busc\u00f3 una salida para ungir a Roc\u00edo Nahle<\/p>\n","protected":false},"author":4,"featured_media":4397,"comment_status":"closed","ping_status":"closed","sticky":false,"template":"","format":"standard","meta":{"colormag_page_container_layout":"default_layout","colormag_page_sidebar_layout":"default_layout","_jetpack_memberships_contains_paid_content":false,"footnotes":"","jetpack_publicize_message":"","jetpack_publicize_feature_enabled":true,"jetpack_social_post_already_shared":false,"jetpack_social_options":{"image_generator_settings":{"template":"highway","default_image_id":0,"font":"","enabled":false},"version":2}},"categories":[26],"tags":[],"class_list":["post-25630","post","type-post","status-publish","format-standard","has-post-thumbnail","hentry","category-columnistas"],"jetpack_publicize_connections":[],"jetpack_featured_media_url":"https:\/\/i0.wp.com\/politicosaldesnudo.com.mx\/wp-content\/uploads\/2022\/04\/AURELIO-CONTRERAS-MORENO-1.png?fit=1816%2C1016&ssl=1","jetpack-related-posts":[],"jetpack_sharing_enabled":true,"_links":{"self":[{"href":"https:\/\/politicosaldesnudo.com.mx\/index.php\/wp-json\/wp\/v2\/posts\/25630","targetHints":{"allow":["GET"]}}],"collection":[{"href":"https:\/\/politicosaldesnudo.com.mx\/index.php\/wp-json\/wp\/v2\/posts"}],"about":[{"href":"https:\/\/politicosaldesnudo.com.mx\/index.php\/wp-json\/wp\/v2\/types\/post"}],"author":[{"embeddable":true,"href":"https:\/\/politicosaldesnudo.com.mx\/index.php\/wp-json\/wp\/v2\/users\/4"}],"replies":[{"embeddable":true,"href":"https:\/\/politicosaldesnudo.com.mx\/index.php\/wp-json\/wp\/v2\/comments?post=25630"}],"version-history":[{"count":0,"href":"https:\/\/politicosaldesnudo.com.mx\/index.php\/wp-json\/wp\/v2\/posts\/25630\/revisions"}],"wp:featuredmedia":[{"embeddable":true,"href":"https:\/\/politicosaldesnudo.com.mx\/index.php\/wp-json\/wp\/v2\/media\/4397"}],"wp:attachment":[{"href":"https:\/\/politicosaldesnudo.com.mx\/index.php\/wp-json\/wp\/v2\/media?parent=25630"}],"wp:term":[{"taxonomy":"category","embeddable":true,"href":"https:\/\/politicosaldesnudo.com.mx\/index.php\/wp-json\/wp\/v2\/categories?post=25630"},{"taxonomy":"post_tag","embeddable":true,"href":"https:\/\/politicosaldesnudo.com.mx\/index.php\/wp-json\/wp\/v2\/tags?post=25630"}],"curies":[{"name":"wp","href":"https:\/\/api.w.org\/{rel}","templated":true}]}}