{"id":25757,"date":"2023-11-13T16:31:12","date_gmt":"2023-11-13T22:31:12","guid":{"rendered":"https:\/\/politicosaldesnudo.com.mx\/?p=25757"},"modified":"2023-11-13T16:31:12","modified_gmt":"2023-11-13T22:31:12","slug":"18-y-19-de-noviembre-se-realizara-la-regata-nacional-de-canotaje-tuxpan-2023","status":"publish","type":"post","link":"https:\/\/politicosaldesnudo.com.mx\/index.php\/2023\/11\/13\/18-y-19-de-noviembre-se-realizara-la-regata-nacional-de-canotaje-tuxpan-2023\/","title":{"rendered":"18 y 19 de noviembre se realizar\u00e1 la Regata Nacional de Canotaje Tuxpan 2023"},"content":{"rendered":"<p><span style=\"font-size: 14pt;\">Tuxpan, Ver.- Nuestro municipio ser\u00e1 sede de la \u201cXXXI Regata Nacional de Canotaje Tuxpan 2023\u201d, que se realizar\u00e1 el s\u00e1bado 18 y el domingo 19 de noviembre.<\/span><\/p>\n<p><span style=\"font-size: 14pt;\">Este evento, que es uno de los m\u00e1s importantes en todo el pa\u00eds, reunir\u00e1 alrededor de 250 cano\u00edstas y kayakistas provenientes de clubes de 12 estados de la rep\u00fablica mexicana.<\/span><\/p>\n<p><img data-recalc-dims=\"1\" loading=\"lazy\" decoding=\"async\" class=\"aligncenter size-full wp-image-25758\" src=\"https:\/\/i0.wp.com\/politicosaldesnudo.com.mx\/wp-content\/uploads\/2023\/11\/PARA-BOL-TX.jpeg?resize=784%2C960&#038;ssl=1\" alt=\"\" width=\"784\" height=\"960\" srcset=\"https:\/\/i0.wp.com\/politicosaldesnudo.com.mx\/wp-content\/uploads\/2023\/11\/PARA-BOL-TX.jpeg?w=784&amp;ssl=1 784w, https:\/\/i0.wp.com\/politicosaldesnudo.com.mx\/wp-content\/uploads\/2023\/11\/PARA-BOL-TX.jpeg?resize=245%2C300&amp;ssl=1 245w, https:\/\/i0.wp.com\/politicosaldesnudo.com.mx\/wp-content\/uploads\/2023\/11\/PARA-BOL-TX.jpeg?resize=768%2C940&amp;ssl=1 768w\" sizes=\"auto, (max-width: 784px) 100vw, 784px\" \/><\/p>\n<p><span style=\"font-size: 14pt;\">Entre las delegaciones participantes se encuentran Veracruz, Jalisco, Quer\u00e9taro, Durango, Tamaulipas y Estado de M\u00e9xico.<\/span><\/p>\n<p><span style=\"font-size: 14pt;\">Asimismo, el Club de Canotaje Tuxpan, que busca superar el resultado del a\u00f1o pasado en el que obtuvieron el tercer puesto en el medallero.<\/span><\/p>\n<p><span style=\"font-size: 14pt;\">Las competencias iniciar\u00e1n a las 8:00 de la ma\u00f1ana en la pista de canotaje ubicada en Santiago de la Pe\u00f1a, a un lado del Museo de la Hermandad M\u00e9xico-Cuba. La entrada es completamente gratuita.<\/span><\/p>\n","protected":false},"excerpt":{"rendered":"<p>Tuxpan, Ver.- Nuestro municipio ser\u00e1 sede de la \u201cXXXI Regata Nacional de Canotaje Tuxpan 2023\u201d, que se realizar\u00e1 el s\u00e1bado<\/p>\n","protected":false},"author":4,"featured_media":25759,"comment_status":"closed","ping_status":"closed","sticky":false,"template":"","format":"standard","meta":{"colormag_page_container_layout":"default_layout","colormag_page_sidebar_layout":"default_layout","_jetpack_memberships_contains_paid_content":false,"footnotes":"","jetpack_publicize_message":"","jetpack_publicize_feature_enabled":true,"jetpack_social_post_already_shared":false,"jetpack_social_options":{"image_generator_settings":{"template":"highway","default_image_id":0,"font":"","enabled":false},"version":2}},"categories":[1082],"tags":[],"class_list":["post-25757","post","type-post","status-publish","format-standard","has-post-thumbnail","hentry","category-tuxpan"],"jetpack_publicize_connections":[],"jetpack_featured_media_url":"https:\/\/i0.wp.com\/politicosaldesnudo.com.mx\/wp-content\/uploads\/2023\/11\/tuxpan-obtuvo-tercer-lugar-en-regata-nacional-de-canotaje-16540.jpeg?fit=800%2C600&ssl=1","jetpack-related-posts":[],"jetpack_sharing_enabled":true,"_links":{"self":[{"href":"https:\/\/politicosaldesnudo.com.mx\/index.php\/wp-json\/wp\/v2\/posts\/25757","targetHints":{"allow":["GET"]}}],"collection":[{"href":"https:\/\/politicosaldesnudo.com.mx\/index.php\/wp-json\/wp\/v2\/posts"}],"about":[{"href":"https:\/\/politicosaldesnudo.com.mx\/index.php\/wp-json\/wp\/v2\/types\/post"}],"author":[{"embeddable":true,"href":"https:\/\/politicosaldesnudo.com.mx\/index.php\/wp-json\/wp\/v2\/users\/4"}],"replies":[{"embeddable":true,"href":"https:\/\/politicosaldesnudo.com.mx\/index.php\/wp-json\/wp\/v2\/comments?post=25757"}],"version-history":[{"count":0,"href":"https:\/\/politicosaldesnudo.com.mx\/index.php\/wp-json\/wp\/v2\/posts\/25757\/revisions"}],"wp:featuredmedia":[{"embeddable":true,"href":"https:\/\/politicosaldesnudo.com.mx\/index.php\/wp-json\/wp\/v2\/media\/25759"}],"wp:attachment":[{"href":"https:\/\/politicosaldesnudo.com.mx\/index.php\/wp-json\/wp\/v2\/media?parent=25757"}],"wp:term":[{"taxonomy":"category","embeddable":true,"href":"https:\/\/politicosaldesnudo.com.mx\/index.php\/wp-json\/wp\/v2\/categories?post=25757"},{"taxonomy":"post_tag","embeddable":true,"href":"https:\/\/politicosaldesnudo.com.mx\/index.php\/wp-json\/wp\/v2\/tags?post=25757"}],"curies":[{"name":"wp","href":"https:\/\/api.w.org\/{rel}","templated":true}]}}