{"id":25799,"date":"2023-11-14T18:32:59","date_gmt":"2023-11-15T00:32:59","guid":{"rendered":"https:\/\/politicosaldesnudo.com.mx\/?p=25799"},"modified":"2023-11-14T18:37:43","modified_gmt":"2023-11-15T00:37:43","slug":"viaja-por-la-galaxia-con-los-planetas-de-holst-en-la-osx","status":"publish","type":"post","link":"https:\/\/politicosaldesnudo.com.mx\/index.php\/2023\/11\/14\/viaja-por-la-galaxia-con-los-planetas-de-holst-en-la-osx\/","title":{"rendered":"Viaja por la galaxia con \u201cLos Planetas\u201d de Holst en la OSX"},"content":{"rendered":"<ul>\n<li>Con la participaci\u00f3n del Coro Universidad Veracruzana y Camerata Coral FMUV<\/li>\n<li>Jeffery Mayer, Director Invitado<\/li>\n<\/ul>\n<p>Xalapa, Ver. 14 de noviembre de 2023. La Orquesta Sinf\u00f3nica de Xalapa te invita a un viaje musical muy especial en los confines de nuestro sistema solar con la mundialmente reconocida obra: \u201cLos Planetas\u201d de Gustav Holst. Adem\u00e1s, la interpretaci\u00f3n de \u201cConcertino Cusque\u00f1o\u201d de Gabriela Lena Frank. Con la participaci\u00f3n del Coro de la Universidad Veracruzana, dirigido por Humberto Robles; y la Camerata Coral de la Facultad de M\u00fasica UV, dirigida por Noel Josafat.<\/p>\n<p><img data-recalc-dims=\"1\" loading=\"lazy\" decoding=\"async\" class=\"aligncenter size-large wp-image-25804\" src=\"https:\/\/i0.wp.com\/politicosaldesnudo.com.mx\/wp-content\/uploads\/2023\/11\/Planetas-4849-1024x683.jpg?resize=800%2C534&#038;ssl=1\" alt=\"\" width=\"800\" height=\"534\" srcset=\"https:\/\/i0.wp.com\/politicosaldesnudo.com.mx\/wp-content\/uploads\/2023\/11\/Planetas-4849-scaled.jpg?resize=1024%2C683&amp;ssl=1 1024w, https:\/\/i0.wp.com\/politicosaldesnudo.com.mx\/wp-content\/uploads\/2023\/11\/Planetas-4849-scaled.jpg?resize=300%2C200&amp;ssl=1 300w, https:\/\/i0.wp.com\/politicosaldesnudo.com.mx\/wp-content\/uploads\/2023\/11\/Planetas-4849-scaled.jpg?resize=768%2C512&amp;ssl=1 768w, https:\/\/i0.wp.com\/politicosaldesnudo.com.mx\/wp-content\/uploads\/2023\/11\/Planetas-4849-scaled.jpg?resize=1536%2C1024&amp;ssl=1 1536w, https:\/\/i0.wp.com\/politicosaldesnudo.com.mx\/wp-content\/uploads\/2023\/11\/Planetas-4849-scaled.jpg?resize=2048%2C1365&amp;ssl=1 2048w, https:\/\/i0.wp.com\/politicosaldesnudo.com.mx\/wp-content\/uploads\/2023\/11\/Planetas-4849-scaled.jpg?w=1600&amp;ssl=1 1600w, https:\/\/i0.wp.com\/politicosaldesnudo.com.mx\/wp-content\/uploads\/2023\/11\/Planetas-4849-scaled.jpg?w=2400&amp;ssl=1 2400w\" sizes=\"auto, (max-width: 800px) 100vw, 800px\" \/><br \/>\nBajo la batuta de Jeffery Mayer, director invitado.<br \/>\nEste concierto se realizar\u00e1 el viernes 17 de noviembre a las 20:00 h, acorde al nuevo horario de la OSX.<br \/>\nSe trata de una obra para gran orquesta sinf\u00f3nica, con una duraci\u00f3n aproximada de 10 minutos y escrita en un solo movimiento. Est\u00e1 dedicada a su sobrino Alexander Michael Frank, nacido en Filadelfia el 25 de febrero de 2011. Llama poderosamente la atenci\u00f3n que en el t\u00edtulo interact\u00faan un t\u00e9rmino propio del \u00e1mbito acad\u00e9mico musical, como lo es el concertino, en conjunto con la geograf\u00eda y cultura peruanas. El t\u00e9rmino adquiere su sentido musical en esta composici\u00f3n debido al uso sol\u00edstico de los int\u00e9rpretes principales de cada secci\u00f3n de las cuerdas, rescatando la tradici\u00f3n de los concerti grossi del Barroco, tambi\u00e9n llamados concertinos.<br \/>\nGustav Holst concibi\u00f3 \u201cLos Planetas\u201d como una representaci\u00f3n musical del sistema solar, y cada movimiento est\u00e1 dedicado a un planeta espec\u00edfico, excluyendo la Tierra y Plut\u00f3n, ya que este \u00faltimo fue descubierto mucho despu\u00e9s de la composici\u00f3n. Es una obra influyente en la m\u00fasica cl\u00e1sica del siglo XX y ha sido apreciada por su originalidad y la capacidad del compositor para expresar conceptos c\u00f3smicos a trav\u00e9s de la m\u00fasica. Cada movimiento tiene su propio car\u00e1cter distintivo, y la suite en su conjunto es un logro destacado en la historia de la m\u00fasica orquestal.<\/p>\n<p>Se puede decir que \u201cLos Planetas\u201d es como la progresi\u00f3n de la vida. \u201cMarte\u201d es un rocoso y estridente principio. \u201cVenus\u201d se presenta como \u201cel portador de la paz\u201d con mayor serenidad. \u201cMercurio\u201d se considera como el mensajero entre nuestro mundo y el resto. \u201cJ\u00fapiter\u201d es en esencia la \u201cflor\u201d de la vida. \u201cSaturno\u201d, el movimiento preferido por Holst, describe un estilo con mayor madurez. Este puede mostrar la lucha permanente por vivir contra fuerzas sobrenaturales. Cerca del final, \u201cUrano, el mago\u201d, significativo scherzo que muestra un cl\u00edmax musical s\u00f3lido como antesala a la serenidad femenina de \u201cNeptuno\u201d con su sonoridad et\u00e9rea, acompa\u00f1ado por el Coro UV y la Camerata Coral de la FMUV.<\/p>\n<p>El director invitado, Jeffery Meyer, ha cautivado al p\u00fablico en todo el mundo a trav\u00e9s de actuaciones audaces y perspicaces, una programaci\u00f3n visionaria y colaboraciones pioneras. Profesor de m\u00fasica en direcci\u00f3n orquestal en la Escuela de M\u00fasica Jacobs de la Universidad de Indiana, tambi\u00e9n es Asociado Art\u00edstico con la Northwest Sinfonietta y se presenta regularmente con orquestas en Asia y las Am\u00e9ricas. Como Director Art\u00edstico de la Filarm\u00f3nica de C\u00e1mara de San Petersburgo (Rusia) durante dos d\u00e9cadas, su trabajo con la orquesta fue celebrado por su amplio repertorio e innovaci\u00f3n.<\/p>\n<p>Puedes comprar tus boletos en l\u00ednea en www.orquestasinfonicadexalapa.com, Tienda UV, Tienda UV Museo de Antropolog\u00eda y Taquilla Tlaqn\u00e1.<\/p>\n<p>Correo electr\u00f3nico: mercadotecnia.osx@gmail.com.<\/p>\n","protected":false},"excerpt":{"rendered":"<p>Con la participaci\u00f3n del Coro Universidad Veracruzana y Camerata Coral FMUV Jeffery Mayer, Director Invitado Xalapa, Ver. 14 de noviembre<\/p>\n","protected":false},"author":4,"featured_media":25800,"comment_status":"closed","ping_status":"closed","sticky":false,"template":"","format":"standard","meta":{"colormag_page_container_layout":"default_layout","colormag_page_sidebar_layout":"default_layout","_jetpack_memberships_contains_paid_content":false,"footnotes":"","jetpack_publicize_message":"","jetpack_publicize_feature_enabled":true,"jetpack_social_post_already_shared":false,"jetpack_social_options":{"image_generator_settings":{"template":"highway","default_image_id":0,"font":"","enabled":false},"version":2}},"categories":[474],"tags":[],"class_list":["post-25799","post","type-post","status-publish","format-standard","has-post-thumbnail","hentry","category-cultura"],"jetpack_publicize_connections":[],"jetpack_featured_media_url":"https:\/\/i0.wp.com\/politicosaldesnudo.com.mx\/wp-content\/uploads\/2023\/11\/Planetas-4840-scaled.jpg?fit=2560%2C1707&ssl=1","jetpack-related-posts":[],"jetpack_sharing_enabled":true,"_links":{"self":[{"href":"https:\/\/politicosaldesnudo.com.mx\/index.php\/wp-json\/wp\/v2\/posts\/25799","targetHints":{"allow":["GET"]}}],"collection":[{"href":"https:\/\/politicosaldesnudo.com.mx\/index.php\/wp-json\/wp\/v2\/posts"}],"about":[{"href":"https:\/\/politicosaldesnudo.com.mx\/index.php\/wp-json\/wp\/v2\/types\/post"}],"author":[{"embeddable":true,"href":"https:\/\/politicosaldesnudo.com.mx\/index.php\/wp-json\/wp\/v2\/users\/4"}],"replies":[{"embeddable":true,"href":"https:\/\/politicosaldesnudo.com.mx\/index.php\/wp-json\/wp\/v2\/comments?post=25799"}],"version-history":[{"count":0,"href":"https:\/\/politicosaldesnudo.com.mx\/index.php\/wp-json\/wp\/v2\/posts\/25799\/revisions"}],"wp:featuredmedia":[{"embeddable":true,"href":"https:\/\/politicosaldesnudo.com.mx\/index.php\/wp-json\/wp\/v2\/media\/25800"}],"wp:attachment":[{"href":"https:\/\/politicosaldesnudo.com.mx\/index.php\/wp-json\/wp\/v2\/media?parent=25799"}],"wp:term":[{"taxonomy":"category","embeddable":true,"href":"https:\/\/politicosaldesnudo.com.mx\/index.php\/wp-json\/wp\/v2\/categories?post=25799"},{"taxonomy":"post_tag","embeddable":true,"href":"https:\/\/politicosaldesnudo.com.mx\/index.php\/wp-json\/wp\/v2\/tags?post=25799"}],"curies":[{"name":"wp","href":"https:\/\/api.w.org\/{rel}","templated":true}]}}