{"id":25806,"date":"2023-11-14T18:47:18","date_gmt":"2023-11-15T00:47:18","guid":{"rendered":"https:\/\/politicosaldesnudo.com.mx\/?p=25806"},"modified":"2023-11-14T18:47:18","modified_gmt":"2023-11-15T00:47:18","slug":"bartlett-enfatiza-que-amlo-le-encomendo-el-rescate-de-la-cfe","status":"publish","type":"post","link":"https:\/\/politicosaldesnudo.com.mx\/index.php\/2023\/11\/14\/bartlett-enfatiza-que-amlo-le-encomendo-el-rescate-de-la-cfe\/","title":{"rendered":"Bartlett enfatiza que AMLO le encomend\u00f3 el rescate de la CFE"},"content":{"rendered":"<p><span style=\"font-size: 14pt;\">Bartlett D\u00edaz record\u00f3 que el presidente Andr\u00e9s Manuel L\u00f3pez Obrador le encomend\u00f3 el rescate de la CFE, pues el r\u00e9gimen anterior, claudic\u00f3 ante los intereses hegem\u00f3nicos, ya que dise\u00f1aron la desaparici\u00f3n de la empresa nacional, para que empresas transnacionales se apoderaran del mercado.<\/span><\/p>\n<p><span style=\"font-size: 14pt;\">Acot\u00f3 que al inicio de la administraci\u00f3n, \u201cse ten\u00eda una proyecci\u00f3n fatalista del futuro de CFE\u201d, pues la generaci\u00f3n, sin el plan de rescate, se habr\u00eda reducido \u201ca un irrelevante 16 por ciento para el 2024\u201d.<\/span><\/p>\n<p><img data-recalc-dims=\"1\" loading=\"lazy\" decoding=\"async\" class=\"aligncenter size-large wp-image-25807\" src=\"https:\/\/i0.wp.com\/politicosaldesnudo.com.mx\/wp-content\/uploads\/2023\/11\/bartlett-covid-19-1024x575.jpg?resize=800%2C449&#038;ssl=1\" alt=\"\" width=\"800\" height=\"449\" srcset=\"https:\/\/i0.wp.com\/politicosaldesnudo.com.mx\/wp-content\/uploads\/2023\/11\/bartlett-covid-19.jpg?resize=1024%2C575&amp;ssl=1 1024w, https:\/\/i0.wp.com\/politicosaldesnudo.com.mx\/wp-content\/uploads\/2023\/11\/bartlett-covid-19.jpg?resize=300%2C169&amp;ssl=1 300w, https:\/\/i0.wp.com\/politicosaldesnudo.com.mx\/wp-content\/uploads\/2023\/11\/bartlett-covid-19.jpg?resize=768%2C431&amp;ssl=1 768w, https:\/\/i0.wp.com\/politicosaldesnudo.com.mx\/wp-content\/uploads\/2023\/11\/bartlett-covid-19.jpg?resize=1536%2C863&amp;ssl=1 1536w, https:\/\/i0.wp.com\/politicosaldesnudo.com.mx\/wp-content\/uploads\/2023\/11\/bartlett-covid-19.jpg?w=1800&amp;ssl=1 1800w, https:\/\/i0.wp.com\/politicosaldesnudo.com.mx\/wp-content\/uploads\/2023\/11\/bartlett-covid-19.jpg?w=1600&amp;ssl=1 1600w\" sizes=\"auto, (max-width: 800px) 100vw, 800px\" \/><\/p>\n<p><span style=\"font-size: 14pt;\">\u201cNo se estableci\u00f3 un sistema de mercado, como afirman. Se impusieron monopolios privados a expensas del Sistema El\u00e9ctrico. Ejemplos: las sociedades de autoabasto con sus m\u00e1s de 77 mil socios simulados, que en realidad son clientes. Venden energ\u00eda ilegalmente, un mercado negro. Concentran a los m\u00e1s grandes consumidores; fuera de cualquier competencia, no pagan las redes. Un sistema olig\u00e1rquico, desde su definici\u00f3n aristot\u00e9lica: \u2018el gobierno de los ricos\u2019\u201d, dijo.<\/span><\/p>\n<p><span style=\"font-size: 14pt;\">Coment\u00f3 que con el fin de liquidar a la CFE, considerado como un \u201cenemigo pol\u00edtico\u201d, se ha establecido un esquema que se conoce como guerra judicial, en el que la Comisi\u00f3n Federal de Competencia Econ\u00f3mica (Cofece) ha cuestionado a la empresa estatal, los juzgados especializados en competencia econ\u00f3mica \u201cprotegen y garantizan los privilegios de los participantes privados\u201d y los medios de comunicaci\u00f3n \u201catacan sin sustento al enemigo\u201d, con descalificaciones y calumnias.<\/span><\/p>\n<p><span style=\"font-size: 14pt;\">\u201cPese a este perverso escenario donde se ha emprendido el rescate ordenado por el Presidente, gracias a su extraordinaria fortaleza social, hemos logrado superar la trampa\u201d, indic\u00f3.<\/span><\/p>\n<p><span style=\"font-size: 14pt;\">No obstante, dijo, se est\u00e1 cumpliendo el objetivo presidencial de rescatar a la empresa estatal pues la CFE alcanzar\u00e1 el 54 por ciento de la generaci\u00f3n el\u00e9ctrica del pa\u00eds.<\/span><\/p>\n","protected":false},"excerpt":{"rendered":"<p>Bartlett D\u00edaz record\u00f3 que el presidente Andr\u00e9s Manuel L\u00f3pez Obrador le encomend\u00f3 el rescate de la CFE, pues el r\u00e9gimen<\/p>\n","protected":false},"author":4,"featured_media":25808,"comment_status":"closed","ping_status":"closed","sticky":false,"template":"","format":"standard","meta":{"colormag_page_container_layout":"default_layout","colormag_page_sidebar_layout":"default_layout","_jetpack_memberships_contains_paid_content":false,"footnotes":"","jetpack_publicize_message":"","jetpack_publicize_feature_enabled":true,"jetpack_social_post_already_shared":false,"jetpack_social_options":{"image_generator_settings":{"template":"highway","default_image_id":0,"font":"","enabled":false},"version":2}},"categories":[33],"tags":[],"class_list":["post-25806","post","type-post","status-publish","format-standard","has-post-thumbnail","hentry","category-nacional"],"jetpack_publicize_connections":[],"jetpack_featured_media_url":"https:\/\/i0.wp.com\/politicosaldesnudo.com.mx\/wp-content\/uploads\/2023\/11\/Da-CRE-permiso-a-CFE-para-parque-solar-en-Sonora.jpg?fit=800%2C500&ssl=1","jetpack-related-posts":[],"jetpack_sharing_enabled":true,"_links":{"self":[{"href":"https:\/\/politicosaldesnudo.com.mx\/index.php\/wp-json\/wp\/v2\/posts\/25806","targetHints":{"allow":["GET"]}}],"collection":[{"href":"https:\/\/politicosaldesnudo.com.mx\/index.php\/wp-json\/wp\/v2\/posts"}],"about":[{"href":"https:\/\/politicosaldesnudo.com.mx\/index.php\/wp-json\/wp\/v2\/types\/post"}],"author":[{"embeddable":true,"href":"https:\/\/politicosaldesnudo.com.mx\/index.php\/wp-json\/wp\/v2\/users\/4"}],"replies":[{"embeddable":true,"href":"https:\/\/politicosaldesnudo.com.mx\/index.php\/wp-json\/wp\/v2\/comments?post=25806"}],"version-history":[{"count":0,"href":"https:\/\/politicosaldesnudo.com.mx\/index.php\/wp-json\/wp\/v2\/posts\/25806\/revisions"}],"wp:featuredmedia":[{"embeddable":true,"href":"https:\/\/politicosaldesnudo.com.mx\/index.php\/wp-json\/wp\/v2\/media\/25808"}],"wp:attachment":[{"href":"https:\/\/politicosaldesnudo.com.mx\/index.php\/wp-json\/wp\/v2\/media?parent=25806"}],"wp:term":[{"taxonomy":"category","embeddable":true,"href":"https:\/\/politicosaldesnudo.com.mx\/index.php\/wp-json\/wp\/v2\/categories?post=25806"},{"taxonomy":"post_tag","embeddable":true,"href":"https:\/\/politicosaldesnudo.com.mx\/index.php\/wp-json\/wp\/v2\/tags?post=25806"}],"curies":[{"name":"wp","href":"https:\/\/api.w.org\/{rel}","templated":true}]}}