{"id":25816,"date":"2023-11-14T19:04:52","date_gmt":"2023-11-15T01:04:52","guid":{"rendered":"https:\/\/politicosaldesnudo.com.mx\/?p=25816"},"modified":"2023-11-14T19:04:52","modified_gmt":"2023-11-15T01:04:52","slug":"reclusos-de-veracruz-podran-votar-en-abril-proximo-sergio-vera","status":"publish","type":"post","link":"https:\/\/politicosaldesnudo.com.mx\/index.php\/2023\/11\/14\/reclusos-de-veracruz-podran-votar-en-abril-proximo-sergio-vera\/","title":{"rendered":"Reclusos de Veracruz podr\u00e1n  votar en abril pr\u00f3ximo: Sergio Vera"},"content":{"rendered":"<p><span style=\"font-size: 14pt;\">Xalapa.- En abril pr\u00f3ximo se realizar\u00edan las votaciones anticipadas de personas reclusas sin sentencia en el estado de Veracruz, confirm\u00f3 el vocal del Registro Federal de Electores (RFE), Sergio Vera Olvera.<\/span><\/p>\n<p><span style=\"font-size: 14pt;\">Las ciudadanas y ciudadanos privados de su libertad podr\u00e1n participar en la renovaci\u00f3n de la gubernatura y de las diputaciones del Congreso de Veracruz.<\/span><\/p>\n<p><span style=\"font-size: 14pt;\">\u201cSe calcula que por lo menos con mes y medio anticipado estar\u00edamos llevando a cabo el ejercicio\u201d, expres\u00f3 el funcionario electoral.<\/span><\/p>\n<p><span style=\"font-size: 14pt;\">En entrevista realizada en el centro de Xalapa, detall\u00f3 que en esta entidad se analiza la forma para desarrollar el voto anticipado, el cual ser\u00eda voluntario.<\/span><\/p>\n<p><img data-recalc-dims=\"1\" loading=\"lazy\" decoding=\"async\" class=\"aligncenter size-full wp-image-25817\" src=\"https:\/\/i0.wp.com\/politicosaldesnudo.com.mx\/wp-content\/uploads\/2023\/11\/8a-1.jpg?resize=800%2C600&#038;ssl=1\" alt=\"\" width=\"800\" height=\"600\" srcset=\"https:\/\/i0.wp.com\/politicosaldesnudo.com.mx\/wp-content\/uploads\/2023\/11\/8a-1.jpg?w=1024&amp;ssl=1 1024w, https:\/\/i0.wp.com\/politicosaldesnudo.com.mx\/wp-content\/uploads\/2023\/11\/8a-1.jpg?resize=300%2C225&amp;ssl=1 300w, https:\/\/i0.wp.com\/politicosaldesnudo.com.mx\/wp-content\/uploads\/2023\/11\/8a-1.jpg?resize=768%2C576&amp;ssl=1 768w\" sizes=\"auto, (max-width: 800px) 100vw, 800px\" \/><\/p>\n<p><span style=\"font-size: 14pt;\">\u201cNo es obligatorio y es quien quiera ejercer su derecho al voto se tendr\u00e1 que inscribir ye tendremos esa relaci\u00f3n y ya estaremos informando con tiempo\u201d, agreg\u00f3.<\/span><\/p>\n<p><span style=\"font-size: 14pt;\">Sergio Vera enfatiz\u00f3 que a\u00fan se desconoce el padr\u00f3n de personas que est\u00e1n dentro de los penales y podr\u00edan ejercer su derecho al voto; sin embargo, se realizan los estudios para conocer el n\u00famero de boletas para votar que ser\u00e1n ser emitidas por el Instituto Nacional Electoral (INE).<\/span><\/p>\n<p><span style=\"font-size: 14pt;\">Explic\u00f3 que el Registro Federal de Electores har\u00e1 un censo para determinar la cifra de reclusos sin sentencia, pues se cuenta con equipo biom\u00e9trico para llevarlo a cabo.<\/span><\/p>\n<p><span style=\"font-size: 14pt;\">Vera Olvera revel\u00f3 que ya se dialog\u00f3 con funcionarios de la Secretar\u00eda de Seguridad P\u00fablica (SSP) para poner en marcha el plan de votaci\u00f3n anticipada.<\/span><\/p>\n<p><span style=\"font-size: 14pt;\">\u201cEl primer paso es solicitar a las instancias federales y locales sobre las condiciones en donde se pueda llevar a cabo este ejercicio y que nos den su censo de cu\u00e1ntas personas se encuentran en esta situaci\u00f3n (sin sentencia) y ya despu\u00e9s de hacer eso iniciaremos la invitaci\u00f3n a los ciudadanos\u201d, enfatiz\u00f3.<\/span><\/p>\n<p><span style=\"font-size: 14pt;\">El Vocal del Registro Federal de Electores dio a conocer que el voto anticipado tambi\u00e9n aplicar\u00e1 para las personas que est\u00e1n en postraci\u00f3n.<\/span><\/p>\n","protected":false},"excerpt":{"rendered":"<p>Xalapa.- En abril pr\u00f3ximo se realizar\u00edan las votaciones anticipadas de personas reclusas sin sentencia en el estado de Veracruz, confirm\u00f3<\/p>\n","protected":false},"author":4,"featured_media":25818,"comment_status":"closed","ping_status":"closed","sticky":false,"template":"","format":"standard","meta":{"colormag_page_container_layout":"default_layout","colormag_page_sidebar_layout":"default_layout","_jetpack_memberships_contains_paid_content":false,"footnotes":"","jetpack_publicize_message":"","jetpack_publicize_feature_enabled":true,"jetpack_social_post_already_shared":false,"jetpack_social_options":{"image_generator_settings":{"template":"highway","default_image_id":0,"font":"","enabled":false},"version":2}},"categories":[30],"tags":[],"class_list":["post-25816","post","type-post","status-publish","format-standard","has-post-thumbnail","hentry","category-estados"],"jetpack_publicize_connections":[],"jetpack_featured_media_url":"https:\/\/i0.wp.com\/politicosaldesnudo.com.mx\/wp-content\/uploads\/2023\/11\/8a1-1.jpg?fit=1024%2C768&ssl=1","jetpack-related-posts":[],"jetpack_sharing_enabled":true,"_links":{"self":[{"href":"https:\/\/politicosaldesnudo.com.mx\/index.php\/wp-json\/wp\/v2\/posts\/25816","targetHints":{"allow":["GET"]}}],"collection":[{"href":"https:\/\/politicosaldesnudo.com.mx\/index.php\/wp-json\/wp\/v2\/posts"}],"about":[{"href":"https:\/\/politicosaldesnudo.com.mx\/index.php\/wp-json\/wp\/v2\/types\/post"}],"author":[{"embeddable":true,"href":"https:\/\/politicosaldesnudo.com.mx\/index.php\/wp-json\/wp\/v2\/users\/4"}],"replies":[{"embeddable":true,"href":"https:\/\/politicosaldesnudo.com.mx\/index.php\/wp-json\/wp\/v2\/comments?post=25816"}],"version-history":[{"count":0,"href":"https:\/\/politicosaldesnudo.com.mx\/index.php\/wp-json\/wp\/v2\/posts\/25816\/revisions"}],"wp:featuredmedia":[{"embeddable":true,"href":"https:\/\/politicosaldesnudo.com.mx\/index.php\/wp-json\/wp\/v2\/media\/25818"}],"wp:attachment":[{"href":"https:\/\/politicosaldesnudo.com.mx\/index.php\/wp-json\/wp\/v2\/media?parent=25816"}],"wp:term":[{"taxonomy":"category","embeddable":true,"href":"https:\/\/politicosaldesnudo.com.mx\/index.php\/wp-json\/wp\/v2\/categories?post=25816"},{"taxonomy":"post_tag","embeddable":true,"href":"https:\/\/politicosaldesnudo.com.mx\/index.php\/wp-json\/wp\/v2\/tags?post=25816"}],"curies":[{"name":"wp","href":"https:\/\/api.w.org\/{rel}","templated":true}]}}