{"id":25820,"date":"2023-11-14T19:07:11","date_gmt":"2023-11-15T01:07:11","guid":{"rendered":"https:\/\/politicosaldesnudo.com.mx\/?p=25820"},"modified":"2023-11-14T19:07:11","modified_gmt":"2023-11-15T01:07:11","slug":"mas-de-20-mil-veracruzanos-retornaran-a-la-entidad-durante-navidad-y-ano-nuevo","status":"publish","type":"post","link":"https:\/\/politicosaldesnudo.com.mx\/index.php\/2023\/11\/14\/mas-de-20-mil-veracruzanos-retornaran-a-la-entidad-durante-navidad-y-ano-nuevo\/","title":{"rendered":"M\u00e1s de 20 mil veracruzanos retornar\u00e1n  a la entidad durante Navidad y A\u00f1o Nuevo"},"content":{"rendered":"<p><span style=\"font-size: 14pt;\">Xalapa.- M\u00e1s de 20 mil connacionales veracruzanos se espera que retornen al territorio estatal durante las festividades de navidad y fin de a\u00f1o, inform\u00f3 el director de Atenci\u00f3n a Migrantes del Gobierno del Estado, Carlos Escalante Igual.<\/span><\/p>\n<p><span style=\"font-size: 14pt;\">En ese sentido, el funcionario dependiente de la Secretar\u00eda de Gobierno (SEGOB), dijo que en coordinaci\u00f3n con el Instituto Nacional de Migraci\u00f3n se buscar\u00e1 que tengan un retorno seguro en paso a Veracruz.<\/span><\/p>\n<p><span style=\"font-size: 14pt;\">Indic\u00f3 que cada a\u00f1o se tienen dos periodos importantes de retorno de veracruzanos a sus lugares de origen, en verano e invierno.<\/span><\/p>\n<p><span style=\"font-size: 14pt;\">\u201cNos apoyamos mucho con el Instituto Nacional de Migraci\u00f3n o nosotros apoyamos al Instituto porque es un evento de ellos, precisamente se instalan m\u00f3dulos en la carretera que pasa por Veracruz del norte al sur y nosotros estamos en apoyo\u201d.<\/span><\/p>\n<p><span style=\"font-size: 14pt;\">El funcionario record\u00f3 que son alrededor 850 mil veracruzanos y veracruzanas que viven y trabajan en el extranjero, pero se espera el retorno de alrededor de unos 20 mil connacionales.<\/span><\/p>\n<p><span style=\"font-size: 14pt;\">Escalante Igual, dijo, que los municipios de Xalapa, Misantla, C\u00f3rdoba y Orizaba son los que m\u00e1s ciudadanos cuentan en Estados Unidos.<\/span><\/p>\n<p><span style=\"font-size: 14pt;\">Finalmente, destac\u00f3 que los connacionales significan una importante derrama econ\u00f3mica durante su visita a sus familiares.<\/span><\/p>\n","protected":false},"excerpt":{"rendered":"<p>Xalapa.- M\u00e1s de 20 mil connacionales veracruzanos se espera que retornen al territorio estatal durante las festividades de navidad y<\/p>\n","protected":false},"author":4,"featured_media":25821,"comment_status":"closed","ping_status":"closed","sticky":false,"template":"","format":"standard","meta":{"colormag_page_container_layout":"default_layout","colormag_page_sidebar_layout":"default_layout","_jetpack_memberships_contains_paid_content":false,"footnotes":"","jetpack_publicize_message":"","jetpack_publicize_feature_enabled":true,"jetpack_social_post_already_shared":false,"jetpack_social_options":{"image_generator_settings":{"template":"highway","default_image_id":0,"font":"","enabled":false},"version":2}},"categories":[30],"tags":[],"class_list":["post-25820","post","type-post","status-publish","format-standard","has-post-thumbnail","hentry","category-estados"],"jetpack_publicize_connections":[],"jetpack_featured_media_url":"https:\/\/i0.wp.com\/politicosaldesnudo.com.mx\/wp-content\/uploads\/2023\/11\/8b-2.jpg?fit=1600%2C900&ssl=1","jetpack-related-posts":[],"jetpack_sharing_enabled":true,"_links":{"self":[{"href":"https:\/\/politicosaldesnudo.com.mx\/index.php\/wp-json\/wp\/v2\/posts\/25820","targetHints":{"allow":["GET"]}}],"collection":[{"href":"https:\/\/politicosaldesnudo.com.mx\/index.php\/wp-json\/wp\/v2\/posts"}],"about":[{"href":"https:\/\/politicosaldesnudo.com.mx\/index.php\/wp-json\/wp\/v2\/types\/post"}],"author":[{"embeddable":true,"href":"https:\/\/politicosaldesnudo.com.mx\/index.php\/wp-json\/wp\/v2\/users\/4"}],"replies":[{"embeddable":true,"href":"https:\/\/politicosaldesnudo.com.mx\/index.php\/wp-json\/wp\/v2\/comments?post=25820"}],"version-history":[{"count":0,"href":"https:\/\/politicosaldesnudo.com.mx\/index.php\/wp-json\/wp\/v2\/posts\/25820\/revisions"}],"wp:featuredmedia":[{"embeddable":true,"href":"https:\/\/politicosaldesnudo.com.mx\/index.php\/wp-json\/wp\/v2\/media\/25821"}],"wp:attachment":[{"href":"https:\/\/politicosaldesnudo.com.mx\/index.php\/wp-json\/wp\/v2\/media?parent=25820"}],"wp:term":[{"taxonomy":"category","embeddable":true,"href":"https:\/\/politicosaldesnudo.com.mx\/index.php\/wp-json\/wp\/v2\/categories?post=25820"},{"taxonomy":"post_tag","embeddable":true,"href":"https:\/\/politicosaldesnudo.com.mx\/index.php\/wp-json\/wp\/v2\/tags?post=25820"}],"curies":[{"name":"wp","href":"https:\/\/api.w.org\/{rel}","templated":true}]}}