{"id":25832,"date":"2023-11-15T00:25:30","date_gmt":"2023-11-15T06:25:30","guid":{"rendered":"https:\/\/politicosaldesnudo.com.mx\/?p=25832"},"modified":"2023-11-15T00:25:30","modified_gmt":"2023-11-15T06:25:30","slug":"se-les-va-el-tren","status":"publish","type":"post","link":"https:\/\/politicosaldesnudo.com.mx\/index.php\/2023\/11\/15\/se-les-va-el-tren\/","title":{"rendered":"Se les va el tren"},"content":{"rendered":"<p><strong><span style=\"font-size: 14pt;\">Por Aurelio Contreras Moreno<\/span><\/strong><\/p>\n<p><span style=\"font-size: 14pt;\">A la oposici\u00f3n en Veracruz parece que no le corre prisa por definir a qui\u00e9n postular\u00e1 para disputar la gubernatura.<\/span><\/p>\n<p><span style=\"font-size: 14pt;\">Mientras bien que mal el morenato ya defini\u00f3 que sea Roc\u00edo Nahle su candidata \u2013con todos los bemoles que puedan pon\u00e9rsele-, los partidos de la coalici\u00f3n opositora avanzan a paso de hipop\u00f3tamo enfermo, cediendo espacios que despu\u00e9s ser\u00e1 muy dif\u00edcil recobrar.<\/span><\/p>\n<p><span style=\"font-size: 14pt;\">S\u00ed, es cierto que los tiempos legales a\u00fan les dan margen para tomar la decisi\u00f3n. Pero as\u00ed como ocurri\u00f3 en el caso de la candidatura presidencial, los tiempos pol\u00edticos son otros y Morena ha tomado ventaja adelantando los procesos. Ilegalmente, tambi\u00e9n es cierto. Pero como las autoridades electorales quedaron rebasadas, han salido impunes y como haya sido, sus candidaturas m\u00e1s importantes est\u00e1n definidas. Y abiertamente en campa\u00f1a.<\/span><\/p>\n<p><span style=\"font-size: 14pt;\">En Veracruz, la coalici\u00f3n opositora sigue entrampada entre los intereses de las dirigencias y la ausencia de acuerdos en la mayor\u00eda de los casos. M\u00e1s preocupados por sus grillas internas que por una elecci\u00f3n que se celebrar\u00e1 dentro de ocho meses.<\/span><\/p>\n<p><span style=\"font-size: 14pt;\">El PRI cambi\u00f3 su dirigencia estatal sin decir agua va y sin \u201cplanchar\u201d los nombramientos. Esto, en lugar de solucionar las tensiones que ya se viv\u00edan dentro de ese partido en la entidad, las exacerb\u00f3. Al extremo de que desde la dirigencia estatal se lanzaron con todo contra su propia coordinadora de bancada en el Congreso del Estado, Anil\u00fa Ingram, quien a su vez no ha cejado en su aspiraci\u00f3n por llegar a la candidatura a la gubernatura, aunque el acuerdo todav\u00eda no oficial del Frente Amplio por M\u00e9xico es que en la entidad se postule a un hombre.<\/span><\/p>\n<p><span style=\"font-size: 14pt;\">Acci\u00f3n Nacional apenas resolvi\u00f3 este s\u00e1bado ir en coalici\u00f3n y \u201cexplorar\u201d alianzas \u201ccon otros partidos\u201d que no sean Morena y aliados. Hasta parece que creen que est\u00e1n en 2016 y no en 2023 y que las traen todas consigo. Y el PRD es un fiasco, con un dirigente anodino, se\u00f1alado por violencia de g\u00e9nero en m\u00e1s de una ocasi\u00f3n y que pr\u00e1cticamente es inexistente para la opini\u00f3n p\u00fablica del estado. Fiel reflejo de en lo que termin\u00f3 el alguna vez partido m\u00e1s importante de la izquierda.<\/span><\/p>\n<p><span style=\"font-size: 14pt;\">Los tres aspirantes m\u00e1s fuertes a la candidatura opositora en el estado, Jos\u00e9 Yunes Zorrilla, Julen Rementer\u00eda del Puerto y H\u00e9ctor Yunes Landa pareciera que est\u00e1n m\u00e1s o menos de acuerdo en ir a una encuesta, o al menos eso han manifestado abiertamente dos de ellos. Pero no se ve para cu\u00e1ndo eso vaya a concretarse, si es que no se opta desde el centro por una designaci\u00f3n directa, que qui\u00e9n sabe si lograse mantener la de por s\u00ed fr\u00e1gil unidad de una coalici\u00f3n hecha para la supervivencia, m\u00e1s que a partir de la coincidencia.<\/span><\/p>\n<p><span style=\"font-size: 14pt;\">Sin embargo, esa alianza es la \u00fanica v\u00eda para plantarle cara a un r\u00e9gimen que ha venido a restaurar un anacronismo autoritario que se cre\u00eda superado hace por lo menos dos d\u00e9cadas, que ha significado una tremenda regresi\u00f3n institucional y democr\u00e1tica y que de no ser detenido, llevar\u00e1 al pa\u00eds y al estado a un estadio de premodernidad pol\u00edtica, sin contrapesos, sin transparencia y sin reales libertades.<\/span><\/p>\n<p><span style=\"font-size: 14pt;\">A la oposici\u00f3n en Veracruz se le va el tren. Y sus dirigentes parecieran no darse cuenta. O de plano les vale.<\/span><\/p>\n<p><span style=\"font-size: 14pt;\"><strong>El teatro universitario\u2026 del #PorEl4porciento<\/strong><\/span><\/p>\n<p><span style=\"font-size: 14pt;\">\u00bfC\u00f3mo le van a explicar \u2013si es que llegan a intentarlo- a todos los universitarios a los que convocaron a exigir respeto a la Constituci\u00f3n y a que se le entregase a la Universidad Veracruzana el 4 por ciento del presupuesto estatal, que decidieron conformarse con lo que al gobierno de Cuitl\u00e1huac Garc\u00eda le dio la gana darles, violando la ley?<\/span><\/p>\n<p><span style=\"font-size: 14pt;\">Pena ajena con el rector \u201c4t\u201d y el Consejo Universitario General. \u00a1Ah! Pero va a haber teatro\u2026 universitario. Como el del #PorEl4porciento.<\/span><\/p>\n<p><img data-recalc-dims=\"1\" loading=\"lazy\" decoding=\"async\" class=\"aligncenter size-full wp-image-25691\" src=\"https:\/\/i0.wp.com\/politicosaldesnudo.com.mx\/wp-content\/uploads\/2023\/11\/FIRMA-EDITORIAL-PD-1.jpg?resize=800%2C98&#038;ssl=1\" alt=\"\" width=\"800\" height=\"98\" srcset=\"https:\/\/i0.wp.com\/politicosaldesnudo.com.mx\/wp-content\/uploads\/2023\/11\/FIRMA-EDITORIAL-PD-1.jpg?w=1024&amp;ssl=1 1024w, https:\/\/i0.wp.com\/politicosaldesnudo.com.mx\/wp-content\/uploads\/2023\/11\/FIRMA-EDITORIAL-PD-1.jpg?resize=300%2C37&amp;ssl=1 300w, https:\/\/i0.wp.com\/politicosaldesnudo.com.mx\/wp-content\/uploads\/2023\/11\/FIRMA-EDITORIAL-PD-1.jpg?resize=768%2C94&amp;ssl=1 768w\" sizes=\"auto, (max-width: 800px) 100vw, 800px\" \/><\/p>\n","protected":false},"excerpt":{"rendered":"<p>Por Aurelio Contreras Moreno A la oposici\u00f3n en Veracruz parece que no le corre prisa por definir a qui\u00e9n postular\u00e1<\/p>\n","protected":false},"author":4,"featured_media":4397,"comment_status":"closed","ping_status":"closed","sticky":false,"template":"","format":"standard","meta":{"colormag_page_container_layout":"default_layout","colormag_page_sidebar_layout":"default_layout","_jetpack_memberships_contains_paid_content":false,"footnotes":"","jetpack_publicize_message":"","jetpack_publicize_feature_enabled":true,"jetpack_social_post_already_shared":false,"jetpack_social_options":{"image_generator_settings":{"template":"highway","default_image_id":0,"font":"","enabled":false},"version":2}},"categories":[26],"tags":[],"class_list":["post-25832","post","type-post","status-publish","format-standard","has-post-thumbnail","hentry","category-columnistas"],"jetpack_publicize_connections":[],"jetpack_featured_media_url":"https:\/\/i0.wp.com\/politicosaldesnudo.com.mx\/wp-content\/uploads\/2022\/04\/AURELIO-CONTRERAS-MORENO-1.png?fit=1816%2C1016&ssl=1","jetpack-related-posts":[],"jetpack_sharing_enabled":true,"_links":{"self":[{"href":"https:\/\/politicosaldesnudo.com.mx\/index.php\/wp-json\/wp\/v2\/posts\/25832","targetHints":{"allow":["GET"]}}],"collection":[{"href":"https:\/\/politicosaldesnudo.com.mx\/index.php\/wp-json\/wp\/v2\/posts"}],"about":[{"href":"https:\/\/politicosaldesnudo.com.mx\/index.php\/wp-json\/wp\/v2\/types\/post"}],"author":[{"embeddable":true,"href":"https:\/\/politicosaldesnudo.com.mx\/index.php\/wp-json\/wp\/v2\/users\/4"}],"replies":[{"embeddable":true,"href":"https:\/\/politicosaldesnudo.com.mx\/index.php\/wp-json\/wp\/v2\/comments?post=25832"}],"version-history":[{"count":0,"href":"https:\/\/politicosaldesnudo.com.mx\/index.php\/wp-json\/wp\/v2\/posts\/25832\/revisions"}],"wp:featuredmedia":[{"embeddable":true,"href":"https:\/\/politicosaldesnudo.com.mx\/index.php\/wp-json\/wp\/v2\/media\/4397"}],"wp:attachment":[{"href":"https:\/\/politicosaldesnudo.com.mx\/index.php\/wp-json\/wp\/v2\/media?parent=25832"}],"wp:term":[{"taxonomy":"category","embeddable":true,"href":"https:\/\/politicosaldesnudo.com.mx\/index.php\/wp-json\/wp\/v2\/categories?post=25832"},{"taxonomy":"post_tag","embeddable":true,"href":"https:\/\/politicosaldesnudo.com.mx\/index.php\/wp-json\/wp\/v2\/tags?post=25832"}],"curies":[{"name":"wp","href":"https:\/\/api.w.org\/{rel}","templated":true}]}}