{"id":25958,"date":"2023-11-17T15:26:02","date_gmt":"2023-11-17T21:26:02","guid":{"rendered":"https:\/\/politicosaldesnudo.com.mx\/?p=25958"},"modified":"2023-11-17T15:26:02","modified_gmt":"2023-11-17T21:26:02","slug":"jornadas-de-salud-visual-continuan-generando-bienestar-en-tuxpan","status":"publish","type":"post","link":"https:\/\/politicosaldesnudo.com.mx\/index.php\/2023\/11\/17\/jornadas-de-salud-visual-continuan-generando-bienestar-en-tuxpan\/","title":{"rendered":"Jornadas de Salud Visual contin\u00faan generando bienestar en Tuxpan"},"content":{"rendered":"<p><span style=\"font-size: 14pt;\">Tuxpan, Ver.- Con el objetivo de detectar y atender padecimientos oculares en ni\u00f1as, ni\u00f1os y adultos, se llev\u00f3 a cabo la Jornada de Salud Visual en la planta baja de la presidencia municipal.<\/span><\/p>\n<p><img data-recalc-dims=\"1\" loading=\"lazy\" decoding=\"async\" class=\"aligncenter size-large wp-image-25962\" src=\"https:\/\/i0.wp.com\/politicosaldesnudo.com.mx\/wp-content\/uploads\/2023\/11\/WhatsApp-Image-2023-11-17-at-12.31.03-1024x681.jpeg?resize=800%2C532&#038;ssl=1\" alt=\"\" width=\"800\" height=\"532\" srcset=\"https:\/\/i0.wp.com\/politicosaldesnudo.com.mx\/wp-content\/uploads\/2023\/11\/WhatsApp-Image-2023-11-17-at-12.31.03.jpeg?resize=1024%2C681&amp;ssl=1 1024w, https:\/\/i0.wp.com\/politicosaldesnudo.com.mx\/wp-content\/uploads\/2023\/11\/WhatsApp-Image-2023-11-17-at-12.31.03.jpeg?resize=300%2C199&amp;ssl=1 300w, https:\/\/i0.wp.com\/politicosaldesnudo.com.mx\/wp-content\/uploads\/2023\/11\/WhatsApp-Image-2023-11-17-at-12.31.03.jpeg?resize=768%2C511&amp;ssl=1 768w, https:\/\/i0.wp.com\/politicosaldesnudo.com.mx\/wp-content\/uploads\/2023\/11\/WhatsApp-Image-2023-11-17-at-12.31.03.jpeg?w=1280&amp;ssl=1 1280w\" sizes=\"auto, (max-width: 800px) 100vw, 800px\" \/><\/p>\n<p><span style=\"font-size: 14pt;\">Con la colaboraci\u00f3n de Grupo \u00d3ptico del Totonacapan, se realizaron ex\u00e1menes gratuitos de la vista, que permitir\u00e1n identificar problemas visuales, ofreciendo la posibilidad de acceder a lentes con un bajo costo.<\/span><\/p>\n<p><img data-recalc-dims=\"1\" loading=\"lazy\" decoding=\"async\" class=\"aligncenter size-large wp-image-25961\" src=\"https:\/\/i0.wp.com\/politicosaldesnudo.com.mx\/wp-content\/uploads\/2023\/11\/WhatsApp-Image-2023-11-17-at-12.31.03-3-1024x681.jpeg?resize=800%2C532&#038;ssl=1\" alt=\"\" width=\"800\" height=\"532\" srcset=\"https:\/\/i0.wp.com\/politicosaldesnudo.com.mx\/wp-content\/uploads\/2023\/11\/WhatsApp-Image-2023-11-17-at-12.31.03-3.jpeg?resize=1024%2C681&amp;ssl=1 1024w, https:\/\/i0.wp.com\/politicosaldesnudo.com.mx\/wp-content\/uploads\/2023\/11\/WhatsApp-Image-2023-11-17-at-12.31.03-3.jpeg?resize=300%2C199&amp;ssl=1 300w, https:\/\/i0.wp.com\/politicosaldesnudo.com.mx\/wp-content\/uploads\/2023\/11\/WhatsApp-Image-2023-11-17-at-12.31.03-3.jpeg?resize=768%2C511&amp;ssl=1 768w, https:\/\/i0.wp.com\/politicosaldesnudo.com.mx\/wp-content\/uploads\/2023\/11\/WhatsApp-Image-2023-11-17-at-12.31.03-3.jpeg?w=1280&amp;ssl=1 1280w\" sizes=\"auto, (max-width: 800px) 100vw, 800px\" \/><\/p>\n<p><span style=\"font-size: 14pt;\">La s\u00edndica \u00fanica, Mtra. Beatriz Pi\u00f1a Vergara, invit\u00f3 a la poblaci\u00f3n a que asista a estas jornadas y aprovechen este beneficio para que reciban la atenci\u00f3n que requieren en el cuidado de su salud visual.<\/span><\/p>\n<p><img data-recalc-dims=\"1\" loading=\"lazy\" decoding=\"async\" class=\"aligncenter size-large wp-image-25959\" src=\"https:\/\/i0.wp.com\/politicosaldesnudo.com.mx\/wp-content\/uploads\/2023\/11\/WhatsApp-Image-2023-11-17-at-12.31.03-1-1024x681.jpeg?resize=800%2C532&#038;ssl=1\" alt=\"\" width=\"800\" height=\"532\" srcset=\"https:\/\/i0.wp.com\/politicosaldesnudo.com.mx\/wp-content\/uploads\/2023\/11\/WhatsApp-Image-2023-11-17-at-12.31.03-1.jpeg?resize=1024%2C681&amp;ssl=1 1024w, https:\/\/i0.wp.com\/politicosaldesnudo.com.mx\/wp-content\/uploads\/2023\/11\/WhatsApp-Image-2023-11-17-at-12.31.03-1.jpeg?resize=300%2C199&amp;ssl=1 300w, https:\/\/i0.wp.com\/politicosaldesnudo.com.mx\/wp-content\/uploads\/2023\/11\/WhatsApp-Image-2023-11-17-at-12.31.03-1.jpeg?resize=768%2C511&amp;ssl=1 768w, https:\/\/i0.wp.com\/politicosaldesnudo.com.mx\/wp-content\/uploads\/2023\/11\/WhatsApp-Image-2023-11-17-at-12.31.03-1.jpeg?w=1280&amp;ssl=1 1280w\" sizes=\"auto, (max-width: 800px) 100vw, 800px\" \/><\/p>\n<p><span style=\"font-size: 14pt;\">As\u00ed mismo, inform\u00f3 que estas campa\u00f1as continuar\u00e1n realiz\u00e1ndose todos los jueves, de 10:00 de la ma\u00f1ana a 3:00 de la tarde, hasta finalizar el a\u00f1o.<\/span><\/p>\n<p><span style=\"font-size: 14pt;\">De esta manera, el gobierno de Tuxpan que preside el Lic. Jos\u00e9 Manuel Pozos Castro contribuye a mejorar la salud visual de las y los tuxpe\u00f1os, as\u00ed como a apoyar su econom\u00eda familiar.<\/span><\/p>\n","protected":false},"excerpt":{"rendered":"<p>Tuxpan, Ver.- Con el objetivo de detectar y atender padecimientos oculares en ni\u00f1as, ni\u00f1os y adultos, se llev\u00f3 a cabo<\/p>\n","protected":false},"author":4,"featured_media":25960,"comment_status":"closed","ping_status":"closed","sticky":false,"template":"","format":"standard","meta":{"colormag_page_container_layout":"default_layout","colormag_page_sidebar_layout":"default_layout","_jetpack_memberships_contains_paid_content":false,"footnotes":"","jetpack_publicize_message":"","jetpack_publicize_feature_enabled":true,"jetpack_social_post_already_shared":false,"jetpack_social_options":{"image_generator_settings":{"template":"highway","default_image_id":0,"font":"","enabled":false},"version":2}},"categories":[1082],"tags":[],"class_list":["post-25958","post","type-post","status-publish","format-standard","has-post-thumbnail","hentry","category-tuxpan"],"jetpack_publicize_connections":[],"jetpack_featured_media_url":"https:\/\/i0.wp.com\/politicosaldesnudo.com.mx\/wp-content\/uploads\/2023\/11\/WhatsApp-Image-2023-11-17-at-12.31.03-2.jpeg?fit=1280%2C851&ssl=1","jetpack-related-posts":[],"jetpack_sharing_enabled":true,"_links":{"self":[{"href":"https:\/\/politicosaldesnudo.com.mx\/index.php\/wp-json\/wp\/v2\/posts\/25958","targetHints":{"allow":["GET"]}}],"collection":[{"href":"https:\/\/politicosaldesnudo.com.mx\/index.php\/wp-json\/wp\/v2\/posts"}],"about":[{"href":"https:\/\/politicosaldesnudo.com.mx\/index.php\/wp-json\/wp\/v2\/types\/post"}],"author":[{"embeddable":true,"href":"https:\/\/politicosaldesnudo.com.mx\/index.php\/wp-json\/wp\/v2\/users\/4"}],"replies":[{"embeddable":true,"href":"https:\/\/politicosaldesnudo.com.mx\/index.php\/wp-json\/wp\/v2\/comments?post=25958"}],"version-history":[{"count":0,"href":"https:\/\/politicosaldesnudo.com.mx\/index.php\/wp-json\/wp\/v2\/posts\/25958\/revisions"}],"wp:featuredmedia":[{"embeddable":true,"href":"https:\/\/politicosaldesnudo.com.mx\/index.php\/wp-json\/wp\/v2\/media\/25960"}],"wp:attachment":[{"href":"https:\/\/politicosaldesnudo.com.mx\/index.php\/wp-json\/wp\/v2\/media?parent=25958"}],"wp:term":[{"taxonomy":"category","embeddable":true,"href":"https:\/\/politicosaldesnudo.com.mx\/index.php\/wp-json\/wp\/v2\/categories?post=25958"},{"taxonomy":"post_tag","embeddable":true,"href":"https:\/\/politicosaldesnudo.com.mx\/index.php\/wp-json\/wp\/v2\/tags?post=25958"}],"curies":[{"name":"wp","href":"https:\/\/api.w.org\/{rel}","templated":true}]}}