{"id":26012,"date":"2023-11-20T02:19:59","date_gmt":"2023-11-20T08:19:59","guid":{"rendered":"https:\/\/politicosaldesnudo.com.mx\/?p=26012"},"modified":"2023-11-20T02:19:59","modified_gmt":"2023-11-20T08:19:59","slug":"de-los-6-solo-son-2","status":"publish","type":"post","link":"https:\/\/politicosaldesnudo.com.mx\/index.php\/2023\/11\/20\/de-los-6-solo-son-2\/","title":{"rendered":"De los 6, solo son 2"},"content":{"rendered":"<p><strong><span style=\"font-size: 14pt;\">Por Pepe Valencia<\/span><\/strong><\/p>\n<p><span style=\"font-size: 14pt;\">Ni Anil\u00fa \u00cdngram Vallines ni\u00a0 Lorena Pi\u00f1\u00f3n Rivera ser\u00e1 la candidata a la gubernatura. Tampoco va\u00a0 Marlon Ram\u00edrez Mar\u00edn ni Cirilo V\u00e1zquez Parisi. Los incluyeron de relleno. Los \u00fanicos con probabilidades son los Yunes, H\u00e9ctor y Pepe.<\/span><\/p>\n<p><span style=\"font-size: 14pt;\">Por encuesta, acuerdo o dedazo, un Yunes competir\u00e1 como\u00a0 candidato del Frente Amplio para gobernador de Veracruz contra Roc\u00edo Nahle, de Morena.<\/span><\/p>\n<p><span style=\"font-size: 14pt;\">La inc\u00f3gnita contin\u00faa en\u00a0 Movimiento Ciudadano. Jos\u00e9 Manuel del R\u00edo Virgen volvi\u00f3 a declarar que MC puede ganar la gubernatura sin necesidad de aliarse con otros partidos. No se sabe a\u00fan a qui\u00e9n postular\u00e1.<\/span><\/p>\n<p><span style=\"font-size: 14pt;\">En reuni\u00f3n con periodistas del Grupo de los Diez, le pregunt\u00e9 la semana pasada a Del R\u00edo Virgen:<\/span><\/p>\n<p><span style=\"font-size: 14pt;\">\u00a0&#8211;\u00bfDante Delgado podr\u00eda ser el candidato a gobernador? &#8211;y Manuel contest\u00f3:<\/span><\/p>\n<p><span style=\"font-size: 14pt;\">&#8211;Me encantar\u00eda que Dante fuera el candidato.<\/span><\/p>\n<p><span style=\"font-size: 14pt;\">Dentro de unos d\u00edas m\u00e1s se dar\u00e1n a conocer los nombres de los candidatos de PAN-PRI-PRD y de Movimiento Ciudadano.<\/span><\/p>\n<p><img data-recalc-dims=\"1\" loading=\"lazy\" decoding=\"async\" class=\"aligncenter size-full wp-image-25981\" src=\"https:\/\/i0.wp.com\/politicosaldesnudo.com.mx\/wp-content\/uploads\/2023\/11\/FIRMA-EDITORIAL-PD-2.jpg?resize=800%2C98&#038;ssl=1\" alt=\"\" width=\"800\" height=\"98\" srcset=\"https:\/\/i0.wp.com\/politicosaldesnudo.com.mx\/wp-content\/uploads\/2023\/11\/FIRMA-EDITORIAL-PD-2.jpg?w=1024&amp;ssl=1 1024w, https:\/\/i0.wp.com\/politicosaldesnudo.com.mx\/wp-content\/uploads\/2023\/11\/FIRMA-EDITORIAL-PD-2.jpg?resize=300%2C37&amp;ssl=1 300w, https:\/\/i0.wp.com\/politicosaldesnudo.com.mx\/wp-content\/uploads\/2023\/11\/FIRMA-EDITORIAL-PD-2.jpg?resize=768%2C94&amp;ssl=1 768w\" sizes=\"auto, (max-width: 800px) 100vw, 800px\" \/><\/p>\n","protected":false},"excerpt":{"rendered":"<p>Por Pepe Valencia Ni Anil\u00fa \u00cdngram Vallines ni\u00a0 Lorena Pi\u00f1\u00f3n Rivera ser\u00e1 la candidata a la gubernatura. Tampoco va\u00a0 Marlon<\/p>\n","protected":false},"author":4,"featured_media":23766,"comment_status":"closed","ping_status":"closed","sticky":false,"template":"","format":"standard","meta":{"colormag_page_container_layout":"default_layout","colormag_page_sidebar_layout":"default_layout","_jetpack_memberships_contains_paid_content":false,"footnotes":"","jetpack_publicize_message":"","jetpack_publicize_feature_enabled":true,"jetpack_social_post_already_shared":false,"jetpack_social_options":{"image_generator_settings":{"template":"highway","default_image_id":0,"font":"","enabled":false},"version":2}},"categories":[26],"tags":[],"class_list":["post-26012","post","type-post","status-publish","format-standard","has-post-thumbnail","hentry","category-columnistas"],"jetpack_publicize_connections":[],"jetpack_featured_media_url":"https:\/\/i0.wp.com\/politicosaldesnudo.com.mx\/wp-content\/uploads\/2023\/09\/PEPE-VALENCIA.jpg?fit=711%2C394&ssl=1","jetpack-related-posts":[],"jetpack_sharing_enabled":true,"_links":{"self":[{"href":"https:\/\/politicosaldesnudo.com.mx\/index.php\/wp-json\/wp\/v2\/posts\/26012","targetHints":{"allow":["GET"]}}],"collection":[{"href":"https:\/\/politicosaldesnudo.com.mx\/index.php\/wp-json\/wp\/v2\/posts"}],"about":[{"href":"https:\/\/politicosaldesnudo.com.mx\/index.php\/wp-json\/wp\/v2\/types\/post"}],"author":[{"embeddable":true,"href":"https:\/\/politicosaldesnudo.com.mx\/index.php\/wp-json\/wp\/v2\/users\/4"}],"replies":[{"embeddable":true,"href":"https:\/\/politicosaldesnudo.com.mx\/index.php\/wp-json\/wp\/v2\/comments?post=26012"}],"version-history":[{"count":0,"href":"https:\/\/politicosaldesnudo.com.mx\/index.php\/wp-json\/wp\/v2\/posts\/26012\/revisions"}],"wp:featuredmedia":[{"embeddable":true,"href":"https:\/\/politicosaldesnudo.com.mx\/index.php\/wp-json\/wp\/v2\/media\/23766"}],"wp:attachment":[{"href":"https:\/\/politicosaldesnudo.com.mx\/index.php\/wp-json\/wp\/v2\/media?parent=26012"}],"wp:term":[{"taxonomy":"category","embeddable":true,"href":"https:\/\/politicosaldesnudo.com.mx\/index.php\/wp-json\/wp\/v2\/categories?post=26012"},{"taxonomy":"post_tag","embeddable":true,"href":"https:\/\/politicosaldesnudo.com.mx\/index.php\/wp-json\/wp\/v2\/tags?post=26012"}],"curies":[{"name":"wp","href":"https:\/\/api.w.org\/{rel}","templated":true}]}}