{"id":26038,"date":"2023-11-20T11:40:04","date_gmt":"2023-11-20T17:40:04","guid":{"rendered":"https:\/\/politicosaldesnudo.com.mx\/?p=26038"},"modified":"2023-11-20T11:40:04","modified_gmt":"2023-11-20T17:40:04","slug":"no-queremos-reconciliarnos-con-la-corrupcion-sheinbaum","status":"publish","type":"post","link":"https:\/\/politicosaldesnudo.com.mx\/index.php\/2023\/11\/20\/no-queremos-reconciliarnos-con-la-corrupcion-sheinbaum\/","title":{"rendered":"\u00abNo queremos reconciliarnos con la corrupci\u00f3n\u00bb: Sheinbaum"},"content":{"rendered":"<p><span style=\"font-size: 14pt;\">Al iniciar este lunes su precampa\u00f1a como parte del proceso rumbo a la elecci\u00f3n presidencial del pr\u00f3ximo 2024, Claudia Sheinbaum, precandidata de la coalici\u00f3n Sigamos Haciendo Historia (Morena, PT y PVEM), lanz\u00f3 su primer espot como parte de esta fase, en el que expresa que \u201cno queremos reconciliarnos con la corrupci\u00f3n y los privilegios, regresar al pasado no es opci\u00f3n\u201d.<\/span><\/p>\n<p><span style=\"font-size: 14pt;\">En el video que difundi\u00f3 esta ma\u00f1ana en redes sociales, la precandidata \u00fanica del partido guinda y sus aliados agreg\u00f3: \u201cEstoy orgullosa de ser parte de la transformaci\u00f3n, orgullosa de ser mexicana, sigamos construyendo el mejor M\u00e9xico posible\u201d<\/span><\/p>\n<p><span style=\"font-size: 14pt;\">En tanto, en su cuenta de Equis (Twitter), recalc\u00f3: \u201cHoy iniciamos una nueva etapa con la alegr\u00eda de saber que vamos por el camino correcto, el de la honestidad y resultados, la construcci\u00f3n de los grandes derechos y el amor al pueblo de M\u00e9xico\u201d.<\/span><\/p>\n<p><span style=\"font-size: 14pt;\">La ex jefa de Gobierno de la Ciudad de M\u00e9xico arrancar\u00e1 esta ma\u00f1ana su precampa\u00f1a a la Presidencia de la Rep\u00fablica en Veracruz, donde tiene programado un encuentro con militantes en Boca del R\u00edo y en Medell\u00edn de Bravo.<\/span><\/p>\n","protected":false},"excerpt":{"rendered":"<p>Al iniciar este lunes su precampa\u00f1a como parte del proceso rumbo a la elecci\u00f3n presidencial del pr\u00f3ximo 2024, Claudia Sheinbaum,<\/p>\n","protected":false},"author":4,"featured_media":26039,"comment_status":"closed","ping_status":"closed","sticky":false,"template":"","format":"standard","meta":{"colormag_page_container_layout":"default_layout","colormag_page_sidebar_layout":"default_layout","_jetpack_memberships_contains_paid_content":false,"footnotes":"","jetpack_publicize_message":"","jetpack_publicize_feature_enabled":true,"jetpack_social_post_already_shared":false,"jetpack_social_options":{"image_generator_settings":{"template":"highway","default_image_id":0,"font":"","enabled":false},"version":2}},"categories":[33],"tags":[],"class_list":["post-26038","post","type-post","status-publish","format-standard","has-post-thumbnail","hentry","category-nacional"],"jetpack_publicize_connections":[],"jetpack_featured_media_url":"https:\/\/i0.wp.com\/politicosaldesnudo.com.mx\/wp-content\/uploads\/2023\/11\/channels4_profile.jpg?fit=900%2C900&ssl=1","jetpack-related-posts":[],"jetpack_sharing_enabled":true,"_links":{"self":[{"href":"https:\/\/politicosaldesnudo.com.mx\/index.php\/wp-json\/wp\/v2\/posts\/26038","targetHints":{"allow":["GET"]}}],"collection":[{"href":"https:\/\/politicosaldesnudo.com.mx\/index.php\/wp-json\/wp\/v2\/posts"}],"about":[{"href":"https:\/\/politicosaldesnudo.com.mx\/index.php\/wp-json\/wp\/v2\/types\/post"}],"author":[{"embeddable":true,"href":"https:\/\/politicosaldesnudo.com.mx\/index.php\/wp-json\/wp\/v2\/users\/4"}],"replies":[{"embeddable":true,"href":"https:\/\/politicosaldesnudo.com.mx\/index.php\/wp-json\/wp\/v2\/comments?post=26038"}],"version-history":[{"count":0,"href":"https:\/\/politicosaldesnudo.com.mx\/index.php\/wp-json\/wp\/v2\/posts\/26038\/revisions"}],"wp:featuredmedia":[{"embeddable":true,"href":"https:\/\/politicosaldesnudo.com.mx\/index.php\/wp-json\/wp\/v2\/media\/26039"}],"wp:attachment":[{"href":"https:\/\/politicosaldesnudo.com.mx\/index.php\/wp-json\/wp\/v2\/media?parent=26038"}],"wp:term":[{"taxonomy":"category","embeddable":true,"href":"https:\/\/politicosaldesnudo.com.mx\/index.php\/wp-json\/wp\/v2\/categories?post=26038"},{"taxonomy":"post_tag","embeddable":true,"href":"https:\/\/politicosaldesnudo.com.mx\/index.php\/wp-json\/wp\/v2\/tags?post=26038"}],"curies":[{"name":"wp","href":"https:\/\/api.w.org\/{rel}","templated":true}]}}