{"id":26117,"date":"2023-11-22T00:18:40","date_gmt":"2023-11-22T06:18:40","guid":{"rendered":"https:\/\/politicosaldesnudo.com.mx\/?p=26117"},"modified":"2023-11-22T00:18:40","modified_gmt":"2023-11-22T06:18:40","slug":"traiciones-y-venganzas-en-campana","status":"publish","type":"post","link":"https:\/\/politicosaldesnudo.com.mx\/index.php\/2023\/11\/22\/traiciones-y-venganzas-en-campana\/","title":{"rendered":"Traiciones y venganzas en campa\u00f1a"},"content":{"rendered":"<p><span style=\"font-size: 18pt; color: #cc99ff;\"><strong>ALMA GRANDE<\/strong><\/span><\/p>\n<p><span style=\"font-size: 18pt; color: #cc99ff;\"><strong>Por \u00c1ngel \u00c1lvaro Pe\u00f1a<\/strong><\/span><\/p>\n<p><span style=\"font-size: 14pt;\">El PRI nunca en su vida hab\u00eda dejado de tener un candidato propio a la Presidencia de la Rep\u00fablica y, desde que hay elecciones para elegir Jefe de Gobierno en la capital, siempre hab\u00eda tenido un candidato que lo representara; esta vez s\u00f3lo es comparsa.<\/span><\/p>\n<p><span style=\"font-size: 14pt;\">La conformaci\u00f3n del Frente Amplio por M\u00e9xico, siempre tuvo cr\u00edticas severas dentro y fuera de las filas de los tres partidos que lo integran. Algunos, tal vez muchos, se decepcionaron de esos partidos, otros consideraron que la uni\u00f3n hace la fuerza y le echaron ganas a la alianza, entre ellos estaba el alcalde de Cuajimalpa, el priista Adri\u00e1n Rubalcava, a quien reeligieron en 2021, por su aceptaci\u00f3n en esa irregular \u00e1rea de la capital.<\/span><\/p>\n<p><img data-recalc-dims=\"1\" loading=\"lazy\" decoding=\"async\" class=\"aligncenter size-full wp-image-26118\" src=\"https:\/\/i0.wp.com\/politicosaldesnudo.com.mx\/wp-content\/uploads\/2023\/11\/Adrian-Rubalcava.jpg?resize=800%2C600&#038;ssl=1\" alt=\"\" width=\"800\" height=\"600\" srcset=\"https:\/\/i0.wp.com\/politicosaldesnudo.com.mx\/wp-content\/uploads\/2023\/11\/Adrian-Rubalcava.jpg?w=800&amp;ssl=1 800w, https:\/\/i0.wp.com\/politicosaldesnudo.com.mx\/wp-content\/uploads\/2023\/11\/Adrian-Rubalcava.jpg?resize=300%2C225&amp;ssl=1 300w, https:\/\/i0.wp.com\/politicosaldesnudo.com.mx\/wp-content\/uploads\/2023\/11\/Adrian-Rubalcava.jpg?resize=768%2C576&amp;ssl=1 768w\" sizes=\"auto, (max-width: 800px) 100vw, 800px\" \/><\/p>\n<p><span style=\"font-size: 18pt;\">Rubalcava extern\u00f3 al l\u00edder de su partido, Alejandro Moreno, la intenci\u00f3n de participar como candidato del PRI y del Frente Amplio por M\u00e9xico, por la jefatura de gobierno. Le dio de palabra todas las facilidades, pero, a la hora de cumplir en los hechos, a la medianoche del viernes 17, los l\u00edderes nacionales de los tres partidos designaron en lo oscurito de la noche y dieron su apoyo al panista Santiago Taboada, alcalde de Benito Ju\u00e1rez.<\/span><\/p>\n<p><span style=\"font-size: 14pt;\">Paralelamente a esta historia est\u00e1 el debate en el Legislativo para que la fiscal de la Ciudad de M\u00e9xico, Ernestina Godoy, contin\u00fae en su cargo. Hermana del diputado Leonel Godoy, ex gobernador de Michoac\u00e1n. A Morena en este proceso le hacen falta 6 diputados para asegurar la permanencia de la fiscal.<\/span><\/p>\n<p><img data-recalc-dims=\"1\" loading=\"lazy\" decoding=\"async\" class=\"aligncenter size-full wp-image-26120\" src=\"https:\/\/i0.wp.com\/politicosaldesnudo.com.mx\/wp-content\/uploads\/2023\/11\/Ernestina-Godoy.jpg?resize=800%2C600&#038;ssl=1\" alt=\"\" width=\"800\" height=\"600\" srcset=\"https:\/\/i0.wp.com\/politicosaldesnudo.com.mx\/wp-content\/uploads\/2023\/11\/Ernestina-Godoy.jpg?w=800&amp;ssl=1 800w, https:\/\/i0.wp.com\/politicosaldesnudo.com.mx\/wp-content\/uploads\/2023\/11\/Ernestina-Godoy.jpg?resize=300%2C225&amp;ssl=1 300w, https:\/\/i0.wp.com\/politicosaldesnudo.com.mx\/wp-content\/uploads\/2023\/11\/Ernestina-Godoy.jpg?resize=768%2C576&amp;ssl=1 768w\" sizes=\"auto, (max-width: 800px) 100vw, 800px\" \/><\/p>\n<p><span style=\"font-size: 14pt;\">Ante el debate parlamentario, que es muy cercano, surgen dos variantes, la primera, que de esos seis diputados, hay por lo menos el voto de un perredista que no rechazar\u00e1 su permanencia en la fiscal\u00eda, el de V\u00edctor Hugo Lobo, quien sali\u00f3 de su partido junto con 65 militantes hace unos d\u00edas, su voto ser\u00e1 por la permanencia de Ernestina Godoy. As\u00ed s\u00f3lo le faltar\u00eda 5 votos a Morena para ratificarla.<\/span><\/p>\n<p><span style=\"font-size: 14pt;\">La segunda, viene lo dif\u00edcil para la oposici\u00f3n, porque Adri\u00e1n Rubalcava, con influencia en 40 de los 69 diputados priistas, quiere convencerlos de votar a favor de que la fiscal contin\u00fae, lo cual es muy posible, con lo cual el l\u00edder nacional priista quedar\u00eda contra la pared. Esta medida la toma como represalia a la traici\u00f3n del l\u00edder nacional priista, Alejandro Moreno, por sacarlo de la contienda luego de asegurarle que estar\u00eda incluido.<\/span><\/p>\n<p><img data-recalc-dims=\"1\" loading=\"lazy\" decoding=\"async\" class=\"aligncenter size-large wp-image-26119\" src=\"https:\/\/i0.wp.com\/politicosaldesnudo.com.mx\/wp-content\/uploads\/2023\/11\/Alejandro-Moreno-1024x682.jpg?resize=800%2C533&#038;ssl=1\" alt=\"\" width=\"800\" height=\"533\" srcset=\"https:\/\/i0.wp.com\/politicosaldesnudo.com.mx\/wp-content\/uploads\/2023\/11\/Alejandro-Moreno.jpg?resize=1024%2C682&amp;ssl=1 1024w, https:\/\/i0.wp.com\/politicosaldesnudo.com.mx\/wp-content\/uploads\/2023\/11\/Alejandro-Moreno.jpg?resize=300%2C200&amp;ssl=1 300w, https:\/\/i0.wp.com\/politicosaldesnudo.com.mx\/wp-content\/uploads\/2023\/11\/Alejandro-Moreno.jpg?resize=768%2C511&amp;ssl=1 768w, https:\/\/i0.wp.com\/politicosaldesnudo.com.mx\/wp-content\/uploads\/2023\/11\/Alejandro-Moreno.jpg?w=1280&amp;ssl=1 1280w\" sizes=\"auto, (max-width: 800px) 100vw, 800px\" \/><\/p>\n<p><span style=\"font-size: 18pt;\">Si alguien le tiene miedo a la fiscal, es Alejandro Moreno, por sus cuentas pendientes con la justicia en materia de corrupci\u00f3n, y, adem\u00e1s, los panistas integrantes del c\u00e1rtel Inmobiliario del que forma parte el candidato del Frente, Santiago Taboada, es a que se contin\u00faen las investigaciones sobre el tema, donde muchos de los detenidos han confesado delatando a sus correligionarios, y dando pruebas de su responsabilidad. Hasta la fecha se han incautado 60 edificios, y algunos de los detenidos han dado inmuebles mal habidos para aminorar sus sentencias. Una de ellas ser\u00e1 utilizada para crear la oficina de denuncias por corrupci\u00f3n en las alcald\u00edas de la Ciudad de M\u00e9xico, ubicada en la alcald\u00eda Coyoac\u00e1n.<\/span><\/p>\n<p><img data-recalc-dims=\"1\" loading=\"lazy\" decoding=\"async\" class=\"aligncenter size-large wp-image-26121\" src=\"https:\/\/i0.wp.com\/politicosaldesnudo.com.mx\/wp-content\/uploads\/2023\/11\/Santiago-Taboada-1024x678.jpg?resize=800%2C530&#038;ssl=1\" alt=\"\" width=\"800\" height=\"530\" srcset=\"https:\/\/i0.wp.com\/politicosaldesnudo.com.mx\/wp-content\/uploads\/2023\/11\/Santiago-Taboada.jpg?resize=1024%2C678&amp;ssl=1 1024w, https:\/\/i0.wp.com\/politicosaldesnudo.com.mx\/wp-content\/uploads\/2023\/11\/Santiago-Taboada.jpg?resize=300%2C199&amp;ssl=1 300w, https:\/\/i0.wp.com\/politicosaldesnudo.com.mx\/wp-content\/uploads\/2023\/11\/Santiago-Taboada.jpg?resize=768%2C509&amp;ssl=1 768w, https:\/\/i0.wp.com\/politicosaldesnudo.com.mx\/wp-content\/uploads\/2023\/11\/Santiago-Taboada.jpg?w=1200&amp;ssl=1 1200w\" sizes=\"auto, (max-width: 800px) 100vw, 800px\" \/><\/p>\n<p><span style=\"font-size: 14pt;\">As\u00ed, la votaci\u00f3n por la permanencia o salida de Ernestina Godoy, tiene tintes electorales. El futuro de la fiscal est\u00e1 asegurado, porque de no ser ratificada por los legisladores, el Presidente podr\u00eda nombrarla ministra de la Suprema Corte de Justicia el pr\u00f3ximo a\u00f1o, cuando deban jubilarse dos ministros, porque como no se lograr\u00e1n las dos terceras partes del Senado para ungir a la nueva ministra, tendr\u00e1 que ser el Presidente quien la nombre directamente.<\/span><\/p>\n<p><span style=\"font-size: 14pt;\">As\u00ed, la situaci\u00f3n de traiciones y venganzas que seguramente repercutir\u00e1n en la elecci\u00f3n a la Presidencia de la Rep\u00fablica.<\/span><\/p>\n<p><span style=\"font-size: 14pt;\">PEGA Y CORRE.-Una gran mayor\u00eda de los diputados federales quiere reelegirse, algunos por segunda vez. As\u00ed, son 471 legisladores quienes externaron su intenci\u00f3n para repetir en el cargo. De ese total 119 diputados van por su tercer periodo en San L\u00e1zaro. No quieren soltar el hueso\u2026 Esta columna se publica los lunes, mi\u00e9rcoles y viernes.<\/span><\/p>\n<p><img data-recalc-dims=\"1\" loading=\"lazy\" decoding=\"async\" class=\"aligncenter size-full wp-image-25981\" src=\"https:\/\/i0.wp.com\/politicosaldesnudo.com.mx\/wp-content\/uploads\/2023\/11\/FIRMA-EDITORIAL-PD-2.jpg?resize=800%2C98&#038;ssl=1\" alt=\"\" width=\"800\" height=\"98\" srcset=\"https:\/\/i0.wp.com\/politicosaldesnudo.com.mx\/wp-content\/uploads\/2023\/11\/FIRMA-EDITORIAL-PD-2.jpg?w=1024&amp;ssl=1 1024w, https:\/\/i0.wp.com\/politicosaldesnudo.com.mx\/wp-content\/uploads\/2023\/11\/FIRMA-EDITORIAL-PD-2.jpg?resize=300%2C37&amp;ssl=1 300w, https:\/\/i0.wp.com\/politicosaldesnudo.com.mx\/wp-content\/uploads\/2023\/11\/FIRMA-EDITORIAL-PD-2.jpg?resize=768%2C94&amp;ssl=1 768w\" sizes=\"auto, (max-width: 800px) 100vw, 800px\" \/><\/p>\n","protected":false},"excerpt":{"rendered":"<p>ALMA GRANDE Por \u00c1ngel \u00c1lvaro Pe\u00f1a El PRI nunca en su vida hab\u00eda dejado de tener un candidato propio a<\/p>\n","protected":false},"author":4,"featured_media":15807,"comment_status":"closed","ping_status":"closed","sticky":false,"template":"","format":"standard","meta":{"colormag_page_container_layout":"default_layout","colormag_page_sidebar_layout":"default_layout","_jetpack_memberships_contains_paid_content":false,"footnotes":"","jetpack_publicize_message":"","jetpack_publicize_feature_enabled":true,"jetpack_social_post_already_shared":false,"jetpack_social_options":{"image_generator_settings":{"template":"highway","default_image_id":0,"font":"","enabled":false},"version":2}},"categories":[26],"tags":[],"class_list":["post-26117","post","type-post","status-publish","format-standard","has-post-thumbnail","hentry","category-columnistas"],"jetpack_publicize_connections":[],"jetpack_featured_media_url":"https:\/\/i0.wp.com\/politicosaldesnudo.com.mx\/wp-content\/uploads\/2023\/02\/ANGEL-ALVARO-PENA1.webp?fit=800%2C445&ssl=1","jetpack-related-posts":[],"jetpack_sharing_enabled":true,"_links":{"self":[{"href":"https:\/\/politicosaldesnudo.com.mx\/index.php\/wp-json\/wp\/v2\/posts\/26117","targetHints":{"allow":["GET"]}}],"collection":[{"href":"https:\/\/politicosaldesnudo.com.mx\/index.php\/wp-json\/wp\/v2\/posts"}],"about":[{"href":"https:\/\/politicosaldesnudo.com.mx\/index.php\/wp-json\/wp\/v2\/types\/post"}],"author":[{"embeddable":true,"href":"https:\/\/politicosaldesnudo.com.mx\/index.php\/wp-json\/wp\/v2\/users\/4"}],"replies":[{"embeddable":true,"href":"https:\/\/politicosaldesnudo.com.mx\/index.php\/wp-json\/wp\/v2\/comments?post=26117"}],"version-history":[{"count":0,"href":"https:\/\/politicosaldesnudo.com.mx\/index.php\/wp-json\/wp\/v2\/posts\/26117\/revisions"}],"wp:featuredmedia":[{"embeddable":true,"href":"https:\/\/politicosaldesnudo.com.mx\/index.php\/wp-json\/wp\/v2\/media\/15807"}],"wp:attachment":[{"href":"https:\/\/politicosaldesnudo.com.mx\/index.php\/wp-json\/wp\/v2\/media?parent=26117"}],"wp:term":[{"taxonomy":"category","embeddable":true,"href":"https:\/\/politicosaldesnudo.com.mx\/index.php\/wp-json\/wp\/v2\/categories?post=26117"},{"taxonomy":"post_tag","embeddable":true,"href":"https:\/\/politicosaldesnudo.com.mx\/index.php\/wp-json\/wp\/v2\/tags?post=26117"}],"curies":[{"name":"wp","href":"https:\/\/api.w.org\/{rel}","templated":true}]}}