{"id":26158,"date":"2023-11-22T09:11:13","date_gmt":"2023-11-22T15:11:13","guid":{"rendered":"https:\/\/politicosaldesnudo.com.mx\/?p=26158"},"modified":"2023-11-22T09:11:13","modified_gmt":"2023-11-22T15:11:13","slug":"al-menos-50-muertos-por-inundaciones-en-somalia","status":"publish","type":"post","link":"https:\/\/politicosaldesnudo.com.mx\/index.php\/2023\/11\/22\/al-menos-50-muertos-por-inundaciones-en-somalia\/","title":{"rendered":"Al menos 50 muertos por inundaciones en Somalia"},"content":{"rendered":"<p><span style=\"font-size: 14pt;\">Al menos 50 personas murieron y casi 700 mil tuvieron que abandonar sus hogares en Somalia debido a las devastadoras inundaciones que provoca el fen\u00f3meno clim\u00e1tico de El Ni\u00f1o, anunciaron responsables somal\u00edes.<\/span><\/p>\n<p class=\"western\"><span style=\"font-size: 14pt;\">Los servicios meteorol\u00f3gicos anuncian fuertes lluvias en las pr\u00f3ximas horas, lo que puede agravar la situaci\u00f3n, agregaron los responsables.<\/span><\/p>\n<p class=\"western\"><span style=\"font-size: 14pt;\">Las lluvias y crecidas destruyeron puentes e inundaron zonas residenciales, se indic\u00f3.<\/span><\/p>\n<p class=\"western\"><span style=\"font-size: 14pt;\">\u00abCincuenta personas murieron en la c\u00e1t\u00e1strofe\u00bb y \u00ab687 mil 235 personas tuvieron que abandonar sus casas\u00bb, declar\u00f3 Mohamud Moalim Abdullahi, director de la agencia somal\u00ed de gesti\u00f3n de cat\u00e1strofes.<\/span><\/p>\n<p class=\"western\"><span style=\"font-size: 14pt;\">\u00abLas lluvias previstas entre el 21 y el 24 de noviembre pueden provocar nuevas inundaciones y m\u00e1s muertos y destrucciones\u00bb, agreg\u00f3.<\/span><\/p>\n<p class=\"western\"><span style=\"font-size: 14pt;\">En total, 1,7 millones de personas fueron afectadas de una u otra forma por la cat\u00e1strofe, seg\u00fan la \u00faltima estimaci\u00f3n de la Oficina de la ONU para la Coordinaci\u00f3n de Asuntos Humanitarios (OCHA) difundida el fin de semana.<\/span><\/p>\n<p class=\"western\"><span style=\"font-size: 14pt;\">El Cuerno de \u00c1frica, que abarca en el este del continente a Somalia, Yibuti, Etiop\u00eda y Eritrea, frente a la Pen\u00ednsula Ar\u00e1biga, es una de las regiones m\u00e1s vulnerables al cambio clim\u00e1tico.<\/span><\/p>\n<p class=\"western\"><span style=\"font-size: 14pt;\">En esa zona, los fen\u00f3menos meteorol\u00f3gicos extremos son cada vez m\u00e1s frecuentes e intensos.<\/span><\/p>\n<p class=\"western\"><span style=\"font-size: 14pt;\">La regi\u00f3n est\u00e1 saliendo de su peor sequ\u00eda en cuarenta a\u00f1os, que arruin\u00f3 los cultivos y diezm\u00f3 el ganado, dejando en dram\u00e1tica situaci\u00f3n a millones de personas.<\/span><\/p>\n<p class=\"western\"><span style=\"font-size: 14pt;\">Las organizaciones humanitarias advirtieron que la situaci\u00f3n s\u00f3lo puede empeorar ya que se estima que el fen\u00f3meno de El Ni\u00f1o va a durar hasta, por lo menos, abril de 2024.<\/span><\/p>\n","protected":false},"excerpt":{"rendered":"<p>Al menos 50 personas murieron y casi 700 mil tuvieron que abandonar sus hogares en Somalia debido a las devastadoras<\/p>\n","protected":false},"author":4,"featured_media":26159,"comment_status":"closed","ping_status":"closed","sticky":false,"template":"","format":"standard","meta":{"colormag_page_container_layout":"default_layout","colormag_page_sidebar_layout":"default_layout","_jetpack_memberships_contains_paid_content":false,"footnotes":"","jetpack_publicize_message":"","jetpack_publicize_feature_enabled":true,"jetpack_social_post_already_shared":false,"jetpack_social_options":{"image_generator_settings":{"template":"highway","default_image_id":0,"font":"","enabled":false},"version":2}},"categories":[28],"tags":[],"class_list":["post-26158","post","type-post","status-publish","format-standard","has-post-thumbnail","hentry","category-internacional"],"jetpack_publicize_connections":[],"jetpack_featured_media_url":"https:\/\/i0.wp.com\/politicosaldesnudo.com.mx\/wp-content\/uploads\/2023\/11\/67365252_605.jpg?fit=1199%2C674&ssl=1","jetpack-related-posts":[],"jetpack_sharing_enabled":true,"_links":{"self":[{"href":"https:\/\/politicosaldesnudo.com.mx\/index.php\/wp-json\/wp\/v2\/posts\/26158","targetHints":{"allow":["GET"]}}],"collection":[{"href":"https:\/\/politicosaldesnudo.com.mx\/index.php\/wp-json\/wp\/v2\/posts"}],"about":[{"href":"https:\/\/politicosaldesnudo.com.mx\/index.php\/wp-json\/wp\/v2\/types\/post"}],"author":[{"embeddable":true,"href":"https:\/\/politicosaldesnudo.com.mx\/index.php\/wp-json\/wp\/v2\/users\/4"}],"replies":[{"embeddable":true,"href":"https:\/\/politicosaldesnudo.com.mx\/index.php\/wp-json\/wp\/v2\/comments?post=26158"}],"version-history":[{"count":0,"href":"https:\/\/politicosaldesnudo.com.mx\/index.php\/wp-json\/wp\/v2\/posts\/26158\/revisions"}],"wp:featuredmedia":[{"embeddable":true,"href":"https:\/\/politicosaldesnudo.com.mx\/index.php\/wp-json\/wp\/v2\/media\/26159"}],"wp:attachment":[{"href":"https:\/\/politicosaldesnudo.com.mx\/index.php\/wp-json\/wp\/v2\/media?parent=26158"}],"wp:term":[{"taxonomy":"category","embeddable":true,"href":"https:\/\/politicosaldesnudo.com.mx\/index.php\/wp-json\/wp\/v2\/categories?post=26158"},{"taxonomy":"post_tag","embeddable":true,"href":"https:\/\/politicosaldesnudo.com.mx\/index.php\/wp-json\/wp\/v2\/tags?post=26158"}],"curies":[{"name":"wp","href":"https:\/\/api.w.org\/{rel}","templated":true}]}}