{"id":26185,"date":"2023-11-23T16:31:30","date_gmt":"2023-11-23T22:31:30","guid":{"rendered":"https:\/\/politicosaldesnudo.com.mx\/?p=26185"},"modified":"2023-11-23T16:31:30","modified_gmt":"2023-11-23T22:31:30","slug":"regresa-monreal-a-su-escano-en-el-senado","status":"publish","type":"post","link":"https:\/\/politicosaldesnudo.com.mx\/index.php\/2023\/11\/23\/regresa-monreal-a-su-escano-en-el-senado\/","title":{"rendered":"Regresa Monreal a su esca\u00f1o en el Senado"},"content":{"rendered":"<p><span style=\"font-size: 14pt;\">Ricardo Monreal regresa a su esca\u00f1o en el Senado, luego de cinco meses de que pidi\u00f3 licencia al cargo para contender por la candidatura de Morena a la Presidencia de la Rep\u00fablica.<\/span><\/p>\n<p><span style=\"font-size: 14pt;\">Durante la sesi\u00f3n de hoy, se dio entrada a la carta en la que Monreal anuncia su reincorporaci\u00f3n, con fecha de hoy, a sus tareas legislativas en el Senado.<\/span><\/p>\n<p><span style=\"font-size: 14pt;\">La intenci\u00f3n es que regrese a la coordinaci\u00f3n de Morena en el \u00faltimo tramo de la legislatura, dado que el actual coordinador, Eduardo Ram\u00edrez Aguilar es candidato del partido guinda a la gubernatura de Chiapas y en enero deber\u00e1 entrar de lleno a su precampa\u00f1a.<\/span><\/p>\n<p><span style=\"font-size: 14pt;\">Ram\u00edrez Aguilar declar\u00f3 en d\u00edas pasados que \u00e9l lo invit\u00f3 a regresar a su esca\u00f1o, dado que muchos de los Morenistas estar\u00e1n inmersos el pr\u00f3ximo a\u00f1o en el proceso electoral.<\/span><\/p>\n","protected":false},"excerpt":{"rendered":"<p>Ricardo Monreal regresa a su esca\u00f1o en el Senado, luego de cinco meses de que pidi\u00f3 licencia al cargo para<\/p>\n","protected":false},"author":4,"featured_media":26186,"comment_status":"closed","ping_status":"closed","sticky":false,"template":"","format":"standard","meta":{"colormag_page_container_layout":"default_layout","colormag_page_sidebar_layout":"default_layout","_jetpack_memberships_contains_paid_content":false,"footnotes":"","jetpack_publicize_message":"","jetpack_publicize_feature_enabled":true,"jetpack_social_post_already_shared":false,"jetpack_social_options":{"image_generator_settings":{"template":"highway","default_image_id":0,"font":"","enabled":false},"version":2}},"categories":[33],"tags":[],"class_list":["post-26185","post","type-post","status-publish","format-standard","has-post-thumbnail","hentry","category-nacional"],"jetpack_publicize_connections":[],"jetpack_featured_media_url":"https:\/\/i0.wp.com\/politicosaldesnudo.com.mx\/wp-content\/uploads\/2023\/11\/0-grande.jpg?fit=800%2C450&ssl=1","jetpack-related-posts":[],"jetpack_sharing_enabled":true,"_links":{"self":[{"href":"https:\/\/politicosaldesnudo.com.mx\/index.php\/wp-json\/wp\/v2\/posts\/26185","targetHints":{"allow":["GET"]}}],"collection":[{"href":"https:\/\/politicosaldesnudo.com.mx\/index.php\/wp-json\/wp\/v2\/posts"}],"about":[{"href":"https:\/\/politicosaldesnudo.com.mx\/index.php\/wp-json\/wp\/v2\/types\/post"}],"author":[{"embeddable":true,"href":"https:\/\/politicosaldesnudo.com.mx\/index.php\/wp-json\/wp\/v2\/users\/4"}],"replies":[{"embeddable":true,"href":"https:\/\/politicosaldesnudo.com.mx\/index.php\/wp-json\/wp\/v2\/comments?post=26185"}],"version-history":[{"count":0,"href":"https:\/\/politicosaldesnudo.com.mx\/index.php\/wp-json\/wp\/v2\/posts\/26185\/revisions"}],"wp:featuredmedia":[{"embeddable":true,"href":"https:\/\/politicosaldesnudo.com.mx\/index.php\/wp-json\/wp\/v2\/media\/26186"}],"wp:attachment":[{"href":"https:\/\/politicosaldesnudo.com.mx\/index.php\/wp-json\/wp\/v2\/media?parent=26185"}],"wp:term":[{"taxonomy":"category","embeddable":true,"href":"https:\/\/politicosaldesnudo.com.mx\/index.php\/wp-json\/wp\/v2\/categories?post=26185"},{"taxonomy":"post_tag","embeddable":true,"href":"https:\/\/politicosaldesnudo.com.mx\/index.php\/wp-json\/wp\/v2\/tags?post=26185"}],"curies":[{"name":"wp","href":"https:\/\/api.w.org\/{rel}","templated":true}]}}