{"id":26188,"date":"2023-11-23T16:57:37","date_gmt":"2023-11-23T22:57:37","guid":{"rendered":"https:\/\/politicosaldesnudo.com.mx\/?p=26188"},"modified":"2023-11-23T16:57:37","modified_gmt":"2023-11-23T22:57:37","slug":"aprueban-diputados-tipificar-como-delito-usar-drones-para-cometer-ilicitos","status":"publish","type":"post","link":"https:\/\/politicosaldesnudo.com.mx\/index.php\/2023\/11\/23\/aprueban-diputados-tipificar-como-delito-usar-drones-para-cometer-ilicitos\/","title":{"rendered":"Aprueban diputados tipificar como delito usar drones para cometer il\u00edcitos"},"content":{"rendered":"<p><span style=\"font-size: 14pt;\">La C\u00e1mara de Diputados aprob\u00f3 la reforma propuesta por el presidente Andr\u00e9s Manuel L\u00f3pez Obrador, para tipificar el delito de uso de drones con explosivos o transportar sustancias para cometer delitos o crear terror.<\/span><\/p>\n<p><span style=\"font-size: 14pt;\">Con 419 votos en favor \u2013la mayor\u00eda de MC se abstuvo-, el pleno de la c\u00e1mara aval\u00f3 reformas al C\u00f3digo Penal Federal, as\u00ed como a la Ley Federal de Armas de Fuego y Explosivos, para sancionar con prisi\u00f3n de entre 20 a 53 a\u00f1os a quien utilice aeronaves tripuladas a distancia como armas.<\/span><\/p>\n<p><span style=\"font-size: 14pt;\">En la tribuna, la diputada Amairany Pe\u00f1a (Morena) explic\u00f3 que actualmente los drones son utilizados por el crimen organizado \u201cdesde el halconeo, tr\u00e1fico de drogas y ataques con explosivos y sustancias qu\u00edmicas\u201d.<\/span><\/p>\n<p><span style=\"font-size: 14pt;\">Refiri\u00f3 que, seg\u00fan estad\u00edsticas de las fuerzas armadas, se han registrado en los a\u00f1os recientes m\u00e1s de 600 ataques con drones equipados con explosivos, sobre todo en Guerrero, Michoac\u00e1n y Tamaulipas.<\/span><\/p>\n<p><span style=\"font-size: 14pt;\">Dijo que, por ejemplo, en enero el crimen organizado utiliz\u00f3 drones para arrojar explosivos sobre comunidades en Michoac\u00e1n y en julio viviendas de Apatzing\u00e1n resultaron con da\u00f1os por ataques con drones equipados con bombas; adem\u00e1s, hubo personas heridas.<\/span><\/p>\n<p><span style=\"font-size: 14pt;\">\u201cEl problema que se intenta solucionar no es menor. Estar\u00edamos fortaleciendo la pol\u00edtica contra el crimen en el pa\u00eds, al crear tipos penales para la debida sanci\u00f3n\u201d, se\u00f1al\u00f3.<\/span><\/p>\n<p><span style=\"font-size: 14pt;\">Inform\u00f3 que, al actualizar la Ley Federal de Armas de Fuego y Explosivos, se considera como armas de uso exclusivo del ej\u00e9rcito y las fuerzas armadas, todas aquellas aeronaves pilotadas a distancia para transportar y detonar explosivos.<\/span><\/p>\n<p><span style=\"font-size: 14pt;\">La reforma se envi\u00f3 al Senado para su estudio y ratificaci\u00f3n.<\/span><\/p>\n","protected":false},"excerpt":{"rendered":"<p>La C\u00e1mara de Diputados aprob\u00f3 la reforma propuesta por el presidente Andr\u00e9s Manuel L\u00f3pez Obrador, para tipificar el delito de<\/p>\n","protected":false},"author":4,"featured_media":26189,"comment_status":"closed","ping_status":"closed","sticky":false,"template":"","format":"standard","meta":{"colormag_page_container_layout":"default_layout","colormag_page_sidebar_layout":"default_layout","_jetpack_memberships_contains_paid_content":false,"footnotes":"","jetpack_publicize_message":"","jetpack_publicize_feature_enabled":true,"jetpack_social_post_already_shared":false,"jetpack_social_options":{"image_generator_settings":{"template":"highway","default_image_id":0,"font":"","enabled":false},"version":2}},"categories":[33],"tags":[],"class_list":["post-26188","post","type-post","status-publish","format-standard","has-post-thumbnail","hentry","category-nacional"],"jetpack_publicize_connections":[],"jetpack_featured_media_url":"https:\/\/i0.wp.com\/politicosaldesnudo.com.mx\/wp-content\/uploads\/2023\/11\/camara-dron-opt-1024x683-1.jpg?fit=1024%2C683&ssl=1","jetpack-related-posts":[],"jetpack_sharing_enabled":true,"_links":{"self":[{"href":"https:\/\/politicosaldesnudo.com.mx\/index.php\/wp-json\/wp\/v2\/posts\/26188","targetHints":{"allow":["GET"]}}],"collection":[{"href":"https:\/\/politicosaldesnudo.com.mx\/index.php\/wp-json\/wp\/v2\/posts"}],"about":[{"href":"https:\/\/politicosaldesnudo.com.mx\/index.php\/wp-json\/wp\/v2\/types\/post"}],"author":[{"embeddable":true,"href":"https:\/\/politicosaldesnudo.com.mx\/index.php\/wp-json\/wp\/v2\/users\/4"}],"replies":[{"embeddable":true,"href":"https:\/\/politicosaldesnudo.com.mx\/index.php\/wp-json\/wp\/v2\/comments?post=26188"}],"version-history":[{"count":0,"href":"https:\/\/politicosaldesnudo.com.mx\/index.php\/wp-json\/wp\/v2\/posts\/26188\/revisions"}],"wp:featuredmedia":[{"embeddable":true,"href":"https:\/\/politicosaldesnudo.com.mx\/index.php\/wp-json\/wp\/v2\/media\/26189"}],"wp:attachment":[{"href":"https:\/\/politicosaldesnudo.com.mx\/index.php\/wp-json\/wp\/v2\/media?parent=26188"}],"wp:term":[{"taxonomy":"category","embeddable":true,"href":"https:\/\/politicosaldesnudo.com.mx\/index.php\/wp-json\/wp\/v2\/categories?post=26188"},{"taxonomy":"post_tag","embeddable":true,"href":"https:\/\/politicosaldesnudo.com.mx\/index.php\/wp-json\/wp\/v2\/tags?post=26188"}],"curies":[{"name":"wp","href":"https:\/\/api.w.org\/{rel}","templated":true}]}}