{"id":26191,"date":"2023-11-23T17:03:16","date_gmt":"2023-11-23T23:03:16","guid":{"rendered":"https:\/\/politicosaldesnudo.com.mx\/?p=26191"},"modified":"2023-11-23T17:03:16","modified_gmt":"2023-11-23T23:03:16","slug":"los-tres-morenos-y-su-dartagnan","status":"publish","type":"post","link":"https:\/\/politicosaldesnudo.com.mx\/index.php\/2023\/11\/23\/los-tres-morenos-y-su-dartagnan\/","title":{"rendered":"Los tres morenos y su D&#8217;Artagnan"},"content":{"rendered":"<p><span style=\"font-size: 14pt;\"><strong>Por: Luis Ram\u00edrez Baqueiro<\/strong><\/span><\/p>\n<p><span style=\"font-size: 12pt;\"><em>\u201cEn la venganza, como en el amor, la mujer es m\u00e1s b\u00e1rbara que el hombre.\u201d \u2013 F. Nietzsche.<\/em><\/span><\/p>\n<p><span style=\"font-size: 14pt;\">A qu\u00e9 interesante es la pol\u00edtica veracruzana, pues las similitudes o paralelismos que se presentan a veces encuentran similitudes con grandes novelas de la historia de la Literatura Mundial.<\/span><\/p>\n<p><span style=\"font-size: 14pt;\">Si Alejandro Dumas hubiera conocido el Veracruz en tiempos de la 4T, posiblemente no escribir\u00eda una de sus obras m\u00e1s relevantes. Pero por fortuna, fue a la inversa, vivi\u00f3 y muri\u00f3 en el siglo decimon\u00f3nico, dejando grandes novelas, que nos han hecho so\u00f1ar a todos.<\/span><\/p>\n<p><span style=\"font-size: 14pt;\">Una de ellas, <em>\u201cLes trois mousquetaires\u201d<\/em> \u00f3 Los Tres Mosqueteros publicada inicialmente en folletines por el peri\u00f3dico <em>Le Si\u00e8cle<\/em>, entre marzo y julio de 1844. En ese mismo a\u00f1o fue publicada como volumen por la editorial Baudry y reeditada en 1846 por J. B. Fellens y L. P. Dufour, con ilustraciones de Vivant Beauc\u00e9.<\/span><\/p>\n<p><span style=\"font-size: 14pt;\">Esa novela \u2013llevada en mil versiones al cine- narra las aventuras de un joven gasc\u00f3n de 18 a\u00f1os, conocido como D\u2019Artagnan \u2013que en el paralelismo llamaremos Juan Javier G\u00f3mez Cazar\u00edn, presidente de la Junta de Coordinaci\u00f3n Pol\u00edtica del Congreso Local-, que se va a Par\u00eds-Xalapa- para hacerse mosquetero. Los verdaderos mosqueteros son Athos, Porthos y Aramis \u2013Zenyanzen Escobar, ex secretario de Educaci\u00f3n, Jos\u00e9 Luis Lima Franco, secretario de Finanzas y Planeaci\u00f3n y Eleazar Guerrero, subsecretario de Finanzas-, amigos inseparables que viven bajo el lema \u201cTodos para uno, uno para todos\u201d. D\u2019Artagnan primero se enfrenta separadamente a cada uno de ellos, pero terminan siendo sus amigos.<\/span><\/p>\n<p><span style=\"font-size: 14pt;\">Juntos sirven al rey Luis XIII \u2013Cuitl\u00e1huac Garc\u00eda Jim\u00e9nez, Gobernador de Veracruz- y se enfrentan a su primer ministro, el cardenal Richelieu \u2013Eric Patrocinio Cisneros Burgos , alias el Bola 8, ex secretario de Gobierno-, y a sus agentes Milady de Winter \u2013Ver\u00f3nica Hern\u00e1ndez Giandans, Fiscal General del Estado- y el conde de Rochefort \u2013Cuauht\u00e9moc Z\u00fa\u00f1iga Bonilla, Secretario de Seguridad P\u00fablica-, para as\u00ed resguardar el honor de la reina Ana de Austria \u2013Roc\u00edo Nahle Garc\u00eda \u2013coordinadora de los Comit\u00e9s para la Defensa de la 4T en Veracruz-.<\/span><\/p>\n<p><span style=\"font-size: 14pt;\">La historia y el desenlace lo conocemos todos, los Mosqueteros junto a D\u2019Artagna vencen al malvado y tenebroso cardenal Richelieu, salvando el honor de la Reina Ana de Austria.<\/span><\/p>\n<p><span style=\"font-size: 14pt;\">Algo as\u00ed qued\u00f3 comprobado desde el pasado lunes, martes y mi\u00e9rcoles en Veracruz con la Gira que realizar\u00e1 Claudia Sheinbaum Pardo, como precandidata a la presidencia de M\u00e9xico, el equipo que meses atr\u00e1s cerrar\u00e1 filas con la ingeniera Roc\u00edo Nahle le demostr\u00f3 que en eso de la operaci\u00f3n y movilizaci\u00f3n, son los buenos.<\/span><\/p>\n<p><span style=\"font-size: 14pt;\">Tristemente como escribiera Dumas, el malo de la historia est\u00e1 desaparecido, algunos dicen que lo vieron en un aeropuerto saliendo del pa\u00eds, otros que est\u00e1 encerrado a piedra y lodo en su fortaleza de Coatepec, pero lo verdaderamente cierto, es que la sociedad veracruzana lo desprecia y no desea volverlo a ver m\u00e1s.<\/span><\/p>\n<p><span style=\"font-size: 14pt;\">La fuerza de la Coordinadora de la Defensa de la 4T en Veracruz, Roc\u00edo Nahle Garc\u00eda es m\u00e1s que evidente, borrado del mapa y prontamente de la historia, ha instruido no darle cabida a ning\u00fan resquicio de Morena.<\/span><\/p>\n<p><span style=\"font-size: 14pt;\">A los operadores de Nahle Garc\u00eda les alcanzar\u00e1 el tiempo para continuar recorriendo la entidad en favor de consolidar la 4T del presidente Andr\u00e9s Manuel L\u00f3pez Obrador, quien los tiene muy bien identificados y recomendados.<\/span><\/p>\n<p><span style=\"font-size: 14pt;\">No le extra\u00f1e, que sean los \u00fanicos que transiten en la posible futura administraci\u00f3n dentro del mismo gabinete de Nahle Garc\u00eda o en alguna curul en San L\u00e1zaro o en la Avenida Encanto de Xalapa.<\/span><\/p>\n<p><span style=\"font-size: 14pt;\">\u00a0Al tiempo.<\/span><\/p>\n<p><img data-recalc-dims=\"1\" loading=\"lazy\" decoding=\"async\" class=\"aligncenter size-full wp-image-25981\" src=\"https:\/\/i0.wp.com\/politicosaldesnudo.com.mx\/wp-content\/uploads\/2023\/11\/FIRMA-EDITORIAL-PD-2.jpg?resize=800%2C98&#038;ssl=1\" alt=\"\" width=\"800\" height=\"98\" srcset=\"https:\/\/i0.wp.com\/politicosaldesnudo.com.mx\/wp-content\/uploads\/2023\/11\/FIRMA-EDITORIAL-PD-2.jpg?w=1024&amp;ssl=1 1024w, https:\/\/i0.wp.com\/politicosaldesnudo.com.mx\/wp-content\/uploads\/2023\/11\/FIRMA-EDITORIAL-PD-2.jpg?resize=300%2C37&amp;ssl=1 300w, https:\/\/i0.wp.com\/politicosaldesnudo.com.mx\/wp-content\/uploads\/2023\/11\/FIRMA-EDITORIAL-PD-2.jpg?resize=768%2C94&amp;ssl=1 768w\" sizes=\"auto, (max-width: 800px) 100vw, 800px\" \/><\/p>\n","protected":false},"excerpt":{"rendered":"<p>Por: Luis Ram\u00edrez Baqueiro \u201cEn la venganza, como en el amor, la mujer es m\u00e1s b\u00e1rbara que el hombre.\u201d \u2013<\/p>\n","protected":false},"author":4,"featured_media":4390,"comment_status":"closed","ping_status":"closed","sticky":false,"template":"","format":"standard","meta":{"colormag_page_container_layout":"default_layout","colormag_page_sidebar_layout":"default_layout","_jetpack_memberships_contains_paid_content":false,"footnotes":"","jetpack_publicize_message":"","jetpack_publicize_feature_enabled":true,"jetpack_social_post_already_shared":false,"jetpack_social_options":{"image_generator_settings":{"template":"highway","default_image_id":0,"font":"","enabled":false},"version":2}},"categories":[26],"tags":[],"class_list":["post-26191","post","type-post","status-publish","format-standard","has-post-thumbnail","hentry","category-columnistas"],"jetpack_publicize_connections":[],"jetpack_featured_media_url":"https:\/\/i0.wp.com\/politicosaldesnudo.com.mx\/wp-content\/uploads\/2022\/04\/LUIS-RAMI%CC%81REZ-BAQUEIRO.png?fit=1816%2C1016&ssl=1","jetpack-related-posts":[],"jetpack_sharing_enabled":true,"_links":{"self":[{"href":"https:\/\/politicosaldesnudo.com.mx\/index.php\/wp-json\/wp\/v2\/posts\/26191","targetHints":{"allow":["GET"]}}],"collection":[{"href":"https:\/\/politicosaldesnudo.com.mx\/index.php\/wp-json\/wp\/v2\/posts"}],"about":[{"href":"https:\/\/politicosaldesnudo.com.mx\/index.php\/wp-json\/wp\/v2\/types\/post"}],"author":[{"embeddable":true,"href":"https:\/\/politicosaldesnudo.com.mx\/index.php\/wp-json\/wp\/v2\/users\/4"}],"replies":[{"embeddable":true,"href":"https:\/\/politicosaldesnudo.com.mx\/index.php\/wp-json\/wp\/v2\/comments?post=26191"}],"version-history":[{"count":0,"href":"https:\/\/politicosaldesnudo.com.mx\/index.php\/wp-json\/wp\/v2\/posts\/26191\/revisions"}],"wp:featuredmedia":[{"embeddable":true,"href":"https:\/\/politicosaldesnudo.com.mx\/index.php\/wp-json\/wp\/v2\/media\/4390"}],"wp:attachment":[{"href":"https:\/\/politicosaldesnudo.com.mx\/index.php\/wp-json\/wp\/v2\/media?parent=26191"}],"wp:term":[{"taxonomy":"category","embeddable":true,"href":"https:\/\/politicosaldesnudo.com.mx\/index.php\/wp-json\/wp\/v2\/categories?post=26191"},{"taxonomy":"post_tag","embeddable":true,"href":"https:\/\/politicosaldesnudo.com.mx\/index.php\/wp-json\/wp\/v2\/tags?post=26191"}],"curies":[{"name":"wp","href":"https:\/\/api.w.org\/{rel}","templated":true}]}}