{"id":26193,"date":"2023-11-23T17:05:55","date_gmt":"2023-11-23T23:05:55","guid":{"rendered":"https:\/\/politicosaldesnudo.com.mx\/?p=26193"},"modified":"2023-11-23T17:05:55","modified_gmt":"2023-11-23T23:05:55","slug":"el-cem-esta-de-fiesta","status":"publish","type":"post","link":"https:\/\/politicosaldesnudo.com.mx\/index.php\/2023\/11\/23\/el-cem-esta-de-fiesta\/","title":{"rendered":"El CEM est\u00e1 de fiesta"},"content":{"rendered":"<ul>\n<li><span style=\"font-size: 14pt;\"><strong> Cumple 34 a\u00f1os de su fundaci\u00f3n en la administraci\u00f3n de Guti\u00e9rrez Barrios<\/strong><\/span><\/li>\n<li><span style=\"font-size: 14pt;\"><strong> Merecen ser reconocidos todos sus trabajadores de la salud<\/strong><\/span><\/li>\n<li><span style=\"font-size: 14pt;\"><strong> Casos de dengue en Veracruz han aumentado considerablemente este 2023<\/strong><\/span><\/li>\n<\/ul>\n<p><span style=\"font-size: 14pt;\"><strong>Por Miguel \u00c1ngel Cristiani G.<\/strong><\/span><\/p>\n<p><span style=\"font-size: 14pt;\">El Centro de Especialidades M\u00e9dicas CEM \u201cDr. Rafael Lucio\u201d est\u00e1 de fiesta, porque este jueves 23 de noviembre, est\u00e1 cumpliendo 34 a\u00f1os de su creaci\u00f3n, durante la administraci\u00f3n del ex gobernador Fernando Guti\u00e9rrez Barrios, que en su momento vino a resolver un grave problema de atenci\u00f3n a los veracruzanos.<\/span><\/p>\n<p><span style=\"font-size: 14pt;\">Hoy en d\u00eda, igual que desde su fundaci\u00f3n, sigue atendiendo a miles de pacientes de diversos padecimientos.<\/span><\/p>\n<p><span style=\"font-size: 14pt;\">Merecen ser destacados y reconocidos, todo el ej\u00e9rcito de personal, de m\u00e9dicos, enfermeras y personal administrativo que en los distintos departamentos y especialidades m\u00e9dicas brindan el mejor de los servicios y atenci\u00f3n a los pacientes que acuden a recibir el alivio a sus padecimientos.<\/span><\/p>\n<p><span style=\"font-size: 14pt;\">Por eso en la entrada del CEM sigue teniendo vigencia el mensaje de Guti\u00e9rrez Barrios \u201cLa vida y la integridad f\u00edsica de la persona, son los valores supremos de nuestra existencia y si aceptamos que la preservaci\u00f3n de estos valores, es un deber que nos ata\u00f1e a todos, la salud es y seguir\u00e1 siendo meta fundamental para toda acci\u00f3n pol\u00edtica\u201d.<\/span><\/p>\n<p><span style=\"font-size: 14pt;\">Aunque hay que reconocer que a 34 a\u00f1os de distancia, el CEM al igual que hospital Civil, requieren de ampliaciones y m\u00e1s espacios, que ya resultan insuficientes para recibir a todos los enfermos.<\/span><\/p>\n<p><span style=\"font-size: 14pt;\">Nada m\u00e1s para no ir muy lejos, habr\u00eda que destacar el hecho de que en los servicios de urgencias, se est\u00e1n recibiendo un promedio de cincuenta pacientes con dengue normal y dos de ellos son con el dengue hemorr\u00e1gico, que como es sabido es mortal si no se atiende adecuadamente.<\/span><\/p>\n<p><span style=\"font-size: 14pt;\">Aunque las autoridades de Salud no reconocen que hay un creciente n\u00famero de pacientes de dengue.<\/span><\/p>\n<p><span style=\"font-size: 14pt;\">Los casos de dengue en Veracruz han aumentado considerablemente en el 2023, llegando a m\u00e1s de 8 mil casos confirmados y 26 defunciones.\u00a0<\/span><\/p>\n<p><span style=\"font-size: 14pt;\">Veracruz es el segundo estado con m\u00e1s casos de dengue en el pa\u00eds, solo superado por Yucat\u00e1n.\u00a0<\/span><\/p>\n<p><span style=\"font-size: 14pt;\">Los municipios m\u00e1s afectados son Teocelo, Zentla, Apazapan, Boca del R\u00edo, Xalapa y C\u00f3rdoba. El dengue es una enfermedad que se puede prevenir eliminando los criaderos del mosquito transmisor, usando repelente, ropa clara y mosquiteros, y acudiendo al m\u00e9dico ante cualquier s\u00edntoma.<\/span><\/p>\n<p><span style=\"font-size: 14pt;\">El estado de Veracruz contin\u00faa con fallecimientos a causa de dengue a pesar de las campa\u00f1as oficiales. Esto de acuerdo a datos federales.\u00a0<\/span><\/p>\n<p><span style=\"font-size: 14pt;\">Dichos n\u00fameros indican que, de acuerdo al \u00faltimo corte del 15 de noviembre, van 26 defunciones por casos de dengue, esta cifra aument\u00f3 de 19 a 26 en tan solo 8 d\u00edas.\u00a0<\/span><\/p>\n<p><span style=\"font-size: 14pt;\">Debido a esto, la entidad veracruzana ocupa la segunda posici\u00f3n con m\u00e1s muertes a causa de esta enfermedad viral, tan solo por debajo de Morelos, qui\u00e9n registra 27 fallecimientos.\u00a0<\/span><\/p>\n<p><span style=\"font-size: 14pt;\">La zona conurbada de Veracruz \u2013 Boca del R\u00edo registra 25 casos confirmados de dengue diariamente, esto de acuerdo a los datos proporcionados por el Centro de Investigaci\u00f3n Cl\u00ednica FAICIC.\u00a0<\/span><\/p>\n<p><span style=\"font-size: 14pt;\">Los casos positivos se dan m\u00e1s a menudo en las colonias Los Predios y Las Bajadas en Veracruz, mientras que en el municipio de Boca del R\u00edo las colonias que m\u00e1s registran casos confirmados son Las Vegas y La Carranza.<\/span><\/p>\n<p><span style=\"font-size: 14pt;\">El a\u00f1o pasado se tuvo solo un reporte de fallecimiento por dengue en el estado de Veracruz, seg\u00fan la Secretar\u00eda de Salud.<\/span><\/p>\n<p><span style=\"font-size: 14pt;\">El dengue es una enfermedad transmitida por mosquitos que puede causar fiebre, dolor de cabeza, dolor muscular y articular, y en algunos casos, sangrado y shock.\u00a0<\/span><\/p>\n<p><span style=\"font-size: 14pt;\">Para m\u00e1s informaci\u00f3n consulta nuestra p\u00e1gina <a href=\"https:\/\/www.xn--bitacoraspolticas-ovb.com\/\">https:\/\/www.xn--bitacoraspolticas-ovb.com\/<\/a>\u00a0<\/span><\/p>\n<p><img data-recalc-dims=\"1\" loading=\"lazy\" decoding=\"async\" class=\"aligncenter size-full wp-image-25981\" src=\"https:\/\/i0.wp.com\/politicosaldesnudo.com.mx\/wp-content\/uploads\/2023\/11\/FIRMA-EDITORIAL-PD-2.jpg?resize=800%2C98&#038;ssl=1\" alt=\"\" width=\"800\" height=\"98\" srcset=\"https:\/\/i0.wp.com\/politicosaldesnudo.com.mx\/wp-content\/uploads\/2023\/11\/FIRMA-EDITORIAL-PD-2.jpg?w=1024&amp;ssl=1 1024w, https:\/\/i0.wp.com\/politicosaldesnudo.com.mx\/wp-content\/uploads\/2023\/11\/FIRMA-EDITORIAL-PD-2.jpg?resize=300%2C37&amp;ssl=1 300w, https:\/\/i0.wp.com\/politicosaldesnudo.com.mx\/wp-content\/uploads\/2023\/11\/FIRMA-EDITORIAL-PD-2.jpg?resize=768%2C94&amp;ssl=1 768w\" sizes=\"auto, (max-width: 800px) 100vw, 800px\" \/><\/p>\n","protected":false},"excerpt":{"rendered":"<p>Cumple 34 a\u00f1os de su fundaci\u00f3n en la administraci\u00f3n de Guti\u00e9rrez Barrios Merecen ser reconocidos todos sus trabajadores de la<\/p>\n","protected":false},"author":4,"featured_media":3789,"comment_status":"closed","ping_status":"closed","sticky":false,"template":"","format":"standard","meta":{"colormag_page_container_layout":"default_layout","colormag_page_sidebar_layout":"default_layout","_jetpack_memberships_contains_paid_content":false,"footnotes":"","jetpack_publicize_message":"","jetpack_publicize_feature_enabled":true,"jetpack_social_post_already_shared":false,"jetpack_social_options":{"image_generator_settings":{"template":"highway","default_image_id":0,"font":"","enabled":false},"version":2}},"categories":[26],"tags":[],"class_list":["post-26193","post","type-post","status-publish","format-standard","has-post-thumbnail","hentry","category-columnistas"],"jetpack_publicize_connections":[],"jetpack_featured_media_url":"https:\/\/i0.wp.com\/politicosaldesnudo.com.mx\/wp-content\/uploads\/2022\/04\/CRISTIANI.png?fit=1816%2C1016&ssl=1","jetpack-related-posts":[],"jetpack_sharing_enabled":true,"_links":{"self":[{"href":"https:\/\/politicosaldesnudo.com.mx\/index.php\/wp-json\/wp\/v2\/posts\/26193","targetHints":{"allow":["GET"]}}],"collection":[{"href":"https:\/\/politicosaldesnudo.com.mx\/index.php\/wp-json\/wp\/v2\/posts"}],"about":[{"href":"https:\/\/politicosaldesnudo.com.mx\/index.php\/wp-json\/wp\/v2\/types\/post"}],"author":[{"embeddable":true,"href":"https:\/\/politicosaldesnudo.com.mx\/index.php\/wp-json\/wp\/v2\/users\/4"}],"replies":[{"embeddable":true,"href":"https:\/\/politicosaldesnudo.com.mx\/index.php\/wp-json\/wp\/v2\/comments?post=26193"}],"version-history":[{"count":0,"href":"https:\/\/politicosaldesnudo.com.mx\/index.php\/wp-json\/wp\/v2\/posts\/26193\/revisions"}],"wp:featuredmedia":[{"embeddable":true,"href":"https:\/\/politicosaldesnudo.com.mx\/index.php\/wp-json\/wp\/v2\/media\/3789"}],"wp:attachment":[{"href":"https:\/\/politicosaldesnudo.com.mx\/index.php\/wp-json\/wp\/v2\/media?parent=26193"}],"wp:term":[{"taxonomy":"category","embeddable":true,"href":"https:\/\/politicosaldesnudo.com.mx\/index.php\/wp-json\/wp\/v2\/categories?post=26193"},{"taxonomy":"post_tag","embeddable":true,"href":"https:\/\/politicosaldesnudo.com.mx\/index.php\/wp-json\/wp\/v2\/tags?post=26193"}],"curies":[{"name":"wp","href":"https:\/\/api.w.org\/{rel}","templated":true}]}}