{"id":26247,"date":"2023-11-24T19:16:04","date_gmt":"2023-11-25T01:16:04","guid":{"rendered":"https:\/\/politicosaldesnudo.com.mx\/?p=26247"},"modified":"2023-11-24T19:16:04","modified_gmt":"2023-11-25T01:16:04","slug":"gobierno-de-tuxpan-entrega-moderno-equipamiento-a-la-policia-municipal-para-continuar-fortaleciendo-la-seguridad-ciudadana","status":"publish","type":"post","link":"https:\/\/politicosaldesnudo.com.mx\/index.php\/2023\/11\/24\/gobierno-de-tuxpan-entrega-moderno-equipamiento-a-la-policia-municipal-para-continuar-fortaleciendo-la-seguridad-ciudadana\/","title":{"rendered":"Gobierno de Tuxpan entrega moderno equipamiento a la Polic\u00eda Municipal, para continuar fortaleciendo la seguridad ciudadana"},"content":{"rendered":"<p><strong><span style=\"font-size: 14pt;\">\u2022 \u201cSin seguridad no hay desarrollo\u201d: Jos\u00e9 Manuel Pozos Castro<\/span><\/strong><\/p>\n<p><span style=\"font-size: 14pt;\">Tuxpan, Ver., 24 noviembre 2023.- Con el firme objetivo de mejorar las herramientas de trabajo con que cuentan los elementos de Seguridad P\u00fablica Municipal, esta tarde el alcalde Jos\u00e9 Manuel Pozos Castro hizo entrega de uniformes y equipamiento a los elementos de dicha corporaci\u00f3n.<\/span><\/p>\n<p><img data-recalc-dims=\"1\" loading=\"lazy\" decoding=\"async\" class=\"aligncenter size-large wp-image-26249\" src=\"https:\/\/i0.wp.com\/politicosaldesnudo.com.mx\/wp-content\/uploads\/2023\/11\/WhatsApp-Image-2023-11-24-at-18.27.24-2-1024x681.jpeg?resize=800%2C532&#038;ssl=1\" alt=\"\" width=\"800\" height=\"532\" srcset=\"https:\/\/i0.wp.com\/politicosaldesnudo.com.mx\/wp-content\/uploads\/2023\/11\/WhatsApp-Image-2023-11-24-at-18.27.24-2.jpeg?resize=1024%2C681&amp;ssl=1 1024w, https:\/\/i0.wp.com\/politicosaldesnudo.com.mx\/wp-content\/uploads\/2023\/11\/WhatsApp-Image-2023-11-24-at-18.27.24-2.jpeg?resize=300%2C199&amp;ssl=1 300w, https:\/\/i0.wp.com\/politicosaldesnudo.com.mx\/wp-content\/uploads\/2023\/11\/WhatsApp-Image-2023-11-24-at-18.27.24-2.jpeg?resize=768%2C511&amp;ssl=1 768w, https:\/\/i0.wp.com\/politicosaldesnudo.com.mx\/wp-content\/uploads\/2023\/11\/WhatsApp-Image-2023-11-24-at-18.27.24-2.jpeg?w=1280&amp;ssl=1 1280w\" sizes=\"auto, (max-width: 800px) 100vw, 800px\" \/><\/p>\n<p><span style=\"font-size: 14pt;\">Con una inversi\u00f3n de 8 millones 382 mil 907 pesos, se entregaron 352 uniformes completos, 176 pares de botas, 2 cuatrimotos, 6 motocicletas, y 176 chalecos bal\u00edsticos nivel 3-A, con dos placas bal\u00edsticas nivel 4.<\/span><\/p>\n<p><img data-recalc-dims=\"1\" loading=\"lazy\" decoding=\"async\" class=\"aligncenter size-large wp-image-26250\" src=\"https:\/\/i0.wp.com\/politicosaldesnudo.com.mx\/wp-content\/uploads\/2023\/11\/WhatsApp-Image-2023-11-24-at-18.27.25-1024x681.jpeg?resize=800%2C532&#038;ssl=1\" alt=\"\" width=\"800\" height=\"532\" srcset=\"https:\/\/i0.wp.com\/politicosaldesnudo.com.mx\/wp-content\/uploads\/2023\/11\/WhatsApp-Image-2023-11-24-at-18.27.25.jpeg?resize=1024%2C681&amp;ssl=1 1024w, https:\/\/i0.wp.com\/politicosaldesnudo.com.mx\/wp-content\/uploads\/2023\/11\/WhatsApp-Image-2023-11-24-at-18.27.25.jpeg?resize=300%2C199&amp;ssl=1 300w, https:\/\/i0.wp.com\/politicosaldesnudo.com.mx\/wp-content\/uploads\/2023\/11\/WhatsApp-Image-2023-11-24-at-18.27.25.jpeg?resize=768%2C511&amp;ssl=1 768w, https:\/\/i0.wp.com\/politicosaldesnudo.com.mx\/wp-content\/uploads\/2023\/11\/WhatsApp-Image-2023-11-24-at-18.27.25.jpeg?w=1280&amp;ssl=1 1280w\" sizes=\"auto, (max-width: 800px) 100vw, 800px\" \/><\/p>\n<p><span style=\"font-size: 14pt;\">Estuvieron presentes el Vicealmirante CG DEM Juan Carlos Vera Salinas, comandante de la 5\u00aa Zona Naval; teniente coronel de infanter\u00eda DEM Dorian Polanco Trujillo, subjefe de Estado Mayor de la 19\u00aa Zona Militar; C.P. Jorge \u00c1vila Cruz, en representaci\u00f3n de la Sindicatura \u00danica.<\/span><\/p>\n<p><img data-recalc-dims=\"1\" loading=\"lazy\" decoding=\"async\" class=\"aligncenter size-large wp-image-26251\" src=\"https:\/\/i0.wp.com\/politicosaldesnudo.com.mx\/wp-content\/uploads\/2023\/11\/WhatsApp-Image-2023-11-24-at-18.27.25-3-1024x540.jpeg?resize=800%2C422&#038;ssl=1\" alt=\"\" width=\"800\" height=\"422\" srcset=\"https:\/\/i0.wp.com\/politicosaldesnudo.com.mx\/wp-content\/uploads\/2023\/11\/WhatsApp-Image-2023-11-24-at-18.27.25-3.jpeg?resize=1024%2C540&amp;ssl=1 1024w, https:\/\/i0.wp.com\/politicosaldesnudo.com.mx\/wp-content\/uploads\/2023\/11\/WhatsApp-Image-2023-11-24-at-18.27.25-3.jpeg?resize=300%2C158&amp;ssl=1 300w, https:\/\/i0.wp.com\/politicosaldesnudo.com.mx\/wp-content\/uploads\/2023\/11\/WhatsApp-Image-2023-11-24-at-18.27.25-3.jpeg?resize=768%2C405&amp;ssl=1 768w, https:\/\/i0.wp.com\/politicosaldesnudo.com.mx\/wp-content\/uploads\/2023\/11\/WhatsApp-Image-2023-11-24-at-18.27.25-3.jpeg?resize=390%2C205&amp;ssl=1 390w, https:\/\/i0.wp.com\/politicosaldesnudo.com.mx\/wp-content\/uploads\/2023\/11\/WhatsApp-Image-2023-11-24-at-18.27.25-3.jpeg?w=1158&amp;ssl=1 1158w\" sizes=\"auto, (max-width: 800px) 100vw, 800px\" \/><\/p>\n<p><span style=\"font-size: 14pt;\">Las regidoras y regidores Amado Guti\u00e9rrez Lima, comisionado en Polic\u00eda y Seguridad P\u00fablica; Mar\u00eda del Pilar Mart\u00ednez Matesanz, Maryanela Monroy Flores, Juan G\u00f3mez Garc\u00eda, Lucero Res\u00e9ndis Ambrosio y Axel Bernal Herrera; el Cap. de Fragata IMP Guillermo Alan V\u00e1zquez Guti\u00e9rrez, secretario de Seguridad P\u00fablica Municipal y el Tte. de Nav\u00edo Raymundo Torres Cruz, director de Polic\u00eda Municipal.<\/span><\/p>\n<p><img data-recalc-dims=\"1\" loading=\"lazy\" decoding=\"async\" class=\"aligncenter size-large wp-image-26252\" src=\"https:\/\/i0.wp.com\/politicosaldesnudo.com.mx\/wp-content\/uploads\/2023\/11\/WhatsApp-Image-2023-11-24-at-18.27.25-1-1024x781.jpeg?resize=800%2C610&#038;ssl=1\" alt=\"\" width=\"800\" height=\"610\" srcset=\"https:\/\/i0.wp.com\/politicosaldesnudo.com.mx\/wp-content\/uploads\/2023\/11\/WhatsApp-Image-2023-11-24-at-18.27.25-1-scaled.jpeg?resize=1024%2C781&amp;ssl=1 1024w, https:\/\/i0.wp.com\/politicosaldesnudo.com.mx\/wp-content\/uploads\/2023\/11\/WhatsApp-Image-2023-11-24-at-18.27.25-1-scaled.jpeg?resize=300%2C229&amp;ssl=1 300w, https:\/\/i0.wp.com\/politicosaldesnudo.com.mx\/wp-content\/uploads\/2023\/11\/WhatsApp-Image-2023-11-24-at-18.27.25-1-scaled.jpeg?resize=768%2C586&amp;ssl=1 768w, https:\/\/i0.wp.com\/politicosaldesnudo.com.mx\/wp-content\/uploads\/2023\/11\/WhatsApp-Image-2023-11-24-at-18.27.25-1-scaled.jpeg?resize=1536%2C1171&amp;ssl=1 1536w, https:\/\/i0.wp.com\/politicosaldesnudo.com.mx\/wp-content\/uploads\/2023\/11\/WhatsApp-Image-2023-11-24-at-18.27.25-1-scaled.jpeg?resize=2048%2C1562&amp;ssl=1 2048w, https:\/\/i0.wp.com\/politicosaldesnudo.com.mx\/wp-content\/uploads\/2023\/11\/WhatsApp-Image-2023-11-24-at-18.27.25-1-scaled.jpeg?w=1600&amp;ssl=1 1600w, https:\/\/i0.wp.com\/politicosaldesnudo.com.mx\/wp-content\/uploads\/2023\/11\/WhatsApp-Image-2023-11-24-at-18.27.25-1-scaled.jpeg?w=2400&amp;ssl=1 2400w\" sizes=\"auto, (max-width: 800px) 100vw, 800px\" \/><\/p>\n<p><span style=\"font-size: 14pt;\">\u201cLa seguridad es uno de los bienes m\u00e1s preciados y fundamentales en la vida de los ciudadanos. Solo se puede alcanzar el desarrollo y el bienestar, si existen condiciones plenas de seguridad\u201d, refiri\u00f3 el alcalde en su mensaje.<\/span><\/p>\n<p><img data-recalc-dims=\"1\" loading=\"lazy\" decoding=\"async\" class=\"aligncenter size-large wp-image-26253\" src=\"https:\/\/i0.wp.com\/politicosaldesnudo.com.mx\/wp-content\/uploads\/2023\/11\/WhatsApp-Image-2023-11-24-at-18.27.24-1024x681.jpeg?resize=800%2C532&#038;ssl=1\" alt=\"\" width=\"800\" height=\"532\" srcset=\"https:\/\/i0.wp.com\/politicosaldesnudo.com.mx\/wp-content\/uploads\/2023\/11\/WhatsApp-Image-2023-11-24-at-18.27.24.jpeg?resize=1024%2C681&amp;ssl=1 1024w, https:\/\/i0.wp.com\/politicosaldesnudo.com.mx\/wp-content\/uploads\/2023\/11\/WhatsApp-Image-2023-11-24-at-18.27.24.jpeg?resize=300%2C199&amp;ssl=1 300w, https:\/\/i0.wp.com\/politicosaldesnudo.com.mx\/wp-content\/uploads\/2023\/11\/WhatsApp-Image-2023-11-24-at-18.27.24.jpeg?resize=768%2C511&amp;ssl=1 768w, https:\/\/i0.wp.com\/politicosaldesnudo.com.mx\/wp-content\/uploads\/2023\/11\/WhatsApp-Image-2023-11-24-at-18.27.24.jpeg?w=1280&amp;ssl=1 1280w\" sizes=\"auto, (max-width: 800px) 100vw, 800px\" \/><\/p>\n<p><span style=\"font-size: 14pt;\">Mencion\u00f3 que Tuxpan mecer\u00e9 una polic\u00eda de alto nivel, por lo que permanentemente se est\u00e1n fortaleciendo las capacidades de la Polic\u00eda Municipal: \u201cHoy, Tuxpan es un municipio modelo a nivel nacional, porque hemos implementado acciones y estrategias que, en tan solo 2 a\u00f1os, nos han permitido restablecer la seguridad p\u00fablica y reforzar la cultura de paz\u201d.<\/span><\/p>\n<p><img data-recalc-dims=\"1\" loading=\"lazy\" decoding=\"async\" class=\"aligncenter size-large wp-image-26254\" src=\"https:\/\/i0.wp.com\/politicosaldesnudo.com.mx\/wp-content\/uploads\/2023\/11\/WhatsApp-Image-2023-11-24-at-18.27.24-1-1024x681.jpeg?resize=800%2C532&#038;ssl=1\" alt=\"\" width=\"800\" height=\"532\" srcset=\"https:\/\/i0.wp.com\/politicosaldesnudo.com.mx\/wp-content\/uploads\/2023\/11\/WhatsApp-Image-2023-11-24-at-18.27.24-1.jpeg?resize=1024%2C681&amp;ssl=1 1024w, https:\/\/i0.wp.com\/politicosaldesnudo.com.mx\/wp-content\/uploads\/2023\/11\/WhatsApp-Image-2023-11-24-at-18.27.24-1.jpeg?resize=300%2C199&amp;ssl=1 300w, https:\/\/i0.wp.com\/politicosaldesnudo.com.mx\/wp-content\/uploads\/2023\/11\/WhatsApp-Image-2023-11-24-at-18.27.24-1.jpeg?resize=768%2C511&amp;ssl=1 768w, https:\/\/i0.wp.com\/politicosaldesnudo.com.mx\/wp-content\/uploads\/2023\/11\/WhatsApp-Image-2023-11-24-at-18.27.24-1.jpeg?w=1280&amp;ssl=1 1280w\" sizes=\"auto, (max-width: 800px) 100vw, 800px\" \/><\/p>\n<p><span style=\"font-size: 14pt;\">Pozos Castro reconoci\u00f3 y agradeci\u00f3 el respaldo que brindan la Secretar\u00eda de Marina, la Secretar\u00eda de la Defensa Nacional, Guardia Nacional y Secretar\u00eda de Seguridad P\u00fablica del Estado, porque -dijo- solo trabajando de manera coordinada los tres niveles de gobierno en el tema de seguridad se pueden dar buenos resultados a la ciudadan\u00eda.<\/span><\/p>\n<p><span style=\"font-size: 14pt;\">\u201cCon el respaldo de nuestro cabildo hemos impulsado la tarea de dignificar las instalaciones de la polic\u00eda municipal y las condiciones laborales de los elementos. Estoy seguro de que, si seguimos apoyando a nuestro cuerpo de seguridad, no solo podemos tener la mejor polic\u00eda del estado, sino que Tuxpan puede tener la mejor polic\u00eda de M\u00e9xico\u201d.<\/span><\/p>\n<p><img data-recalc-dims=\"1\" loading=\"lazy\" decoding=\"async\" class=\"aligncenter size-large wp-image-26255\" src=\"https:\/\/i0.wp.com\/politicosaldesnudo.com.mx\/wp-content\/uploads\/2023\/11\/WhatsApp-Image-2023-11-24-at-18.27.25-2-1024x681.jpeg?resize=800%2C532&#038;ssl=1\" alt=\"\" width=\"800\" height=\"532\" srcset=\"https:\/\/i0.wp.com\/politicosaldesnudo.com.mx\/wp-content\/uploads\/2023\/11\/WhatsApp-Image-2023-11-24-at-18.27.25-2-scaled.jpeg?resize=1024%2C681&amp;ssl=1 1024w, https:\/\/i0.wp.com\/politicosaldesnudo.com.mx\/wp-content\/uploads\/2023\/11\/WhatsApp-Image-2023-11-24-at-18.27.25-2-scaled.jpeg?resize=300%2C200&amp;ssl=1 300w, https:\/\/i0.wp.com\/politicosaldesnudo.com.mx\/wp-content\/uploads\/2023\/11\/WhatsApp-Image-2023-11-24-at-18.27.25-2-scaled.jpeg?resize=768%2C511&amp;ssl=1 768w, https:\/\/i0.wp.com\/politicosaldesnudo.com.mx\/wp-content\/uploads\/2023\/11\/WhatsApp-Image-2023-11-24-at-18.27.25-2-scaled.jpeg?resize=1536%2C1022&amp;ssl=1 1536w, https:\/\/i0.wp.com\/politicosaldesnudo.com.mx\/wp-content\/uploads\/2023\/11\/WhatsApp-Image-2023-11-24-at-18.27.25-2-scaled.jpeg?resize=2048%2C1362&amp;ssl=1 2048w, https:\/\/i0.wp.com\/politicosaldesnudo.com.mx\/wp-content\/uploads\/2023\/11\/WhatsApp-Image-2023-11-24-at-18.27.25-2-scaled.jpeg?w=1600&amp;ssl=1 1600w, https:\/\/i0.wp.com\/politicosaldesnudo.com.mx\/wp-content\/uploads\/2023\/11\/WhatsApp-Image-2023-11-24-at-18.27.25-2-scaled.jpeg?w=2400&amp;ssl=1 2400w\" sizes=\"auto, (max-width: 800px) 100vw, 800px\" \/><\/p>\n<p><span style=\"font-size: 14pt;\">El polic\u00eda segundo Gustavo Ju\u00e1rez Castellanos, agradeci\u00f3 al gobierno de Tuxpan \u201ca nombre de quienes integramos este cuerpo policial les expresamos nuestro agradecimiento por su gesti\u00f3n ejecutiva en aras del fortalecimiento institucional, con el equipo necesario para prevenir y fortalecer nuestra labor\u201d.<\/span><\/p>\n<p><span style=\"font-size: 14pt;\">Indic\u00f3 que desde los primeros d\u00edas de esta administraci\u00f3n municipal se han mejorado las condiciones laborales.<\/span><\/p>\n<p><img data-recalc-dims=\"1\" loading=\"lazy\" decoding=\"async\" class=\"aligncenter size-large wp-image-26256\" src=\"https:\/\/i0.wp.com\/politicosaldesnudo.com.mx\/wp-content\/uploads\/2023\/11\/WhatsApp-Image-2023-11-24-at-18.27.19-1024x576.jpeg?resize=800%2C450&#038;ssl=1\" alt=\"\" width=\"800\" height=\"450\" srcset=\"https:\/\/i0.wp.com\/politicosaldesnudo.com.mx\/wp-content\/uploads\/2023\/11\/WhatsApp-Image-2023-11-24-at-18.27.19-scaled.jpeg?resize=1024%2C576&amp;ssl=1 1024w, https:\/\/i0.wp.com\/politicosaldesnudo.com.mx\/wp-content\/uploads\/2023\/11\/WhatsApp-Image-2023-11-24-at-18.27.19-scaled.jpeg?resize=300%2C169&amp;ssl=1 300w, https:\/\/i0.wp.com\/politicosaldesnudo.com.mx\/wp-content\/uploads\/2023\/11\/WhatsApp-Image-2023-11-24-at-18.27.19-scaled.jpeg?resize=768%2C432&amp;ssl=1 768w, https:\/\/i0.wp.com\/politicosaldesnudo.com.mx\/wp-content\/uploads\/2023\/11\/WhatsApp-Image-2023-11-24-at-18.27.19-scaled.jpeg?resize=1536%2C864&amp;ssl=1 1536w, https:\/\/i0.wp.com\/politicosaldesnudo.com.mx\/wp-content\/uploads\/2023\/11\/WhatsApp-Image-2023-11-24-at-18.27.19-scaled.jpeg?resize=2048%2C1152&amp;ssl=1 2048w, https:\/\/i0.wp.com\/politicosaldesnudo.com.mx\/wp-content\/uploads\/2023\/11\/WhatsApp-Image-2023-11-24-at-18.27.19-scaled.jpeg?w=1600&amp;ssl=1 1600w, https:\/\/i0.wp.com\/politicosaldesnudo.com.mx\/wp-content\/uploads\/2023\/11\/WhatsApp-Image-2023-11-24-at-18.27.19-scaled.jpeg?w=2400&amp;ssl=1 2400w\" sizes=\"auto, (max-width: 800px) 100vw, 800px\" \/><\/p>\n<p><span style=\"font-size: 14pt;\">\u201cTengan la plena certeza que la nueva polic\u00eda municipal de Tuxpan est\u00e1 lista para seguir avanzando en la implementaci\u00f3n del nuevo Modelo Nacional de Polic\u00eda y Justicia C\u00edvica.<\/span><\/p>\n<p><img data-recalc-dims=\"1\" loading=\"lazy\" decoding=\"async\" class=\"aligncenter size-large wp-image-26257\" src=\"https:\/\/i0.wp.com\/politicosaldesnudo.com.mx\/wp-content\/uploads\/2023\/11\/WhatsApp-Image-2023-11-24-at-18.27.19-1-1024x576.jpeg?resize=800%2C450&#038;ssl=1\" alt=\"\" width=\"800\" height=\"450\" srcset=\"https:\/\/i0.wp.com\/politicosaldesnudo.com.mx\/wp-content\/uploads\/2023\/11\/WhatsApp-Image-2023-11-24-at-18.27.19-1-scaled.jpeg?resize=1024%2C576&amp;ssl=1 1024w, https:\/\/i0.wp.com\/politicosaldesnudo.com.mx\/wp-content\/uploads\/2023\/11\/WhatsApp-Image-2023-11-24-at-18.27.19-1-scaled.jpeg?resize=300%2C169&amp;ssl=1 300w, https:\/\/i0.wp.com\/politicosaldesnudo.com.mx\/wp-content\/uploads\/2023\/11\/WhatsApp-Image-2023-11-24-at-18.27.19-1-scaled.jpeg?resize=768%2C432&amp;ssl=1 768w, https:\/\/i0.wp.com\/politicosaldesnudo.com.mx\/wp-content\/uploads\/2023\/11\/WhatsApp-Image-2023-11-24-at-18.27.19-1-scaled.jpeg?resize=1536%2C864&amp;ssl=1 1536w, https:\/\/i0.wp.com\/politicosaldesnudo.com.mx\/wp-content\/uploads\/2023\/11\/WhatsApp-Image-2023-11-24-at-18.27.19-1-scaled.jpeg?resize=2048%2C1152&amp;ssl=1 2048w, https:\/\/i0.wp.com\/politicosaldesnudo.com.mx\/wp-content\/uploads\/2023\/11\/WhatsApp-Image-2023-11-24-at-18.27.19-1-scaled.jpeg?w=1600&amp;ssl=1 1600w, https:\/\/i0.wp.com\/politicosaldesnudo.com.mx\/wp-content\/uploads\/2023\/11\/WhatsApp-Image-2023-11-24-at-18.27.19-1-scaled.jpeg?w=2400&amp;ssl=1 2400w\" sizes=\"auto, (max-width: 800px) 100vw, 800px\" \/><\/p>\n<p><span style=\"font-size: 14pt;\">Hacemos el compromiso p\u00fablico de seguirnos preparando, participando en programas de profesionalizaci\u00f3n. Estamos en la ruta correcta para que la nueva polic\u00eda municipal de Tuxpan sea de las mejores del estado y, por qu\u00e9 no, del pa\u00eds\u201d.<\/span><\/p>\n<p><span style=\"font-size: 14pt;\">Al finalizar el evento se enton\u00f3 el himno nacional y el director de la polic\u00eda, Raymundo Torres Cruz, realiz\u00f3 el exhorto a la corporaci\u00f3n polic\u00edaca.<\/span><\/p>\n","protected":false},"excerpt":{"rendered":"<p>\u2022 \u201cSin seguridad no hay desarrollo\u201d: Jos\u00e9 Manuel Pozos Castro Tuxpan, Ver., 24 noviembre 2023.- Con el firme objetivo de<\/p>\n","protected":false},"author":4,"featured_media":26248,"comment_status":"closed","ping_status":"closed","sticky":false,"template":"","format":"standard","meta":{"colormag_page_container_layout":"default_layout","colormag_page_sidebar_layout":"default_layout","_jetpack_memberships_contains_paid_content":false,"footnotes":"","jetpack_publicize_message":"","jetpack_publicize_feature_enabled":true,"jetpack_social_post_already_shared":false,"jetpack_social_options":{"image_generator_settings":{"template":"highway","default_image_id":0,"font":"","enabled":false},"version":2}},"categories":[1082],"tags":[],"class_list":["post-26247","post","type-post","status-publish","format-standard","has-post-thumbnail","hentry","category-tuxpan"],"jetpack_publicize_connections":[],"jetpack_featured_media_url":"https:\/\/i0.wp.com\/politicosaldesnudo.com.mx\/wp-content\/uploads\/2023\/11\/WhatsApp-Image-2023-11-24-at-18.27.23.jpeg?fit=1280%2C851&ssl=1","jetpack-related-posts":[],"jetpack_sharing_enabled":true,"_links":{"self":[{"href":"https:\/\/politicosaldesnudo.com.mx\/index.php\/wp-json\/wp\/v2\/posts\/26247","targetHints":{"allow":["GET"]}}],"collection":[{"href":"https:\/\/politicosaldesnudo.com.mx\/index.php\/wp-json\/wp\/v2\/posts"}],"about":[{"href":"https:\/\/politicosaldesnudo.com.mx\/index.php\/wp-json\/wp\/v2\/types\/post"}],"author":[{"embeddable":true,"href":"https:\/\/politicosaldesnudo.com.mx\/index.php\/wp-json\/wp\/v2\/users\/4"}],"replies":[{"embeddable":true,"href":"https:\/\/politicosaldesnudo.com.mx\/index.php\/wp-json\/wp\/v2\/comments?post=26247"}],"version-history":[{"count":0,"href":"https:\/\/politicosaldesnudo.com.mx\/index.php\/wp-json\/wp\/v2\/posts\/26247\/revisions"}],"wp:featuredmedia":[{"embeddable":true,"href":"https:\/\/politicosaldesnudo.com.mx\/index.php\/wp-json\/wp\/v2\/media\/26248"}],"wp:attachment":[{"href":"https:\/\/politicosaldesnudo.com.mx\/index.php\/wp-json\/wp\/v2\/media?parent=26247"}],"wp:term":[{"taxonomy":"category","embeddable":true,"href":"https:\/\/politicosaldesnudo.com.mx\/index.php\/wp-json\/wp\/v2\/categories?post=26247"},{"taxonomy":"post_tag","embeddable":true,"href":"https:\/\/politicosaldesnudo.com.mx\/index.php\/wp-json\/wp\/v2\/tags?post=26247"}],"curies":[{"name":"wp","href":"https:\/\/api.w.org\/{rel}","templated":true}]}}