{"id":26336,"date":"2023-11-27T00:22:24","date_gmt":"2023-11-27T06:22:24","guid":{"rendered":"https:\/\/politicosaldesnudo.com.mx\/?p=26336"},"modified":"2023-11-27T00:22:24","modified_gmt":"2023-11-27T06:22:24","slug":"lo-que-no-sabemos-de-los-feminicidios","status":"publish","type":"post","link":"https:\/\/politicosaldesnudo.com.mx\/index.php\/2023\/11\/27\/lo-que-no-sabemos-de-los-feminicidios\/","title":{"rendered":"Lo que no sabemos de los feminicidios"},"content":{"rendered":"<p><span style=\"font-size: 14pt;\">La palabra feminicidio la escuchamos de manera cotidiana en el entorno, de manera diaria aparece alguna noticia que nos habla de c\u00f3mo una mujer o una ni\u00f1a fue brutalmente asesinada, sabemos de sobra que cada d\u00eda al menos a 10 mujeres les arrebatan la vida por el simple hecho de su g\u00e9nero. La mayor\u00eda de veces es una pareja sentimental o alguien que las conoc\u00eda de manera cercana, en otras ocasiones son personas que ya ten\u00edan denuncias por las mismas v\u00edctimas de feminicidio o por otras que lograron escapar de ese destino.<\/span><\/p>\n<p><span style=\"font-size: 14pt;\">\u00bfPor qu\u00e9 las cifras no bastan para que esta situaci\u00f3n disminuya? \u00bfQu\u00e9 falta ante los gobiernos para que la atenci\u00f3n sea contundente y se muestre en sus acciones y legislaciones? \u00bfPor qu\u00e9 sigue la indiferencia social pese a conocer los nombres de las v\u00edctimas y ver que con mayor frecuencia son cada vez menores? \u00bfC\u00f3mo se ha lacerado a\u00fan m\u00e1s esta problem\u00e1tica desde la cobertura que brindamos los medios de comunicaci\u00f3n? \u00bfQui\u00e9n tiene verdaderamente la responsabilidad del incremento de cifras?, estas y otras preguntas surgen, pero siguen sin tener cabalmente una respuesta.<\/span><\/p>\n<p><span style=\"font-size: 14pt;\">Tan solo en junio de 2023 se presentaron en M\u00e9xico, alrededor de 426 asesinatos de mujeres que fueron investigados como feminicidios, sin embargo, hay asociaciones civiles que apuntan a que los n\u00fameros podr\u00edan ser mayores. De acuerdo al Instituto Nacional de Estad\u00edstica en 2022, fueron asesinadas de manera violenta 3800 mujeres y hasta julio de 2023 iban reportadas 1290. Estas cifras siguen quedando cortas pues s\u00f3lo el 30% de las muertes violentas de mujeres se llegan a considerar como feminicidio.<\/span><\/p>\n<p><span style=\"font-size: 14pt;\">Los datos anteriores siguen enfrent\u00e1ndose a la indiferencia social, al morbo de casos medi\u00e1ticos que despiertan curiosidad un tiempo pero que con el pasar de los a\u00f1os los nombres de 10 u 11 mujeres que son asesinadas al d\u00eda, se pierden en la memoria. Lo que no sabemos detr\u00e1s de estos cr\u00edmenes es que son responsabilidad de la sociedad, donde predomina el machismo y poco hacemos para que la educaci\u00f3n en los espacios sea distinta. Tampoco hablamos del peso que tiene el lenguaje para entender cu\u00e1n necesario es el respeto a los dem\u00e1s, incluso de c\u00f3mo este lenguaje puede da\u00f1ar la identidad y percepci\u00f3n que se tiene respecto a casos de violencia feminicida donde la investigaci\u00f3n no sigue su curso porque no hay una perspectiva de g\u00e9nero.<\/span><\/p>\n<p><span style=\"font-size: 14pt;\">Nadie nos habla del calvario que pasan familiares de v\u00edctimas que se ven en la necesidad de enfrentar procesos penales sin los recursos econ\u00f3micos que esto implica ni el entendimiento de la ley y todos los pasos detr\u00e1s. Son pocas las asociaciones que pueden brindar un acompa\u00f1amiento para que las carpetas de investigaci\u00f3n cuenten con elementos suficientes que garanticen que se haga justicia.<\/span><\/p>\n<p><span style=\"font-size: 14pt;\">Nadie nos habla de todo el sufrimiento doble que vive quien tiene que reconocer a una mujer asesinada, pero tambi\u00e9n identificar y entender cu\u00e1l es la historia que hizo que una ni\u00f1a acabara desmembrada y como v\u00edctima de abuso sexual. Tampoco hablan de las herramientas de acompa\u00f1amiento que se requieren despu\u00e9s de estar en un n\u00facleo de violencia y el costo de estas.<\/span><\/p>\n<p><span style=\"font-size: 14pt;\">La violencia feminicida crece, en parte por un sistema donde prevalece la impunidad, pero tambi\u00e9n porque socialmente sigue presente la indiferencia, porque damos difusi\u00f3n a casos como el de Debanhi Escobar, pero en igual medida nos atrevemos a se\u00f1alar las actividades en las que estaban para descalificar una vida, como si lo importante fuese su entorno y no las acciones por las que hoy ya no est\u00e1 con vida.<\/span><\/p>\n<p><span style=\"font-size: 14pt;\">M\u00e9xico tiene una deuda grande con la justicia en distintos frentes y una de las mayores es la violencia de g\u00e9nero, pero para comenzar a dar pasos firmes es necesario comprender su origen, trabajar en la sensibilidad y el entendimiento que se presentan en cada uno de los casos, dejar de esperar que algo nos ocurra de manera cercana para solidarizarnos con las exigencias ante el gobierno. Comencemos por entender cu\u00e1n necesaria es la perspectiva de g\u00e9nero, desde la expresi\u00f3n en medios hasta la manera de abordar una investigaci\u00f3n, comencemos por entender fechas como el 25 de noviembre, partiendo de que son un momento de exigencia y conmemoraci\u00f3n, no una celebraci\u00f3n.<\/span><\/p>\n<p><img data-recalc-dims=\"1\" loading=\"lazy\" decoding=\"async\" class=\"aligncenter size-full wp-image-26326\" src=\"https:\/\/i0.wp.com\/politicosaldesnudo.com.mx\/wp-content\/uploads\/2023\/11\/FIRMA-EDITORIAL-PD-3.jpg?resize=800%2C98&#038;ssl=1\" alt=\"\" width=\"800\" height=\"98\" srcset=\"https:\/\/i0.wp.com\/politicosaldesnudo.com.mx\/wp-content\/uploads\/2023\/11\/FIRMA-EDITORIAL-PD-3.jpg?w=1024&amp;ssl=1 1024w, https:\/\/i0.wp.com\/politicosaldesnudo.com.mx\/wp-content\/uploads\/2023\/11\/FIRMA-EDITORIAL-PD-3.jpg?resize=300%2C37&amp;ssl=1 300w, https:\/\/i0.wp.com\/politicosaldesnudo.com.mx\/wp-content\/uploads\/2023\/11\/FIRMA-EDITORIAL-PD-3.jpg?resize=768%2C94&amp;ssl=1 768w\" sizes=\"auto, (max-width: 800px) 100vw, 800px\" \/><\/p>\n","protected":false},"excerpt":{"rendered":"<p>La palabra feminicidio la escuchamos de manera cotidiana en el entorno, de manera diaria aparece alguna noticia que nos habla<\/p>\n","protected":false},"author":4,"featured_media":4371,"comment_status":"closed","ping_status":"closed","sticky":false,"template":"","format":"standard","meta":{"colormag_page_container_layout":"default_layout","colormag_page_sidebar_layout":"default_layout","_jetpack_memberships_contains_paid_content":false,"footnotes":"","jetpack_publicize_message":"","jetpack_publicize_feature_enabled":true,"jetpack_social_post_already_shared":false,"jetpack_social_options":{"image_generator_settings":{"template":"highway","default_image_id":0,"font":"","enabled":false},"version":2}},"categories":[26],"tags":[],"class_list":["post-26336","post","type-post","status-publish","format-standard","has-post-thumbnail","hentry","category-columnistas"],"jetpack_publicize_connections":[],"jetpack_featured_media_url":"https:\/\/i0.wp.com\/politicosaldesnudo.com.mx\/wp-content\/uploads\/2022\/04\/ZR1.png?fit=1816%2C1016&ssl=1","jetpack-related-posts":[],"jetpack_sharing_enabled":true,"_links":{"self":[{"href":"https:\/\/politicosaldesnudo.com.mx\/index.php\/wp-json\/wp\/v2\/posts\/26336","targetHints":{"allow":["GET"]}}],"collection":[{"href":"https:\/\/politicosaldesnudo.com.mx\/index.php\/wp-json\/wp\/v2\/posts"}],"about":[{"href":"https:\/\/politicosaldesnudo.com.mx\/index.php\/wp-json\/wp\/v2\/types\/post"}],"author":[{"embeddable":true,"href":"https:\/\/politicosaldesnudo.com.mx\/index.php\/wp-json\/wp\/v2\/users\/4"}],"replies":[{"embeddable":true,"href":"https:\/\/politicosaldesnudo.com.mx\/index.php\/wp-json\/wp\/v2\/comments?post=26336"}],"version-history":[{"count":0,"href":"https:\/\/politicosaldesnudo.com.mx\/index.php\/wp-json\/wp\/v2\/posts\/26336\/revisions"}],"wp:featuredmedia":[{"embeddable":true,"href":"https:\/\/politicosaldesnudo.com.mx\/index.php\/wp-json\/wp\/v2\/media\/4371"}],"wp:attachment":[{"href":"https:\/\/politicosaldesnudo.com.mx\/index.php\/wp-json\/wp\/v2\/media?parent=26336"}],"wp:term":[{"taxonomy":"category","embeddable":true,"href":"https:\/\/politicosaldesnudo.com.mx\/index.php\/wp-json\/wp\/v2\/categories?post=26336"},{"taxonomy":"post_tag","embeddable":true,"href":"https:\/\/politicosaldesnudo.com.mx\/index.php\/wp-json\/wp\/v2\/tags?post=26336"}],"curies":[{"name":"wp","href":"https:\/\/api.w.org\/{rel}","templated":true}]}}