{"id":26425,"date":"2023-11-28T10:17:33","date_gmt":"2023-11-28T16:17:33","guid":{"rendered":"https:\/\/politicosaldesnudo.com.mx\/?p=26425"},"modified":"2023-11-28T10:17:33","modified_gmt":"2023-11-28T16:17:33","slug":"veracruz-3er-lugar-en-casos-de-vih","status":"publish","type":"post","link":"https:\/\/politicosaldesnudo.com.mx\/index.php\/2023\/11\/28\/veracruz-3er-lugar-en-casos-de-vih\/","title":{"rendered":"Veracruz, 3er lugar  en casos de VIH"},"content":{"rendered":"<p><span style=\"font-size: 14pt;\">VERACRUZ, VER.- <\/span><span style=\"font-size: 14pt;\">El director de Comunicaci\u00f3n de Casa Veracruz, Alfonso R\u00edos Lara, dijo que el estado de Veracruz se ubica en el tercer lugar nacional en casos de VIH, posici\u00f3n que ocupa desde hace m\u00e1s de una d\u00e9cada.<\/span><\/p>\n<p><span style=\"font-size: 14pt;\">En rueda de prensa, R\u00edos Lara consider\u00f3 que la poblaci\u00f3n que resulta m\u00e1s afectada en la actualidad por el contagio del VIH son los j\u00f3venes y las mujeres casadas.<\/span><\/p>\n<p><span style=\"font-size: 14pt;\">Incluso, el activista mencion\u00f3 que hay casos de contagio de VIH en adolescentes de 13 a\u00f1os.<\/span><\/p>\n<p><span style=\"font-size: 14pt;\">\u201cEs importante que concienticemos sobre este virus que existe no solo en la comunidad LGBT, sino dentro de la sociedad y es importante que estemos hablando de este tema porque de repente nada m\u00e1s hablamos de este tema durante el primero de diciembre, esto pasa durante todo el a\u00f1o; Veracruz desde hace m\u00e1s de una d\u00e9cada se encuentra en los terceros lugares de nuevos casos\u201d, dijo.<\/span><\/p>\n<p><span style=\"font-size: 14pt;\">El representante de Casa Veracruz refiri\u00f3 que los casos nuevos de VIH se registran en las ciudades grandes, como Veracruz, Boca del R\u00edo.<\/span><\/p>\n<p><span style=\"font-size: 14pt;\">Alfonso R\u00edos Lara record\u00f3 que solo existen tres Centros Ambulantorios para la Prevenci\u00f3n y Atenci\u00f3n en Sida e Infecciones de Transmisi\u00f3n Sexual (Capasits) en el estado de Veracruz, entre ellos el que se localiza en esta ciudad, a donde llegan casos de otros municipios donde no se brinda la atenci\u00f3n correspondiente a las personas.<\/span><\/p>\n<p><span style=\"font-size: 14pt;\">R\u00edos Lara asegur\u00f3 que el Capasits s\u00ed otorga los medicamentos correspondientes a quienes resultaron positivos al VIH, pero aclar\u00f3 que el tiempo de vinculaci\u00f3n para que una persona positiva reciba el tratamiento respectivo es de hasta 90 d\u00edas cuando la Organizaci\u00f3n Mundial de la Salud (OMS) recomienda que sean 10 d\u00edas, adem\u00e1s de que no hay suficientes m\u00e9dicos y enfermeros en el centro ambulantorio.<\/span><\/p>\n<p><span style=\"font-size: 14pt;\">El activista manifest\u00f3 que Casa Veracruz interpuso 10 denuncias ante el Censida en este 2023 por la falta de atenci\u00f3n en el Capasits de esta ciudad.<\/span><\/p>\n<p><span style=\"font-size: 14pt;\">\u201cDesgraciadamente ha tenido que ser por medio de la denuncia, hemos tratado de trabajar de la mano con cualquier persona que nos quiera apoyar, sector privado, sector p\u00fablico, estamos completamente abiertos, nunca nos sobran manos, sin embargo, el tema es que tenemos que alzar denuncias a trav\u00e9s de Censida para que nos den la atenci\u00f3n\u201d, concluy\u00f3.<\/span><\/p>\n","protected":false},"excerpt":{"rendered":"<p>VERACRUZ, VER.- El director de Comunicaci\u00f3n de Casa Veracruz, Alfonso R\u00edos Lara, dijo que el estado de Veracruz se ubica<\/p>\n","protected":false},"author":4,"featured_media":26426,"comment_status":"closed","ping_status":"closed","sticky":false,"template":"","format":"standard","meta":{"colormag_page_container_layout":"default_layout","colormag_page_sidebar_layout":"default_layout","_jetpack_memberships_contains_paid_content":false,"footnotes":"","jetpack_publicize_message":"","jetpack_publicize_feature_enabled":true,"jetpack_social_post_already_shared":false,"jetpack_social_options":{"image_generator_settings":{"template":"highway","default_image_id":0,"font":"","enabled":false},"version":2}},"categories":[30],"tags":[],"class_list":["post-26425","post","type-post","status-publish","format-standard","has-post-thumbnail","hentry","category-estados"],"jetpack_publicize_connections":[],"jetpack_featured_media_url":"https:\/\/i0.wp.com\/politicosaldesnudo.com.mx\/wp-content\/uploads\/2023\/11\/9a-6.jpg?fit=1016%2C677&ssl=1","jetpack-related-posts":[],"jetpack_sharing_enabled":true,"_links":{"self":[{"href":"https:\/\/politicosaldesnudo.com.mx\/index.php\/wp-json\/wp\/v2\/posts\/26425","targetHints":{"allow":["GET"]}}],"collection":[{"href":"https:\/\/politicosaldesnudo.com.mx\/index.php\/wp-json\/wp\/v2\/posts"}],"about":[{"href":"https:\/\/politicosaldesnudo.com.mx\/index.php\/wp-json\/wp\/v2\/types\/post"}],"author":[{"embeddable":true,"href":"https:\/\/politicosaldesnudo.com.mx\/index.php\/wp-json\/wp\/v2\/users\/4"}],"replies":[{"embeddable":true,"href":"https:\/\/politicosaldesnudo.com.mx\/index.php\/wp-json\/wp\/v2\/comments?post=26425"}],"version-history":[{"count":0,"href":"https:\/\/politicosaldesnudo.com.mx\/index.php\/wp-json\/wp\/v2\/posts\/26425\/revisions"}],"wp:featuredmedia":[{"embeddable":true,"href":"https:\/\/politicosaldesnudo.com.mx\/index.php\/wp-json\/wp\/v2\/media\/26426"}],"wp:attachment":[{"href":"https:\/\/politicosaldesnudo.com.mx\/index.php\/wp-json\/wp\/v2\/media?parent=26425"}],"wp:term":[{"taxonomy":"category","embeddable":true,"href":"https:\/\/politicosaldesnudo.com.mx\/index.php\/wp-json\/wp\/v2\/categories?post=26425"},{"taxonomy":"post_tag","embeddable":true,"href":"https:\/\/politicosaldesnudo.com.mx\/index.php\/wp-json\/wp\/v2\/tags?post=26425"}],"curies":[{"name":"wp","href":"https:\/\/api.w.org\/{rel}","templated":true}]}}