{"id":26428,"date":"2023-11-28T10:19:53","date_gmt":"2023-11-28T16:19:53","guid":{"rendered":"https:\/\/politicosaldesnudo.com.mx\/?p=26428"},"modified":"2023-11-28T10:19:53","modified_gmt":"2023-11-28T16:19:53","slug":"aguacateros-urgen-ley-para-mejorar-precios","status":"publish","type":"post","link":"https:\/\/politicosaldesnudo.com.mx\/index.php\/2023\/11\/28\/aguacateros-urgen-ley-para-mejorar-precios\/","title":{"rendered":"Aguacateros urgen ley,  para mejorar precios"},"content":{"rendered":"<p><span style=\"font-size: 14pt;\">Xalapa, Ver.- <\/span><span style=\"font-size: 14pt;\">Los integrantes de la Asociaci\u00f3n de Productores de Aguacate de Veracruz impulsan la ley para la producci\u00f3n, acopio, comercializaci\u00f3n e industrializaci\u00f3n del aguacate en la entidad, con lo que se podr\u00eda lograr que los mercados selectos paguen un mejor precio por la fruta.<\/span><\/p>\n<p><span style=\"font-size: 14pt;\">De acuerdo con Octavio N\u00e1jera Garc\u00eda, presidente de la asociaci\u00f3n mencionada, en Veracruz hay 6 mil hect\u00e1reas que est\u00e1n en producci\u00f3n de aguacate y otras 6 mil en proceso de siembra.<\/span><\/p>\n<p><span style=\"font-size: 14pt;\">Sin embargo, al carecer de una ley, los productores no acceden a los certificados de sanidad vegetal que requieren los mercados para poder vender la fruta veracruzana.<\/span><\/p>\n<p><img data-recalc-dims=\"1\" loading=\"lazy\" decoding=\"async\" class=\"aligncenter size-full wp-image-26430\" src=\"https:\/\/i0.wp.com\/politicosaldesnudo.com.mx\/wp-content\/uploads\/2023\/11\/9c1.jpg?resize=800%2C800&#038;ssl=1\" alt=\"\" width=\"800\" height=\"800\" srcset=\"https:\/\/i0.wp.com\/politicosaldesnudo.com.mx\/wp-content\/uploads\/2023\/11\/9c1.jpg?w=1024&amp;ssl=1 1024w, https:\/\/i0.wp.com\/politicosaldesnudo.com.mx\/wp-content\/uploads\/2023\/11\/9c1.jpg?resize=300%2C300&amp;ssl=1 300w, https:\/\/i0.wp.com\/politicosaldesnudo.com.mx\/wp-content\/uploads\/2023\/11\/9c1.jpg?resize=150%2C150&amp;ssl=1 150w, https:\/\/i0.wp.com\/politicosaldesnudo.com.mx\/wp-content\/uploads\/2023\/11\/9c1.jpg?resize=768%2C768&amp;ssl=1 768w\" sizes=\"auto, (max-width: 800px) 100vw, 800px\" \/><\/p>\n<p><span style=\"font-size: 14pt;\">Recientemente se instalaron tres puntos de venta en Xalapa, donde los productores lograron vender 900 kilogramos de aguacate.<\/span><\/p>\n<p><span style=\"font-size: 14pt;\">Se instalaron dos puntos m\u00f3viles de venta y uno fijo, ubicados en la zona de Las \u00c1nimas, Las Trancas y a un costado de la Benem\u00e9rita Escuela Normal Veracruzana (BENV) \u201cEnrique C. R\u00e9bsamen\u201d.<\/span><\/p>\n<p><span style=\"font-size: 14pt;\">La Asociaci\u00f3n de Productores de Aguacate de Veracruz est\u00e1 integrada por 600 productores que eran afectados por intermediarios.<\/span><\/p>\n<p><span style=\"font-size: 14pt;\">\u201cHubo una venta de 900 kilos aproximadamente siendo un \u00e9xito y se har\u00e1 la pr\u00f3xima semana en los mismos puntos, agradecemos el apoyo del la gente y del ayuntamiento de Xalapa\u201d, expres\u00f3 N\u00e1jera Garc\u00eda.<\/span><\/p>\n<p><span style=\"font-size: 14pt;\">Los integrantes de la Asociaci\u00f3n de Productores de Aguacate de Veracruz Oscar N\u00e1jera, Lino Jim\u00e9nez y Heriberto Ponce impulsan dicha ley, debido a que cerca de 1 mil 200 familias dependen de la producci\u00f3n de aguacate.<\/span><\/p>\n<p><span style=\"font-size: 14pt;\">La derrama econ\u00f3mica ser\u00eda de gran impacto para quienes se dedican a esta actividad, principalmente de los municipios de\u00a0 Huatusco, Coscomatepec, Calcahualco, Totutla, Xico, Teocelo, Ixhuacan de los Reyes, Jalacingo y Atzalan, donde se encuentra la mayor siembra de aguacate.<\/span><\/p>\n<p><span style=\"font-size: 14pt;\">Cabe destacar que Juan Manuel Garc\u00eda, presidente C\u00e1mara Nacional de la Industria de la Transformaci\u00f3n (Canacintra) en Xalapa, extern\u00f3 su respaldo hacia a la asociaci\u00f3n para que se logre sacar adelante dicha ley y los productores reciban el pago adecuado por la producci\u00f3n de aguacate.<\/span><\/p>\n<p><span style=\"font-size: 14pt;\">Con la ley y los certificados de sanidad vegetal, de las 6 mil hect\u00e1reas hay un aproximado de 1.2 millones de \u00e1rboles de aguacate, cuya producci\u00f3n es de 96 millones de kilogramos de fruta, con un costo promedio en la huerta de 30 pesos el kilogramo y una derrama econ\u00f3mica de 2 mil 880 millones de pesos.<\/span><\/p>\n","protected":false},"excerpt":{"rendered":"<p>Xalapa, Ver.- Los integrantes de la Asociaci\u00f3n de Productores de Aguacate de Veracruz impulsan la ley para la producci\u00f3n, acopio,<\/p>\n","protected":false},"author":4,"featured_media":26429,"comment_status":"closed","ping_status":"closed","sticky":false,"template":"","format":"standard","meta":{"colormag_page_container_layout":"default_layout","colormag_page_sidebar_layout":"default_layout","_jetpack_memberships_contains_paid_content":false,"footnotes":"","jetpack_publicize_message":"","jetpack_publicize_feature_enabled":true,"jetpack_social_post_already_shared":false,"jetpack_social_options":{"image_generator_settings":{"template":"highway","default_image_id":0,"font":"","enabled":false},"version":2}},"categories":[30],"tags":[],"class_list":["post-26428","post","type-post","status-publish","format-standard","has-post-thumbnail","hentry","category-estados"],"jetpack_publicize_connections":[],"jetpack_featured_media_url":"https:\/\/i0.wp.com\/politicosaldesnudo.com.mx\/wp-content\/uploads\/2023\/11\/9c-3.jpg?fit=1024%2C1024&ssl=1","jetpack-related-posts":[],"jetpack_sharing_enabled":true,"_links":{"self":[{"href":"https:\/\/politicosaldesnudo.com.mx\/index.php\/wp-json\/wp\/v2\/posts\/26428","targetHints":{"allow":["GET"]}}],"collection":[{"href":"https:\/\/politicosaldesnudo.com.mx\/index.php\/wp-json\/wp\/v2\/posts"}],"about":[{"href":"https:\/\/politicosaldesnudo.com.mx\/index.php\/wp-json\/wp\/v2\/types\/post"}],"author":[{"embeddable":true,"href":"https:\/\/politicosaldesnudo.com.mx\/index.php\/wp-json\/wp\/v2\/users\/4"}],"replies":[{"embeddable":true,"href":"https:\/\/politicosaldesnudo.com.mx\/index.php\/wp-json\/wp\/v2\/comments?post=26428"}],"version-history":[{"count":0,"href":"https:\/\/politicosaldesnudo.com.mx\/index.php\/wp-json\/wp\/v2\/posts\/26428\/revisions"}],"wp:featuredmedia":[{"embeddable":true,"href":"https:\/\/politicosaldesnudo.com.mx\/index.php\/wp-json\/wp\/v2\/media\/26429"}],"wp:attachment":[{"href":"https:\/\/politicosaldesnudo.com.mx\/index.php\/wp-json\/wp\/v2\/media?parent=26428"}],"wp:term":[{"taxonomy":"category","embeddable":true,"href":"https:\/\/politicosaldesnudo.com.mx\/index.php\/wp-json\/wp\/v2\/categories?post=26428"},{"taxonomy":"post_tag","embeddable":true,"href":"https:\/\/politicosaldesnudo.com.mx\/index.php\/wp-json\/wp\/v2\/tags?post=26428"}],"curies":[{"name":"wp","href":"https:\/\/api.w.org\/{rel}","templated":true}]}}