{"id":26463,"date":"2023-11-28T20:31:58","date_gmt":"2023-11-29T02:31:58","guid":{"rendered":"https:\/\/politicosaldesnudo.com.mx\/?p=26463"},"modified":"2023-11-28T20:31:58","modified_gmt":"2023-11-29T02:31:58","slug":"cuadros-de-una-exposicion-de-mussorgsky-ravel-en-conciertos-didacticos-uv","status":"publish","type":"post","link":"https:\/\/politicosaldesnudo.com.mx\/index.php\/2023\/11\/28\/cuadros-de-una-exposicion-de-mussorgsky-ravel-en-conciertos-didacticos-uv\/","title":{"rendered":"\u201cCuadros de una exposici\u00f3n\u201d de Mussorgsky\/Ravel en Conciertos Did\u00e1cticos UV"},"content":{"rendered":"<ul>\n<li><span style=\"font-size: 14pt;\">Estreno en Xalapa: \u201cDe aqu\u00ed a la veleta\u201d de Javier \u00c1lvarez, bajo la batuta de Martin Lebel<\/span><\/li>\n<\/ul>\n<p><span style=\"font-size: 14pt;\">Xalapa, Ver. 28 de noviembre de 2023. La Orquesta Sinf\u00f3nica de Xalapa presenta uno de los eventos acad\u00e9micos y art\u00edsticos m\u00e1s esperados de la temporada, los Conciertos Did\u00e1cticos UV. Con la interpretaci\u00f3n de la majestuosa obra \u201cCuadros de una exposici\u00f3n\u201d de Mussorgsky\/Ravel, y por primera vez desde Xalapa, \u201cDe aqu\u00ed a la veleta\u201d de Javier \u00c1lvarez, quien falleci\u00f3 este 2023. Con la presentaci\u00f3n de la violinista, Joanna Lemiszka, como narradora del programa.<\/span><\/p>\n<p><img data-recalc-dims=\"1\" loading=\"lazy\" decoding=\"async\" class=\"aligncenter size-large wp-image-26465\" src=\"https:\/\/i0.wp.com\/politicosaldesnudo.com.mx\/wp-content\/uploads\/2023\/11\/Joanna-Lemiszka-683x1024.jpg?resize=683%2C1024&#038;ssl=1\" alt=\"\" width=\"683\" height=\"1024\" srcset=\"https:\/\/i0.wp.com\/politicosaldesnudo.com.mx\/wp-content\/uploads\/2023\/11\/Joanna-Lemiszka-scaled.jpg?resize=683%2C1024&amp;ssl=1 683w, https:\/\/i0.wp.com\/politicosaldesnudo.com.mx\/wp-content\/uploads\/2023\/11\/Joanna-Lemiszka-scaled.jpg?resize=200%2C300&amp;ssl=1 200w, https:\/\/i0.wp.com\/politicosaldesnudo.com.mx\/wp-content\/uploads\/2023\/11\/Joanna-Lemiszka-scaled.jpg?resize=768%2C1151&amp;ssl=1 768w, https:\/\/i0.wp.com\/politicosaldesnudo.com.mx\/wp-content\/uploads\/2023\/11\/Joanna-Lemiszka-scaled.jpg?resize=1025%2C1536&amp;ssl=1 1025w, https:\/\/i0.wp.com\/politicosaldesnudo.com.mx\/wp-content\/uploads\/2023\/11\/Joanna-Lemiszka-scaled.jpg?resize=1367%2C2048&amp;ssl=1 1367w, https:\/\/i0.wp.com\/politicosaldesnudo.com.mx\/wp-content\/uploads\/2023\/11\/Joanna-Lemiszka-scaled.jpg?w=1709&amp;ssl=1 1709w, https:\/\/i0.wp.com\/politicosaldesnudo.com.mx\/wp-content\/uploads\/2023\/11\/Joanna-Lemiszka-scaled.jpg?w=1600&amp;ssl=1 1600w\" sizes=\"auto, (max-width: 683px) 100vw, 683px\" \/><br \/>\n<span style=\"font-size: 14pt;\">Bajo la batuta de Martin Lebel, Director Titular.<\/span><br \/>\n<span style=\"font-size: 14pt;\">Este programa se llevar\u00e1 a cabo en la semana, concluyendo el viernes 1\u00b0 de diciembre a las 20:00 h. Boletos disponibles en www.orquestasinfonicadexalapa.com<\/span><\/p>\n<p><span style=\"font-size: 14pt;\">Los Conciertos Did\u00e1cticos UV est\u00e1n dirigidos principalmente a toda la Comunidad Universitaria, alumnos de distintos niveles educativos y p\u00fablico general. Facilitan el acercamiento de las personas a la m\u00fasica en vivo, desarrollando comprensi\u00f3n auditiva y juicio cr\u00edtico. Son considerados una de las labores m\u00e1s importantes de la OSX.<\/span><\/p>\n<p><span style=\"font-size: 14pt;\">Javier \u00c1lvarez (1956-2023), admirado compositor mexicano, mencion\u00f3 sobre su creaci\u00f3n: \u00abMi obra es un solo movimiento que se toca sin interrupci\u00f3n y aunque estrictamente se divide en cinco secciones, en realidad fluye en tres\u00bb. Estrenada por la OSN en el verano de 2013, \u201cDe aqu\u00ed a la veleta\u201d se caracteriza por iniciar con un pizzicato de cuerdas en ostinato acompa\u00f1ada por alientos de metales y maderas. Reiteraciones r\u00edtmicas con secuencias de habanera\/danz\u00f3n en g\u00fciro y percusiones de \u00absabrosas\u00bb cadencias afrocubanas.<\/span><\/p>\n<p><img data-recalc-dims=\"1\" loading=\"lazy\" decoding=\"async\" class=\"aligncenter size-full wp-image-26466\" src=\"https:\/\/i0.wp.com\/politicosaldesnudo.com.mx\/wp-content\/uploads\/2023\/11\/Mussorgsky.jpg?resize=460%2C599&#038;ssl=1\" alt=\"\" width=\"460\" height=\"599\" srcset=\"https:\/\/i0.wp.com\/politicosaldesnudo.com.mx\/wp-content\/uploads\/2023\/11\/Mussorgsky.jpg?w=460&amp;ssl=1 460w, https:\/\/i0.wp.com\/politicosaldesnudo.com.mx\/wp-content\/uploads\/2023\/11\/Mussorgsky.jpg?resize=230%2C300&amp;ssl=1 230w\" sizes=\"auto, (max-width: 460px) 100vw, 460px\" \/><\/p>\n<p><span style=\"font-size: 14pt;\">En los anales de la m\u00fasica cl\u00e1sica, existe una joya inmortal que trasciende el tiempo y las fronteras art\u00edsticas: \u00abCuadros de una Exposici\u00f3n\u00bb. La historia que subyace tras esta obra maestra, tejida por los hilos creativos de Modest Mussorgsky y Maurice Ravel, es tan cautivadora como la m\u00fasica misma. El origen se remonta a la tr\u00e1gica p\u00e9rdida de Viktor Hartmann, un prometedor pintor y amigo \u00edntimo de Mussorgsky. Despu\u00e9s de la muerte prematura de Hartmann, Mussorgsky se vio sumido en una profunda tristeza y, a modo de homenaje, decidi\u00f3 traducir visualmente las pinturas y dibujos de su amigo al lenguaje de la m\u00fasica. Maurice Ravel compuso y estren\u00f3 en 1922 una versi\u00f3n para dos pianos.<\/span><\/p>\n<p><span style=\"font-size: 14pt;\">Puedes comprar tus boletos en l\u00ednea en Tienda UV, Tienda UV Museo de Antropolog\u00eda y Taquilla Tlaqn\u00e1 el d\u00eda del concierto.<\/span><\/p>\n","protected":false},"excerpt":{"rendered":"<p>Estreno en Xalapa: \u201cDe aqu\u00ed a la veleta\u201d de Javier \u00c1lvarez, bajo la batuta de Martin Lebel Xalapa, Ver. 28<\/p>\n","protected":false},"author":4,"featured_media":26464,"comment_status":"closed","ping_status":"closed","sticky":false,"template":"","format":"standard","meta":{"colormag_page_container_layout":"default_layout","colormag_page_sidebar_layout":"default_layout","_jetpack_memberships_contains_paid_content":false,"footnotes":"","jetpack_publicize_message":"","jetpack_publicize_feature_enabled":true,"jetpack_social_post_already_shared":false,"jetpack_social_options":{"image_generator_settings":{"template":"highway","default_image_id":0,"font":"","enabled":false},"version":2}},"categories":[474,30],"tags":[],"class_list":["post-26463","post","type-post","status-publish","format-standard","has-post-thumbnail","hentry","category-cultura","category-estados"],"jetpack_publicize_connections":[],"jetpack_featured_media_url":"https:\/\/i0.wp.com\/politicosaldesnudo.com.mx\/wp-content\/uploads\/2023\/11\/Didacticos-6596-scaled.jpg?fit=2560%2C1707&ssl=1","jetpack-related-posts":[],"jetpack_sharing_enabled":true,"_links":{"self":[{"href":"https:\/\/politicosaldesnudo.com.mx\/index.php\/wp-json\/wp\/v2\/posts\/26463","targetHints":{"allow":["GET"]}}],"collection":[{"href":"https:\/\/politicosaldesnudo.com.mx\/index.php\/wp-json\/wp\/v2\/posts"}],"about":[{"href":"https:\/\/politicosaldesnudo.com.mx\/index.php\/wp-json\/wp\/v2\/types\/post"}],"author":[{"embeddable":true,"href":"https:\/\/politicosaldesnudo.com.mx\/index.php\/wp-json\/wp\/v2\/users\/4"}],"replies":[{"embeddable":true,"href":"https:\/\/politicosaldesnudo.com.mx\/index.php\/wp-json\/wp\/v2\/comments?post=26463"}],"version-history":[{"count":0,"href":"https:\/\/politicosaldesnudo.com.mx\/index.php\/wp-json\/wp\/v2\/posts\/26463\/revisions"}],"wp:featuredmedia":[{"embeddable":true,"href":"https:\/\/politicosaldesnudo.com.mx\/index.php\/wp-json\/wp\/v2\/media\/26464"}],"wp:attachment":[{"href":"https:\/\/politicosaldesnudo.com.mx\/index.php\/wp-json\/wp\/v2\/media?parent=26463"}],"wp:term":[{"taxonomy":"category","embeddable":true,"href":"https:\/\/politicosaldesnudo.com.mx\/index.php\/wp-json\/wp\/v2\/categories?post=26463"},{"taxonomy":"post_tag","embeddable":true,"href":"https:\/\/politicosaldesnudo.com.mx\/index.php\/wp-json\/wp\/v2\/tags?post=26463"}],"curies":[{"name":"wp","href":"https:\/\/api.w.org\/{rel}","templated":true}]}}