{"id":26477,"date":"2023-11-29T11:43:12","date_gmt":"2023-11-29T17:43:12","guid":{"rendered":"https:\/\/politicosaldesnudo.com.mx\/?p=26477"},"modified":"2023-11-29T11:43:12","modified_gmt":"2023-11-29T17:43:12","slug":"compromiso-de-inclusion-desarrollo-y-sostenibilidad-con-el-ciit","status":"publish","type":"post","link":"https:\/\/politicosaldesnudo.com.mx\/index.php\/2023\/11\/29\/compromiso-de-inclusion-desarrollo-y-sostenibilidad-con-el-ciit\/","title":{"rendered":"Compromiso de inclusi\u00f3n, desarrollo y sostenibilidad con el CIIT"},"content":{"rendered":"<div class=\"tdb-block-inner td-fix-index\">\n<p><span style=\"font-size: 14pt;\">Oaxaca, Oax.- El Corredor Interoce\u00e1nico del Istmo de Tehuantepec (CIIT) abre las oportunidades comerciales e industriales internacionalmente, con un compromiso de inclusi\u00f3n, desarrollo regional, justicia social y sostenibilidad, por eso Veracruz no ha dudado en sumar esfuerzos a este proyecto para el sureste, celebr\u00f3 el gobernador Cuitl\u00e1huac Garc\u00eda Jim\u00e9nez.<\/span><\/p>\n<p><span style=\"font-size: 14pt;\">Durante la sesi\u00f3n informativa sobre los procesos licitatorios de Polos de Desarrollo para el Bienestar de Oaxaca, expres\u00f3 su satisfacci\u00f3n al informar que la entidad ha alcanzado su objetivo, el 17 de noviembre, se anunciaron las empresas ganadoras de las licitaciones para la construcci\u00f3n de parques industriales en Coatzacoalcos I, Coatzacoalcos II, Texistepec y San Juan Evangelista.\u00a0<\/span><\/p>\n<p><span style=\"font-size: 14pt;\">De aqu\u00ed en adelante, la labor consiste en mantener los incentivos fiscales, en paralelo a los federales, con el prop\u00f3sito de impulsar a las micro, peque\u00f1as y medianas empresas (mipyme) que se incorporan como proveedores y a las cadenas de valor de las grandes industrias.<\/span><\/p>\n<p><span style=\"font-size: 14pt;\">Entre \u00e9stos destaca la deducci\u00f3n de 100 por ciento de impuestos a la n\u00f3mina en los primeros tres ejercicios fiscales y un 50 por ciento los siguientes tres, sobre tenencia o uso de veh\u00edculos y su adquisici\u00f3n, fomento a la educaci\u00f3n y el derecho por el aprovechamiento o explotaci\u00f3n de bienes p\u00fablicos.<\/span><\/p>\n<p><span style=\"font-size: 14pt;\">Tambi\u00e9n, subray\u00f3 la creaci\u00f3n de condiciones para la conectividad e infraestructura id\u00f3neas, propicias en la instalaci\u00f3n de la industria, siempre procurando el bienestar de la poblaci\u00f3n circundante. Este enfoque se destaca como el sello distintivo de las grandes obras del sexenio del presidente Andr\u00e9s Manuel L\u00f3pez Obrador.\u00a0<\/span><\/p>\n<p><span style=\"font-size: 14pt;\">Como ejemplo, cit\u00f3 la construcci\u00f3n del libramiento de Sayula de Alem\u00e1n, con una inversi\u00f3n de 537 millones de pesos, de gran impacto en el Corredor para desahogar el flujo vehicular de la Carretera Trans\u00edstmica y acortando el tiempo de traslado de unidades de carga. Adem\u00e1s, la inversi\u00f3n de casi 3 mil millones para carreteras y escuelas en la regi\u00f3n durante el a\u00f1o 2019.\u00a0<\/span><\/p>\n<p><span style=\"font-size: 14pt;\">Respecto a la formaci\u00f3n de empleos, el Corredor Interoce\u00e1nico del Istmo de Tehuantepec es un parteaguas al evitar la migraci\u00f3n y para contar con capital humano capacitado, se han firmado convenios con las universidades e Institutos Tecnol\u00f3gicos para adaptar la ense\u00f1anza t\u00e9cnica y profesional a las necesidades de la industria, \u201cen cuatro a\u00f1os vamos a tener listos los perfiles\u201d.<\/span><\/p>\n<figure class=\"wp-block-pullquote has-black-color has-text-color has-link-color wp-elements-6b2f772a76f256ab10885c2f3f6b0dfd\">\n<blockquote><p><span style=\"font-size: 14pt;\">\u201cJuntos, construyamos un futuro lleno de oportunidades y lograremos que el Corredor del Istmo alcance su m\u00e1ximo esplendor, contribuyendo al progreso de la regi\u00f3n\u201d, asever\u00f3 en su mensaje el jefe del Ejecutivo veracruzano.<\/span><\/p><\/blockquote>\n<\/figure>\n<p><span style=\"font-size: 14pt;\">La sesi\u00f3n se centr\u00f3 en las orientaciones para los Polos de Asunci\u00f3n Ixtaltepec, Mat\u00edas Romero, Santa Mar\u00eda Mixtequilla por parte del titular de la Unidad de Inversiones del Secretar\u00eda de Hacienda y Cr\u00e9dito P\u00fablico, Miguel Siliceo Valdespino; el director general del CIIT, Raymundo Morales \u00c1ngeles, y el gobernador de Oaxaca, Salom\u00f3n Jara Cruz.<\/span><\/p>\n<\/div>\n","protected":false},"excerpt":{"rendered":"<p>Oaxaca, Oax.- El Corredor Interoce\u00e1nico del Istmo de Tehuantepec (CIIT) abre las oportunidades comerciales e industriales internacionalmente, con un compromiso<\/p>\n","protected":false},"author":4,"featured_media":26478,"comment_status":"closed","ping_status":"closed","sticky":false,"template":"","format":"standard","meta":{"colormag_page_container_layout":"default_layout","colormag_page_sidebar_layout":"default_layout","_jetpack_memberships_contains_paid_content":false,"footnotes":"","jetpack_publicize_message":"","jetpack_publicize_feature_enabled":true,"jetpack_social_post_already_shared":false,"jetpack_social_options":{"image_generator_settings":{"template":"highway","default_image_id":0,"font":"","enabled":false},"version":2}},"categories":[30],"tags":[],"class_list":["post-26477","post","type-post","status-publish","format-standard","has-post-thumbnail","hentry","category-estados"],"jetpack_publicize_connections":[],"jetpack_featured_media_url":"https:\/\/i0.wp.com\/politicosaldesnudo.com.mx\/wp-content\/uploads\/2023\/11\/cuitlahuac-5-696x498-1.jpg?fit=696%2C498&ssl=1","jetpack-related-posts":[],"jetpack_sharing_enabled":true,"_links":{"self":[{"href":"https:\/\/politicosaldesnudo.com.mx\/index.php\/wp-json\/wp\/v2\/posts\/26477","targetHints":{"allow":["GET"]}}],"collection":[{"href":"https:\/\/politicosaldesnudo.com.mx\/index.php\/wp-json\/wp\/v2\/posts"}],"about":[{"href":"https:\/\/politicosaldesnudo.com.mx\/index.php\/wp-json\/wp\/v2\/types\/post"}],"author":[{"embeddable":true,"href":"https:\/\/politicosaldesnudo.com.mx\/index.php\/wp-json\/wp\/v2\/users\/4"}],"replies":[{"embeddable":true,"href":"https:\/\/politicosaldesnudo.com.mx\/index.php\/wp-json\/wp\/v2\/comments?post=26477"}],"version-history":[{"count":0,"href":"https:\/\/politicosaldesnudo.com.mx\/index.php\/wp-json\/wp\/v2\/posts\/26477\/revisions"}],"wp:featuredmedia":[{"embeddable":true,"href":"https:\/\/politicosaldesnudo.com.mx\/index.php\/wp-json\/wp\/v2\/media\/26478"}],"wp:attachment":[{"href":"https:\/\/politicosaldesnudo.com.mx\/index.php\/wp-json\/wp\/v2\/media?parent=26477"}],"wp:term":[{"taxonomy":"category","embeddable":true,"href":"https:\/\/politicosaldesnudo.com.mx\/index.php\/wp-json\/wp\/v2\/categories?post=26477"},{"taxonomy":"post_tag","embeddable":true,"href":"https:\/\/politicosaldesnudo.com.mx\/index.php\/wp-json\/wp\/v2\/tags?post=26477"}],"curies":[{"name":"wp","href":"https:\/\/api.w.org\/{rel}","templated":true}]}}