{"id":26572,"date":"2023-11-30T08:52:43","date_gmt":"2023-11-30T14:52:43","guid":{"rendered":"https:\/\/politicosaldesnudo.com.mx\/?p=26572"},"modified":"2023-11-30T08:52:43","modified_gmt":"2023-11-30T14:52:43","slug":"crecera-el-pib-en-2023-mas-del-triple-de-lo-que-previo-el-bdem","status":"publish","type":"post","link":"https:\/\/politicosaldesnudo.com.mx\/index.php\/2023\/11\/30\/crecera-el-pib-en-2023-mas-del-triple-de-lo-que-previo-el-bdem\/","title":{"rendered":"Crecer\u00e1 el PIB en 2023 m\u00e1s del triple de lo que previ\u00f3 el BdeM"},"content":{"rendered":"<p class=\"s-s\"><span style=\"font-size: 14pt;\">El Banco de M\u00e9xico (BdeM) <q>puso sobre la mesa<\/q> la posibilidad de disminuir la tasa de referencia \u2013que determina el costo del cr\u00e9dito para empresas y familias\u2013 a partir de los primeros meses de 2024, explic\u00f3 la gobernadora Victoria Rodr\u00edguez Ceja, ya que comienza a observarse un proceso de baja de la inflaci\u00f3n.<\/span><\/p>\n<p><span style=\"font-size: 14pt;\">En su informe trimestral julio-septiembre, el banco central destac\u00f3 que para 2023 increment\u00f3 de 3 a 3.3 por ciento su estimado de crecimiento econ\u00f3mico, mientras para 2024 lo subi\u00f3 a 3 por ciento desde el 2.1 por ciento que anticipaba tres meses antes.<\/span><\/p>\n<p><span style=\"font-size: 14pt;\">Hace justo un a\u00f1o, el BdeM pronostic\u00f3 que la econom\u00eda mexicana crecer\u00eda uno por ciento en 2023, menos de una tercera parte de lo que ahora anticipa.<\/span><\/p>\n<p><img data-recalc-dims=\"1\" loading=\"lazy\" decoding=\"async\" class=\"aligncenter size-full wp-image-26574\" src=\"https:\/\/i0.wp.com\/politicosaldesnudo.com.mx\/wp-content\/uploads\/2023\/11\/victoria_Rodriguez_ceja_tomada_de_https_ww_format_jpeg_14bd4ca94b.jpg?resize=800%2C600&#038;ssl=1\" alt=\"\" width=\"800\" height=\"600\" srcset=\"https:\/\/i0.wp.com\/politicosaldesnudo.com.mx\/wp-content\/uploads\/2023\/11\/victoria_Rodriguez_ceja_tomada_de_https_ww_format_jpeg_14bd4ca94b.jpg?w=800&amp;ssl=1 800w, https:\/\/i0.wp.com\/politicosaldesnudo.com.mx\/wp-content\/uploads\/2023\/11\/victoria_Rodriguez_ceja_tomada_de_https_ww_format_jpeg_14bd4ca94b.jpg?resize=300%2C225&amp;ssl=1 300w, https:\/\/i0.wp.com\/politicosaldesnudo.com.mx\/wp-content\/uploads\/2023\/11\/victoria_Rodriguez_ceja_tomada_de_https_ww_format_jpeg_14bd4ca94b.jpg?resize=768%2C576&amp;ssl=1 768w\" sizes=\"auto, (max-width: 800px) 100vw, 800px\" \/><\/p>\n<p><span style=\"font-size: 14pt;\">La mejora para este a\u00f1o, explic\u00f3 Rodr\u00edguez Ceja al presentar el informe, es debido a que en el tercer trimestre del a\u00f1o la actividad econ\u00f3mica de M\u00e9xico present\u00f3 un mayor desempe\u00f1o al anticipado.<\/span><\/p>\n<p><span style=\"font-size: 14pt;\">En tanto, el ajuste para 2024 es por la postura fiscal del gobierno y a la actualizaci\u00f3n de las perspectivas de crecimiento para Estados Unidos, que ahora sugieren una desaceleraci\u00f3n menos pronunciada de la demanda externa.<\/span><\/p>\n<p><span style=\"font-size: 14pt;\">La mayor base para el crecimiento a ra\u00edz de un nivel de actividad m\u00e1s alto al previsto para el cierre de 2023 tambi\u00e9n contribuye al ajuste de la previsi\u00f3n para 2024, asegur\u00f3 la gobernadora, al tiempo que destac\u00f3 que en el tercer trimestre la econom\u00eda mexicana sigui\u00f3 expandi\u00e9ndose y mantuvo un crecimiento robusto.<\/span><\/p>\n<p><span style=\"font-size: 14pt;\">El instituto central tambi\u00e9n dio su pron\u00f3stico de crecimiento econ\u00f3mico para 2025, dej\u00e1ndolo entre 0.7 y 2.3, con una estimaci\u00f3n central de 1.5 por ciento.<\/span><\/p>\n","protected":false},"excerpt":{"rendered":"<p>El Banco de M\u00e9xico (BdeM) puso sobre la mesa la posibilidad de disminuir la tasa de referencia \u2013que determina el<\/p>\n","protected":false},"author":4,"featured_media":26573,"comment_status":"closed","ping_status":"closed","sticky":false,"template":"","format":"standard","meta":{"colormag_page_container_layout":"default_layout","colormag_page_sidebar_layout":"default_layout","_jetpack_memberships_contains_paid_content":false,"footnotes":"","jetpack_publicize_message":"","jetpack_publicize_feature_enabled":true,"jetpack_social_post_already_shared":false,"jetpack_social_options":{"image_generator_settings":{"template":"highway","default_image_id":0,"font":"","enabled":false},"version":2}},"categories":[2050],"tags":[],"class_list":["post-26572","post","type-post","status-publish","format-standard","has-post-thumbnail","hentry","category-economia"],"jetpack_publicize_connections":[],"jetpack_featured_media_url":"https:\/\/i0.wp.com\/politicosaldesnudo.com.mx\/wp-content\/uploads\/2023\/11\/p.jpg?fit=1024%2C768&ssl=1","jetpack-related-posts":[],"jetpack_sharing_enabled":true,"_links":{"self":[{"href":"https:\/\/politicosaldesnudo.com.mx\/index.php\/wp-json\/wp\/v2\/posts\/26572","targetHints":{"allow":["GET"]}}],"collection":[{"href":"https:\/\/politicosaldesnudo.com.mx\/index.php\/wp-json\/wp\/v2\/posts"}],"about":[{"href":"https:\/\/politicosaldesnudo.com.mx\/index.php\/wp-json\/wp\/v2\/types\/post"}],"author":[{"embeddable":true,"href":"https:\/\/politicosaldesnudo.com.mx\/index.php\/wp-json\/wp\/v2\/users\/4"}],"replies":[{"embeddable":true,"href":"https:\/\/politicosaldesnudo.com.mx\/index.php\/wp-json\/wp\/v2\/comments?post=26572"}],"version-history":[{"count":0,"href":"https:\/\/politicosaldesnudo.com.mx\/index.php\/wp-json\/wp\/v2\/posts\/26572\/revisions"}],"wp:featuredmedia":[{"embeddable":true,"href":"https:\/\/politicosaldesnudo.com.mx\/index.php\/wp-json\/wp\/v2\/media\/26573"}],"wp:attachment":[{"href":"https:\/\/politicosaldesnudo.com.mx\/index.php\/wp-json\/wp\/v2\/media?parent=26572"}],"wp:term":[{"taxonomy":"category","embeddable":true,"href":"https:\/\/politicosaldesnudo.com.mx\/index.php\/wp-json\/wp\/v2\/categories?post=26572"},{"taxonomy":"post_tag","embeddable":true,"href":"https:\/\/politicosaldesnudo.com.mx\/index.php\/wp-json\/wp\/v2\/tags?post=26572"}],"curies":[{"name":"wp","href":"https:\/\/api.w.org\/{rel}","templated":true}]}}