{"id":26642,"date":"2023-12-01T02:01:44","date_gmt":"2023-12-01T08:01:44","guid":{"rendered":"https:\/\/politicosaldesnudo.com.mx\/?p=26642"},"modified":"2023-12-01T02:01:44","modified_gmt":"2023-12-01T08:01:44","slug":"bukele-pide-licencia-para-buscar-releccion-en-el-salvador","status":"publish","type":"post","link":"https:\/\/politicosaldesnudo.com.mx\/index.php\/2023\/12\/01\/bukele-pide-licencia-para-buscar-releccion-en-el-salvador\/","title":{"rendered":"Bukele pide licencia para buscar relecci\u00f3n en El Salvador"},"content":{"rendered":"<p><span style=\"font-size: 14pt;\">El presidente de El Salvador, Nayib Bukele, pidi\u00f3 este jueves licencia al Congreso en sus \u00faltimos seis meses de mandato para lanzarse a la campa\u00f1a a la relecci\u00f3n en los comicios de febrero, favorecido por su popularidad por su guerra contra las pandillas.<\/span><\/p>\n<p><span style=\"font-size: 14pt;\">Una carta del gobierno enviada al Congreso pide \u201cque le sea concedida licencia\u201d a Bukele y al vicepresidente F\u00e9lix Ulloa a partir del 1 de diciembre para que se dediquen a la campa\u00f1a electoral, en la que son favoritos, seg\u00fan las encuestas.<\/span><\/p>\n<p><span style=\"font-size: 14pt;\">Se da por descontado que la Asamblea Nacional, dominada por el oficialismo, aprobar\u00e1 este mismo jueves en la noche el pedido y designar\u00e1 a sus remplazantes.<\/span><\/p>\n","protected":false},"excerpt":{"rendered":"<p>El presidente de El Salvador, Nayib Bukele, pidi\u00f3 este jueves licencia al Congreso en sus \u00faltimos seis meses de mandato<\/p>\n","protected":false},"author":4,"featured_media":26643,"comment_status":"closed","ping_status":"closed","sticky":false,"template":"","format":"standard","meta":{"colormag_page_container_layout":"default_layout","colormag_page_sidebar_layout":"default_layout","_jetpack_memberships_contains_paid_content":false,"footnotes":"","jetpack_publicize_message":"","jetpack_publicize_feature_enabled":true,"jetpack_social_post_already_shared":false,"jetpack_social_options":{"image_generator_settings":{"template":"highway","default_image_id":0,"font":"","enabled":false},"version":2}},"categories":[28],"tags":[],"class_list":["post-26642","post","type-post","status-publish","format-standard","has-post-thumbnail","hentry","category-internacional"],"jetpack_publicize_connections":[],"jetpack_featured_media_url":"https:\/\/i0.wp.com\/politicosaldesnudo.com.mx\/wp-content\/uploads\/2023\/12\/nayib-bukele-efe-focus-0-0-696-464.jpg?fit=696%2C464&ssl=1","jetpack-related-posts":[],"jetpack_sharing_enabled":true,"_links":{"self":[{"href":"https:\/\/politicosaldesnudo.com.mx\/index.php\/wp-json\/wp\/v2\/posts\/26642","targetHints":{"allow":["GET"]}}],"collection":[{"href":"https:\/\/politicosaldesnudo.com.mx\/index.php\/wp-json\/wp\/v2\/posts"}],"about":[{"href":"https:\/\/politicosaldesnudo.com.mx\/index.php\/wp-json\/wp\/v2\/types\/post"}],"author":[{"embeddable":true,"href":"https:\/\/politicosaldesnudo.com.mx\/index.php\/wp-json\/wp\/v2\/users\/4"}],"replies":[{"embeddable":true,"href":"https:\/\/politicosaldesnudo.com.mx\/index.php\/wp-json\/wp\/v2\/comments?post=26642"}],"version-history":[{"count":0,"href":"https:\/\/politicosaldesnudo.com.mx\/index.php\/wp-json\/wp\/v2\/posts\/26642\/revisions"}],"wp:featuredmedia":[{"embeddable":true,"href":"https:\/\/politicosaldesnudo.com.mx\/index.php\/wp-json\/wp\/v2\/media\/26643"}],"wp:attachment":[{"href":"https:\/\/politicosaldesnudo.com.mx\/index.php\/wp-json\/wp\/v2\/media?parent=26642"}],"wp:term":[{"taxonomy":"category","embeddable":true,"href":"https:\/\/politicosaldesnudo.com.mx\/index.php\/wp-json\/wp\/v2\/categories?post=26642"},{"taxonomy":"post_tag","embeddable":true,"href":"https:\/\/politicosaldesnudo.com.mx\/index.php\/wp-json\/wp\/v2\/tags?post=26642"}],"curies":[{"name":"wp","href":"https:\/\/api.w.org\/{rel}","templated":true}]}}