{"id":26657,"date":"2023-12-01T16:35:48","date_gmt":"2023-12-01T22:35:48","guid":{"rendered":"https:\/\/politicosaldesnudo.com.mx\/?p=26657"},"modified":"2023-12-01T16:35:48","modified_gmt":"2023-12-01T22:35:48","slug":"inicia-operaciones-el-aeropuerto-internacional-de-tulum","status":"publish","type":"post","link":"https:\/\/politicosaldesnudo.com.mx\/index.php\/2023\/12\/01\/inicia-operaciones-el-aeropuerto-internacional-de-tulum\/","title":{"rendered":"Inicia operaciones el Aeropuerto Internacional de Tulum"},"content":{"rendered":"<p><span style=\"font-size: 14pt;\">Tulum, QR.- El nuevo Aeropuerto Internacional de Tulum \u201cFelipe Carrillo Puerto\u201d arranc\u00f3 este viernes operaciones de vuelos.<\/span><\/p>\n<p><img data-recalc-dims=\"1\" loading=\"lazy\" decoding=\"async\" class=\"aligncenter size-full wp-image-26658\" src=\"https:\/\/i0.wp.com\/politicosaldesnudo.com.mx\/wp-content\/uploads\/2023\/12\/0-grande.jpg?resize=800%2C450&#038;ssl=1\" alt=\"\" width=\"800\" height=\"450\" srcset=\"https:\/\/i0.wp.com\/politicosaldesnudo.com.mx\/wp-content\/uploads\/2023\/12\/0-grande.jpg?w=800&amp;ssl=1 800w, https:\/\/i0.wp.com\/politicosaldesnudo.com.mx\/wp-content\/uploads\/2023\/12\/0-grande.jpg?resize=300%2C169&amp;ssl=1 300w, https:\/\/i0.wp.com\/politicosaldesnudo.com.mx\/wp-content\/uploads\/2023\/12\/0-grande.jpg?resize=768%2C432&amp;ssl=1 768w\" sizes=\"auto, (max-width: 800px) 100vw, 800px\" \/><\/p>\n<p><span style=\"font-size: 14pt;\">Ya se puede comprar a trav\u00e9s de Internet el boletaje para las diferentes aerol\u00edneas que operaran en esta nueva terminal a\u00e9rea \u2014que se sumar\u00e1 al Tren Maya, que se espera sea inaugurado en su primera etapa el pr\u00f3ximo 15 de diciembre.<\/span><\/p>\n<p><span style=\"font-size: 14pt;\">Al llegar a las instalaciones de la terminal, que fusionan modernidad con elementos mayas, se puede observar en las pantallas de las salas los vuelos que operar\u00e1n hoy con salidas y llegadas de empresas como Aerom\u00e9xico y Viva Aerob\u00fas, a distintos destinos, como la Ciudad de M\u00e9xico sobre todo.<\/span><\/p>\n<p><span style=\"font-size: 14pt;\">Aunque, antes de la llegada del mandatario federal, en la sala de documentaci\u00f3n, donde se realiza la ceremonia de inauguraci\u00f3n, se suscit\u00f3 un problema de goteras en la obra construida por ingenieros militares de la Secretar\u00eda de la Defensa Nacional.<\/span><\/p>\n<p><span style=\"font-size: 14pt;\">Esto gener\u00f3 la movilizaci\u00f3n inmediata de varios militares para poder contener con cubos y a fuerza de trapeador el agua que se fue filtrando y que ocasion\u00f3 algunos peque\u00f1os charcos dentro de las instalaciones del aeropuerto Felipe Carrillo Puerto.<\/span><\/p>\n","protected":false},"excerpt":{"rendered":"<p>Tulum, QR.- El nuevo Aeropuerto Internacional de Tulum \u201cFelipe Carrillo Puerto\u201d arranc\u00f3 este viernes operaciones de vuelos. Ya se puede<\/p>\n","protected":false},"author":4,"featured_media":26659,"comment_status":"closed","ping_status":"closed","sticky":false,"template":"","format":"standard","meta":{"colormag_page_container_layout":"default_layout","colormag_page_sidebar_layout":"default_layout","_jetpack_memberships_contains_paid_content":false,"footnotes":"","jetpack_publicize_message":"","jetpack_publicize_feature_enabled":true,"jetpack_social_post_already_shared":false,"jetpack_social_options":{"image_generator_settings":{"template":"highway","default_image_id":0,"font":"","enabled":false},"version":2}},"categories":[30],"tags":[],"class_list":["post-26657","post","type-post","status-publish","format-standard","has-post-thumbnail","hentry","category-estados"],"jetpack_publicize_connections":[],"jetpack_featured_media_url":"https:\/\/i0.wp.com\/politicosaldesnudo.com.mx\/wp-content\/uploads\/2023\/12\/234iuytrdhjn.jpg?fit=1600%2C826&ssl=1","jetpack-related-posts":[],"jetpack_sharing_enabled":true,"_links":{"self":[{"href":"https:\/\/politicosaldesnudo.com.mx\/index.php\/wp-json\/wp\/v2\/posts\/26657","targetHints":{"allow":["GET"]}}],"collection":[{"href":"https:\/\/politicosaldesnudo.com.mx\/index.php\/wp-json\/wp\/v2\/posts"}],"about":[{"href":"https:\/\/politicosaldesnudo.com.mx\/index.php\/wp-json\/wp\/v2\/types\/post"}],"author":[{"embeddable":true,"href":"https:\/\/politicosaldesnudo.com.mx\/index.php\/wp-json\/wp\/v2\/users\/4"}],"replies":[{"embeddable":true,"href":"https:\/\/politicosaldesnudo.com.mx\/index.php\/wp-json\/wp\/v2\/comments?post=26657"}],"version-history":[{"count":0,"href":"https:\/\/politicosaldesnudo.com.mx\/index.php\/wp-json\/wp\/v2\/posts\/26657\/revisions"}],"wp:featuredmedia":[{"embeddable":true,"href":"https:\/\/politicosaldesnudo.com.mx\/index.php\/wp-json\/wp\/v2\/media\/26659"}],"wp:attachment":[{"href":"https:\/\/politicosaldesnudo.com.mx\/index.php\/wp-json\/wp\/v2\/media?parent=26657"}],"wp:term":[{"taxonomy":"category","embeddable":true,"href":"https:\/\/politicosaldesnudo.com.mx\/index.php\/wp-json\/wp\/v2\/categories?post=26657"},{"taxonomy":"post_tag","embeddable":true,"href":"https:\/\/politicosaldesnudo.com.mx\/index.php\/wp-json\/wp\/v2\/tags?post=26657"}],"curies":[{"name":"wp","href":"https:\/\/api.w.org\/{rel}","templated":true}]}}