{"id":26661,"date":"2023-12-01T16:40:03","date_gmt":"2023-12-01T22:40:03","guid":{"rendered":"https:\/\/politicosaldesnudo.com.mx\/?p=26661"},"modified":"2023-12-01T16:40:03","modified_gmt":"2023-12-01T22:40:03","slug":"confirma-lopez-obrador-aumento-de-20-al-salario-minimo","status":"publish","type":"post","link":"https:\/\/politicosaldesnudo.com.mx\/index.php\/2023\/12\/01\/confirma-lopez-obrador-aumento-de-20-al-salario-minimo\/","title":{"rendered":"Confirma L\u00f3pez Obrador aumento de 20% al salario m\u00ednimo"},"content":{"rendered":"<p><span style=\"font-size: 14pt;\">En el contexto del quinto aniversario del arranque de su mandato, el presidente Andr\u00e9s Manuel L\u00f3pez Obrador anunci\u00f3 este viernes que a partir del 1 de enero el salario m\u00ednimo tendr\u00e1 un incremento de 20 por ciento, lo que, afirm\u00f3, \u201csignifica que vamos a cumplir lo que ofrecimos al inicio de nuestro gobierno de aumentar el salario m\u00ednimo en t\u00e9rminos reales al doble\u201d.<\/span><\/p>\n<p><span style=\"font-size: 14pt;\">En su conferencia de prensa diaria en Palacio Nacional, el jefe del Ejecutivo explic\u00f3 que el aumento es resultado de un acuerdo alcanzado entre el sector obrero y el empresarial. que calific\u00f3 de \u201chist\u00f3rico\u201d.<\/span><\/p>\n<p><span style=\"font-size: 14pt;\">Esto es hist\u00f3rico, porque significa que vamos a cumplir lo que ofrecimos al inicio de nuestro gobierno de aumentar el salario m\u00ednimo en t\u00e9rminos reales al doble.<\/span><\/p>\n<p><span style=\"font-size: 14pt;\">\u201cCuando llegamos el salario m\u00ednimo era de 88 pesos diarios, 2 mil 687 pesos mensuales, y a partir del 1 de enero el salario m\u00ednimo va a ser de 249 pesos diarios, 7 mil 508 pesos mensuales\u201d, detall\u00f3 el mandatario.<\/span><\/p>\n<p><span style=\"font-size: 14pt;\">\u201cEsto es todav\u00eda m\u00e1s satisfactorio si se toma en cuenta que en la zona libre de la frontera norte el salario pasa de 88 pesos en 2018 a 375 pesos diarios a partir del d\u00eda 1 de enero, es decir, de 2 mil 687 pesos mensuales a 11 mil 403 pesos mensuales\u201d, a\u00f1adi\u00f3.<\/span><\/p>\n<p><span style=\"font-size: 14pt;\">\u201cEsto no suced\u00eda desde hace 50 a\u00f1os cuando menos, por eso digo que es hist\u00f3rico\u201d, declar\u00f3 L\u00f3pez Obrador, quien record\u00f3 que hoy mismo viajar\u00e1 a Quintana Roo para inaugurar el Aeropuerto Intencional \u201cFelipe Carrillo Puerto\u201d de Tulum.<\/span><\/p>\n<p><span style=\"font-size: 14pt;\">\u201cQu\u00e9 mejor manera de conmemorar los cinco a\u00f1os de nuestro gobierno, demostrando que es posible el progreso, como lo vamos a ver ahora, la construcci\u00f3n de obras magnas con justicia al mismo tiempo, progreso con justicia, modernidad forjada desde abajo y para todos, eso es lo que ha significado nuestro gobierno\u201d, manifest\u00f3.<\/span><\/p>\n","protected":false},"excerpt":{"rendered":"<p>En el contexto del quinto aniversario del arranque de su mandato, el presidente Andr\u00e9s Manuel L\u00f3pez Obrador anunci\u00f3 este viernes<\/p>\n","protected":false},"author":4,"featured_media":26662,"comment_status":"closed","ping_status":"closed","sticky":false,"template":"","format":"standard","meta":{"colormag_page_container_layout":"default_layout","colormag_page_sidebar_layout":"default_layout","_jetpack_memberships_contains_paid_content":false,"footnotes":"","jetpack_publicize_message":"","jetpack_publicize_feature_enabled":true,"jetpack_social_post_already_shared":false,"jetpack_social_options":{"image_generator_settings":{"template":"highway","default_image_id":0,"font":"","enabled":false},"version":2}},"categories":[33],"tags":[],"class_list":["post-26661","post","type-post","status-publish","format-standard","has-post-thumbnail","hentry","category-nacional"],"jetpack_publicize_connections":[],"jetpack_featured_media_url":"https:\/\/i0.wp.com\/politicosaldesnudo.com.mx\/wp-content\/uploads\/2023\/12\/salario-minimo-2023-amlo-revela-aumento-del-20-por-ciento-1.jpg?fit=966%2C542&ssl=1","jetpack-related-posts":[],"jetpack_sharing_enabled":true,"_links":{"self":[{"href":"https:\/\/politicosaldesnudo.com.mx\/index.php\/wp-json\/wp\/v2\/posts\/26661","targetHints":{"allow":["GET"]}}],"collection":[{"href":"https:\/\/politicosaldesnudo.com.mx\/index.php\/wp-json\/wp\/v2\/posts"}],"about":[{"href":"https:\/\/politicosaldesnudo.com.mx\/index.php\/wp-json\/wp\/v2\/types\/post"}],"author":[{"embeddable":true,"href":"https:\/\/politicosaldesnudo.com.mx\/index.php\/wp-json\/wp\/v2\/users\/4"}],"replies":[{"embeddable":true,"href":"https:\/\/politicosaldesnudo.com.mx\/index.php\/wp-json\/wp\/v2\/comments?post=26661"}],"version-history":[{"count":0,"href":"https:\/\/politicosaldesnudo.com.mx\/index.php\/wp-json\/wp\/v2\/posts\/26661\/revisions"}],"wp:featuredmedia":[{"embeddable":true,"href":"https:\/\/politicosaldesnudo.com.mx\/index.php\/wp-json\/wp\/v2\/media\/26662"}],"wp:attachment":[{"href":"https:\/\/politicosaldesnudo.com.mx\/index.php\/wp-json\/wp\/v2\/media?parent=26661"}],"wp:term":[{"taxonomy":"category","embeddable":true,"href":"https:\/\/politicosaldesnudo.com.mx\/index.php\/wp-json\/wp\/v2\/categories?post=26661"},{"taxonomy":"post_tag","embeddable":true,"href":"https:\/\/politicosaldesnudo.com.mx\/index.php\/wp-json\/wp\/v2\/tags?post=26661"}],"curies":[{"name":"wp","href":"https:\/\/api.w.org\/{rel}","templated":true}]}}