{"id":26664,"date":"2023-12-01T16:54:40","date_gmt":"2023-12-01T22:54:40","guid":{"rendered":"https:\/\/politicosaldesnudo.com.mx\/?p=26664"},"modified":"2023-12-01T16:54:40","modified_gmt":"2023-12-01T22:54:40","slug":"prepara-samuel-garcia-recurso-ante-tepjf","status":"publish","type":"post","link":"https:\/\/politicosaldesnudo.com.mx\/index.php\/2023\/12\/01\/prepara-samuel-garcia-recurso-ante-tepjf\/","title":{"rendered":"Prepara Samuel Garc\u00eda recurso ante TEPJF"},"content":{"rendered":"<p><span style=\"font-size: 14pt;\">Monterrey, NL.- El gobernador Samuel Garc\u00eda Sep\u00falveda, por medio de su equipo legal, alista un recurso ante el Tribunal Electoral del Poder Judicial de la Federaci\u00f3n para revertir la suspensi\u00f3n que condiciona la licencia de seis meses que le fue aprobada para poder contender por la Presidencia.<\/span><\/p>\n<p><span style=\"font-size: 14pt;\">El mandatario emecista alegar\u00e1 su derecho a participar en la elecci\u00f3n, considerando violatoria la suspensi\u00f3n dictada por un juez estatal.<\/span><\/p>\n<p><span style=\"font-size: 14pt;\">En la suspensi\u00f3n, el Poder Judicial establece que la licencia de seis meses de Garc\u00eda Sep\u00falveda s\u00f3lo entrar\u00e1 en vigor cuando asuma como gobernador interino Luis Enrique Orozco Su\u00e1rez, nombrado por el Congreso, pero no reconocido por la administraci\u00f3n emecista.<\/span><\/p>\n<p><span style=\"font-size: 14pt;\">El mandatario estatal expres\u00f3 en sus redes sociales que su derecho a ser votado no est\u00e1 sujeto a interpretaci\u00f3n de ning\u00fan juez.<\/span><\/p>\n<p><span style=\"font-size: 14pt;\">\u00abSobre la resoluci\u00f3n del Tribunal del estado, controlado por el <em>PRIAN<\/em>, quiero decirles dos cosas\u00bb, public\u00f3 Samuel Garc\u00eda:<\/span><\/p>\n<p><span style=\"font-size: 14pt;\">\u00abEl Tribunal no tiene competencia para detener mi licencia. Mi licencia es un derecho, no est\u00e1 sujeta a interpretaci\u00f3n de ning\u00fan juez\u00bb.<\/span><\/p>\n<p><span style=\"font-size: 14pt;\">Jorge \u00c1lvarez Maynez, coordinador de precampa\u00f1a de Samuel Garc\u00eda Sep\u00falveda, cuestion\u00f3 en una publicaci\u00f3n la suspensi\u00f3n del Poder Judicial y anticip\u00f3 que el TEPJF ya se ha pronunciado al respecto.<\/span><\/p>\n<p><span style=\"font-size: 14pt;\">\u00abQue bueno que se quiten la m\u00e1scara. Lo que no quieren es que Samuel Garc\u00eda compita. Porque va a jubilar al PRI y al PAN\u00bb, escribi\u00f3 en X, antes Twitter.<\/span><\/p>\n<p><span style=\"font-size: 14pt;\">\u00abEsto que hace el Poder Judicial de Nuevo Le\u00f3n es inconstitucional. El asunto ya fue resuelto por un tribunal de rango constitucional (el TEPJF)\u00bb.<\/span><\/p>\n","protected":false},"excerpt":{"rendered":"<p>Monterrey, NL.- El gobernador Samuel Garc\u00eda Sep\u00falveda, por medio de su equipo legal, alista un recurso ante el Tribunal Electoral<\/p>\n","protected":false},"author":4,"featured_media":26665,"comment_status":"closed","ping_status":"closed","sticky":false,"template":"","format":"standard","meta":{"colormag_page_container_layout":"default_layout","colormag_page_sidebar_layout":"default_layout","_jetpack_memberships_contains_paid_content":false,"footnotes":"","jetpack_publicize_message":"","jetpack_publicize_feature_enabled":true,"jetpack_social_post_already_shared":false,"jetpack_social_options":{"image_generator_settings":{"template":"highway","default_image_id":0,"font":"","enabled":false},"version":2}},"categories":[30],"tags":[],"class_list":["post-26664","post","type-post","status-publish","format-standard","has-post-thumbnail","hentry","category-estados"],"jetpack_publicize_connections":[],"jetpack_featured_media_url":"https:\/\/i0.wp.com\/politicosaldesnudo.com.mx\/wp-content\/uploads\/2023\/12\/Ssamuel-Garcia-en-la-FIL-2023.jpg?fit=768%2C479&ssl=1","jetpack-related-posts":[],"jetpack_sharing_enabled":true,"_links":{"self":[{"href":"https:\/\/politicosaldesnudo.com.mx\/index.php\/wp-json\/wp\/v2\/posts\/26664","targetHints":{"allow":["GET"]}}],"collection":[{"href":"https:\/\/politicosaldesnudo.com.mx\/index.php\/wp-json\/wp\/v2\/posts"}],"about":[{"href":"https:\/\/politicosaldesnudo.com.mx\/index.php\/wp-json\/wp\/v2\/types\/post"}],"author":[{"embeddable":true,"href":"https:\/\/politicosaldesnudo.com.mx\/index.php\/wp-json\/wp\/v2\/users\/4"}],"replies":[{"embeddable":true,"href":"https:\/\/politicosaldesnudo.com.mx\/index.php\/wp-json\/wp\/v2\/comments?post=26664"}],"version-history":[{"count":0,"href":"https:\/\/politicosaldesnudo.com.mx\/index.php\/wp-json\/wp\/v2\/posts\/26664\/revisions"}],"wp:featuredmedia":[{"embeddable":true,"href":"https:\/\/politicosaldesnudo.com.mx\/index.php\/wp-json\/wp\/v2\/media\/26665"}],"wp:attachment":[{"href":"https:\/\/politicosaldesnudo.com.mx\/index.php\/wp-json\/wp\/v2\/media?parent=26664"}],"wp:term":[{"taxonomy":"category","embeddable":true,"href":"https:\/\/politicosaldesnudo.com.mx\/index.php\/wp-json\/wp\/v2\/categories?post=26664"},{"taxonomy":"post_tag","embeddable":true,"href":"https:\/\/politicosaldesnudo.com.mx\/index.php\/wp-json\/wp\/v2\/tags?post=26664"}],"curies":[{"name":"wp","href":"https:\/\/api.w.org\/{rel}","templated":true}]}}