{"id":26678,"date":"2023-12-02T12:46:13","date_gmt":"2023-12-02T18:46:13","guid":{"rendered":"https:\/\/politicosaldesnudo.com.mx\/?p=26678"},"modified":"2023-12-02T12:46:13","modified_gmt":"2023-12-02T18:46:13","slug":"dos-gobernadores-en-nl-un-interino-avalado-por-la-corte-y-samuel-garcia","status":"publish","type":"post","link":"https:\/\/politicosaldesnudo.com.mx\/index.php\/2023\/12\/02\/dos-gobernadores-en-nl-un-interino-avalado-por-la-corte-y-samuel-garcia\/","title":{"rendered":"Dos gobernadores en NL: un interino avalado por la Corte y Samuel Garc\u00eda"},"content":{"rendered":"<p><span style=\"font-size: 14pt;\">La Suprema Corte de Justicia de la Naci\u00f3n (SCJN) determin\u00f3 anoche que Luis Enrique Orozco Su\u00e1rez tomara posesi\u00f3n como gobernador interino de Nuevo Le\u00f3n a partir de este s\u00e1bado y hasta el 2 de junio de 2024, como lo hab\u00eda decidido el Congreso local el pasado mi\u00e9rcoles.<\/span><\/p>\n<p><span style=\"font-size: 14pt;\">Orozco acudi\u00f3 al Palacio de Gobierno estatal a la medianoche para hacer efectiva la investidura, pero mientras hablaba con la prensa se le acerc\u00f3 el secretario general de gobierno, Javier Navarro, y le mostr\u00f3 un documento en el cual le informaba que Samuel Garc\u00eda Sep\u00falveda reasum\u00eda sus funciones de gobernador.<\/span><\/p>\n<p><span style=\"font-size: 14pt;\">Minutos despu\u00e9s, este \u00faltimo public\u00f3 en sus redes sociales dicha decisi\u00f3n y se atrincher\u00f3 en el Palacio de Gobierno, mientras Orozco se retiraba entre decenas de polic\u00edas antimotines y de la fuerza civil que resguardaban la entrada.<\/span><\/p>\n<p><span style=\"font-size: 14pt;\">Al cierre de esta edici\u00f3n, Navarro confirm\u00f3 que Samuel Garc\u00eda <q>no va a la campa\u00f1a<\/q> por la Presidencia por el partido Movimiento Ciudadano. La ley electoral exige que para participar en la contienda se debe renunciar al cargo seis meses antes de la elecci\u00f3n, prevista para el 2 de junio de 2024.<\/span><\/p>\n<p><span style=\"font-size: 14pt;\">La resoluci\u00f3n del m\u00e1ximo tribunal del pa\u00eds se dio a conocer a las 11:35 de la noche, pocos minutos antes de que se hiciera efectiva la licencia otorgada a Garc\u00eda Sep\u00falveda por el Congreso local el pasado 25 de octubre.<\/span><\/p>\n<p><span style=\"font-size: 14pt;\">A la medianoche, Orozco Su\u00e1rez \u2013quien fue designado el mi\u00e9rcoles por el Congreso local, con mayor\u00eda pri\u00edsta y panista, y ratificado ayer por la SCJN\u2013 lleg\u00f3 al Palacio de Gobierno estatal, cuyas entradas se encontraban blindadas.<\/span><\/p>\n<p><img data-recalc-dims=\"1\" loading=\"lazy\" decoding=\"async\" class=\"aligncenter size-full wp-image-26679\" src=\"https:\/\/i0.wp.com\/politicosaldesnudo.com.mx\/wp-content\/uploads\/2023\/12\/LuisOrozco_301123.jpg?resize=800%2C350&#038;ssl=1\" alt=\"\" width=\"800\" height=\"350\" srcset=\"https:\/\/i0.wp.com\/politicosaldesnudo.com.mx\/wp-content\/uploads\/2023\/12\/LuisOrozco_301123.jpg?w=800&amp;ssl=1 800w, https:\/\/i0.wp.com\/politicosaldesnudo.com.mx\/wp-content\/uploads\/2023\/12\/LuisOrozco_301123.jpg?resize=300%2C131&amp;ssl=1 300w, https:\/\/i0.wp.com\/politicosaldesnudo.com.mx\/wp-content\/uploads\/2023\/12\/LuisOrozco_301123.jpg?resize=768%2C336&amp;ssl=1 768w\" sizes=\"auto, (max-width: 800px) 100vw, 800px\" \/><\/p>\n<p><span style=\"font-size: 14pt;\">Orozco \u2013quien antes fung\u00eda como vicefiscal de ministerios p\u00fablicos\u2013 entr\u00f3 a las 12:15 horas por la puerta principal del recinto gubernamental, donde se encontraba el secretario general de gobierno, Javier Navarro, quien Samuel Garc\u00eda quer\u00eda que quedara como encargado de despacho.<\/span><\/p>\n<p><span style=\"font-size: 14pt;\">A las 12:51 Orozco Su\u00e1rez sali\u00f3 a dar unas palabras a los reporteros a quienes explic\u00f3 que la decisi\u00f3n de la SCJN era una medida cautelar para evitar la indefinici\u00f3n de la titularidad del Poder Ejecutivo estatal y garantizar la gobernabilidad en la entidad mientras se resuelve en definitiva la controversia constitucional.<\/span><\/p>\n<p><span style=\"font-size: 14pt;\">Le pidi\u00f3 a Garc\u00eda Sep\u00falveda que se llevara a cabo una transici\u00f3n ordenada y le garantiz\u00f3 que se encargar\u00eda de gobernar sin sobresaltos y dar\u00eda seguimiento a los programas establecidos durante su administraci\u00f3n.<\/span><\/p>\n<p><span style=\"font-size: 14pt;\">A las 1:11 horas, Samuel Garc\u00eda, quien ya hab\u00eda llegado al lugar, le envi\u00f3 un mensaje con un polic\u00eda estatal para hacerle saber que a la hora que quisiera lo recib\u00eda; y siete minutos despu\u00e9s sali\u00f3 Javier Navarro a informarle que Garc\u00eda Sep\u00falveda hab\u00eda decidido reasumir el cargo. Al cierre de la edici\u00f3n se esperaba que este \u00faltimo ofreciera una conferencia de prensa.<\/span><\/p>\n","protected":false},"excerpt":{"rendered":"<p>La Suprema Corte de Justicia de la Naci\u00f3n (SCJN) determin\u00f3 anoche que Luis Enrique Orozco Su\u00e1rez tomara posesi\u00f3n como gobernador<\/p>\n","protected":false},"author":4,"featured_media":26680,"comment_status":"closed","ping_status":"closed","sticky":false,"template":"","format":"standard","meta":{"colormag_page_container_layout":"default_layout","colormag_page_sidebar_layout":"default_layout","_jetpack_memberships_contains_paid_content":false,"footnotes":"","jetpack_publicize_message":"","jetpack_publicize_feature_enabled":true,"jetpack_social_post_already_shared":false,"jetpack_social_options":{"image_generator_settings":{"template":"highway","default_image_id":0,"font":"","enabled":false},"version":2}},"categories":[33],"tags":[],"class_list":["post-26678","post","type-post","status-publish","format-standard","has-post-thumbnail","hentry","category-nacional"],"jetpack_publicize_connections":[],"jetpack_featured_media_url":"https:\/\/i0.wp.com\/politicosaldesnudo.com.mx\/wp-content\/uploads\/2023\/12\/samuel-garcia-cuartosuro-222340-1024x576-1.jpg?fit=1024%2C576&ssl=1","jetpack-related-posts":[],"jetpack_sharing_enabled":true,"_links":{"self":[{"href":"https:\/\/politicosaldesnudo.com.mx\/index.php\/wp-json\/wp\/v2\/posts\/26678","targetHints":{"allow":["GET"]}}],"collection":[{"href":"https:\/\/politicosaldesnudo.com.mx\/index.php\/wp-json\/wp\/v2\/posts"}],"about":[{"href":"https:\/\/politicosaldesnudo.com.mx\/index.php\/wp-json\/wp\/v2\/types\/post"}],"author":[{"embeddable":true,"href":"https:\/\/politicosaldesnudo.com.mx\/index.php\/wp-json\/wp\/v2\/users\/4"}],"replies":[{"embeddable":true,"href":"https:\/\/politicosaldesnudo.com.mx\/index.php\/wp-json\/wp\/v2\/comments?post=26678"}],"version-history":[{"count":0,"href":"https:\/\/politicosaldesnudo.com.mx\/index.php\/wp-json\/wp\/v2\/posts\/26678\/revisions"}],"wp:featuredmedia":[{"embeddable":true,"href":"https:\/\/politicosaldesnudo.com.mx\/index.php\/wp-json\/wp\/v2\/media\/26680"}],"wp:attachment":[{"href":"https:\/\/politicosaldesnudo.com.mx\/index.php\/wp-json\/wp\/v2\/media?parent=26678"}],"wp:term":[{"taxonomy":"category","embeddable":true,"href":"https:\/\/politicosaldesnudo.com.mx\/index.php\/wp-json\/wp\/v2\/categories?post=26678"},{"taxonomy":"post_tag","embeddable":true,"href":"https:\/\/politicosaldesnudo.com.mx\/index.php\/wp-json\/wp\/v2\/tags?post=26678"}],"curies":[{"name":"wp","href":"https:\/\/api.w.org\/{rel}","templated":true}]}}