{"id":26726,"date":"2023-12-04T01:22:26","date_gmt":"2023-12-04T07:22:26","guid":{"rendered":"https:\/\/politicosaldesnudo.com.mx\/?p=26726"},"modified":"2023-12-04T01:22:26","modified_gmt":"2023-12-04T07:22:26","slug":"que-sigue-en-mexico","status":"publish","type":"post","link":"https:\/\/politicosaldesnudo.com.mx\/index.php\/2023\/12\/04\/que-sigue-en-mexico\/","title":{"rendered":"\u00bfQu\u00e9 sigue en M\u00e9xico?"},"content":{"rendered":"<p><span style=\"font-size: 14pt;\">\u00bfQu\u00e9 sigue? Es el t\u00edtulo del libro m\u00e1s reciente de Denise Dresser, la reconocida polit\u00f3loga, considerada una de las personas m\u00e1s influyentes en redes sociales como X (antes twitter), en este libro sostiene una postura cr\u00edtica y de clara oposici\u00f3n al presidente y quienes puedan seguir en el gobierno bajo la representaci\u00f3n del mismo partido, sin embargo, es tan cr\u00edtica que las recomendaciones son un manual de responsabilidad para toda la ciudadan\u00eda.<\/span><\/p>\n<p><span style=\"font-size: 14pt;\">Sin importar nuestra afiliaci\u00f3n pol\u00edtica, si estamos a favor de un gobierno o no, si quienes contienden para las pr\u00f3ximas elecciones nos convencen, tenemos una responsabilidad ciudadana que va m\u00e1s all\u00e1 de emitir un voto, es la obligaci\u00f3n de ejercer un contrapeso al poder y aplica en todos los niveles, principalmente cuando hay situaciones de crisis como la que vive actualmente Nuevo Le\u00f3n.<\/span><\/p>\n<p><span style=\"font-size: 14pt;\">En medio de momentos de tensi\u00f3n donde el gobierno parece no tener pies ni cabeza, las leyes se manejan a conveniencia del poder y hay una constante lucha entre partidos como est\u00e1 ocurriendo actualmente al norte del pa\u00eds, es indispensables que toda la ciudadan\u00eda alce la voz, considere con certeza qu\u00e9 rumbo quieren darle a su entorno y \u00bfc\u00f3mo pueden hacerlo? Para ello Dresser comparte 20 claves, que bien podr\u00edan ser un manual de ciudadan\u00eda participativa y responsable que deber\u00eda seguir toda persona que quiera un mejor rumbo.<\/span><\/p>\n<p><span style=\"font-size: 14pt;\">Si bien estas claves fueron pensadas como un manifiesto de oposici\u00f3n y cr\u00edtica al r\u00e9gimen actual, tienen la certeza de no caer en paternalismos donde se espera que un gobierno sea quien resuelva todo, comenzando por no ser porrista de nadie, pues eso hace que se pierda la objetividad y recalca que no se trata de elegir entre un punto u otro sino de ser dem\u00f3crata. Ya que al aplaudir toda propuesta de quienes elegimos como representantes sin mayor an\u00e1lisis, es cuando las instituciones pueden verse vulneradas.<\/span><\/p>\n<p><span style=\"font-size: 14pt;\">Dresser tambi\u00e9n habla del papel de instituciones como el INE y el INAI, las cuales destaca ten\u00edan errores, al igual que todos los gobiernos anteriores, no obstante, la autonom\u00eda de las instituciones, el periodismo, y la Suprema Corte de justicia logran un equilibrio en el poder, para que distintos puntos de vista sean tomados en cuenta. Al final hemos de considerar que las personas al frente del gobierno se eligen por una mayor\u00eda, pero deben gobernar para toda la ciudadan\u00eda.<\/span><\/p>\n<p><span style=\"font-size: 14pt;\">De igual forma una de estas claves para el futuro es detectar la propaganda, incluso en lo cotidiano, aqu\u00ed no s\u00f3lo habla de AMLO, sino de una pr\u00e1ctica com\u00fan en los presidentes: \u201cLos presidentes mienten para exagerar sus \u00e9xitos y ocultar sus fracasos\u201d, aqu\u00ed se\u00f1ala la necesidad de cuestionar al poder, de exigir transparencia y de dar escucha a ciudadanos que han vivido en carne propia los cambios de informaci\u00f3n como son los familiares de desaparecidos, esas causas no son menores, necesitan una escucha constante y que se les hable con la verdad.<\/span><\/p>\n<p><span style=\"font-size: 14pt;\">Otros puntos hablan del feminismo, de la necesidad de progreso, el impulso a la ciencia, cuidar las palabras con las que se disfraza la realidad, dar apoyo al periodismo independiente, destaca que la militarizaci\u00f3n no es soluci\u00f3n, el acompa\u00f1amiento a las v\u00edctimas y sobre todo en cada apartado destaca la necesidad de di\u00e1logo. Si en algo deber\u00edamos coincidir es en esto \u00faltimo, s\u00f3lo as\u00ed se construyen los puentes para un mejor futuro, considerando todas las posturas y realidades, pues como bien destaca fue la desilusi\u00f3n constante la que nos hizo pedir a gritos un cambio en el pa\u00eds, ahora nos toca encontrar puntos en com\u00fan en medio de todas las diferencias.<\/span><\/p>\n<p><span style=\"font-size: 14pt;\">Al final nos toca participar, hacerlo desde las urnas que es donde comienza la elecci\u00f3n de futuro, participar tambi\u00e9n en las calles defendiendo posturas, en marchas, en grupos de opini\u00f3n, en el di\u00e1logo para comprender qu\u00e9 busca el otro, si algo necesitamos de cara al 2024 es empat\u00eda, trabajar en construcci\u00f3n, en apoyo conjunto, dejemos de se\u00f1alar divisiones entre unos y otros porque al final tenemos una certeza: todo M\u00e9xico a\u00f1ora un pa\u00eds mejor, con oportunidades equitativas, mejor educaci\u00f3n y sobre todo un M\u00e9xico en paz.<\/span><\/p>\n<p><img data-recalc-dims=\"1\" loading=\"lazy\" decoding=\"async\" class=\"aligncenter size-full wp-image-26589\" src=\"https:\/\/i0.wp.com\/politicosaldesnudo.com.mx\/wp-content\/uploads\/2023\/12\/FIRMA-EDITORIAL-PD.jpg?resize=800%2C98&#038;ssl=1\" alt=\"\" width=\"800\" height=\"98\" srcset=\"https:\/\/i0.wp.com\/politicosaldesnudo.com.mx\/wp-content\/uploads\/2023\/12\/FIRMA-EDITORIAL-PD.jpg?w=1024&amp;ssl=1 1024w, https:\/\/i0.wp.com\/politicosaldesnudo.com.mx\/wp-content\/uploads\/2023\/12\/FIRMA-EDITORIAL-PD.jpg?resize=300%2C37&amp;ssl=1 300w, https:\/\/i0.wp.com\/politicosaldesnudo.com.mx\/wp-content\/uploads\/2023\/12\/FIRMA-EDITORIAL-PD.jpg?resize=768%2C94&amp;ssl=1 768w\" sizes=\"auto, (max-width: 800px) 100vw, 800px\" \/><\/p>\n","protected":false},"excerpt":{"rendered":"<p>\u00bfQu\u00e9 sigue? Es el t\u00edtulo del libro m\u00e1s reciente de Denise Dresser, la reconocida polit\u00f3loga, considerada una de las personas<\/p>\n","protected":false},"author":4,"featured_media":4371,"comment_status":"closed","ping_status":"closed","sticky":false,"template":"","format":"standard","meta":{"colormag_page_container_layout":"default_layout","colormag_page_sidebar_layout":"default_layout","_jetpack_memberships_contains_paid_content":false,"footnotes":"","jetpack_publicize_message":"","jetpack_publicize_feature_enabled":true,"jetpack_social_post_already_shared":false,"jetpack_social_options":{"image_generator_settings":{"template":"highway","default_image_id":0,"font":"","enabled":false},"version":2}},"categories":[26],"tags":[],"class_list":["post-26726","post","type-post","status-publish","format-standard","has-post-thumbnail","hentry","category-columnistas"],"jetpack_publicize_connections":[],"jetpack_featured_media_url":"https:\/\/i0.wp.com\/politicosaldesnudo.com.mx\/wp-content\/uploads\/2022\/04\/ZR1.png?fit=1816%2C1016&ssl=1","jetpack-related-posts":[],"jetpack_sharing_enabled":true,"_links":{"self":[{"href":"https:\/\/politicosaldesnudo.com.mx\/index.php\/wp-json\/wp\/v2\/posts\/26726","targetHints":{"allow":["GET"]}}],"collection":[{"href":"https:\/\/politicosaldesnudo.com.mx\/index.php\/wp-json\/wp\/v2\/posts"}],"about":[{"href":"https:\/\/politicosaldesnudo.com.mx\/index.php\/wp-json\/wp\/v2\/types\/post"}],"author":[{"embeddable":true,"href":"https:\/\/politicosaldesnudo.com.mx\/index.php\/wp-json\/wp\/v2\/users\/4"}],"replies":[{"embeddable":true,"href":"https:\/\/politicosaldesnudo.com.mx\/index.php\/wp-json\/wp\/v2\/comments?post=26726"}],"version-history":[{"count":0,"href":"https:\/\/politicosaldesnudo.com.mx\/index.php\/wp-json\/wp\/v2\/posts\/26726\/revisions"}],"wp:featuredmedia":[{"embeddable":true,"href":"https:\/\/politicosaldesnudo.com.mx\/index.php\/wp-json\/wp\/v2\/media\/4371"}],"wp:attachment":[{"href":"https:\/\/politicosaldesnudo.com.mx\/index.php\/wp-json\/wp\/v2\/media?parent=26726"}],"wp:term":[{"taxonomy":"category","embeddable":true,"href":"https:\/\/politicosaldesnudo.com.mx\/index.php\/wp-json\/wp\/v2\/categories?post=26726"},{"taxonomy":"post_tag","embeddable":true,"href":"https:\/\/politicosaldesnudo.com.mx\/index.php\/wp-json\/wp\/v2\/tags?post=26726"}],"curies":[{"name":"wp","href":"https:\/\/api.w.org\/{rel}","templated":true}]}}