{"id":26765,"date":"2023-12-04T08:23:58","date_gmt":"2023-12-04T14:23:58","guid":{"rendered":"https:\/\/politicosaldesnudo.com.mx\/?p=26765"},"modified":"2023-12-04T08:23:58","modified_gmt":"2023-12-04T14:23:58","slug":"samuel-garcia-envio-el-prian-carta-para-que-pudieran-robar","status":"publish","type":"post","link":"https:\/\/politicosaldesnudo.com.mx\/index.php\/2023\/12\/04\/samuel-garcia-envio-el-prian-carta-para-que-pudieran-robar\/","title":{"rendered":"Samuel Garc\u00eda: \u00abenvi\u00f3 el &#8216;Prian&#8217; carta para que pudieran robar\u00bb"},"content":{"rendered":"<div class=\"col col1\">\n<p class=\"s-s\"><span style=\"font-size: 14pt;\">En medio de la indefinici\u00f3n sobre si el regreso de Samuel Garc\u00eda Sep\u00falveda a la gubernatura de Nuevo Le\u00f3n es legal, pues el Congreso local asegura que la licencia que pidi\u00f3 al cargo sigue vigente, el emecista dio a conocer una carta que le enviaron los\u00a0<em>prianistas<\/em>\u00a0en la que le se\u00f1alaban que pod\u00eda irse a hacer precampa\u00f1a a la Presidencia y dejar al secretario de Gobierno, Javier Navarro, como interino, a cambio de dejarles el gobierno, a lo que respondi\u00f3:\u00a0<q>ni madres, se roban todo<\/q>.<\/span><\/p>\n<p><span style=\"font-size: 14pt;\">Al encabezar su primer acto p\u00fablico en el municipio de Escobedo despu\u00e9s de abandonar la precampa\u00f1a, y de que la Suprema Corte de Justicia de la Naci\u00f3n (SCJN) aval\u00f3 el nombramiento de Luis Enrique Orozco como mandatario interino, Garc\u00eda enumer\u00f3 algunas de las peticiones que le hicieron en una misiva de 11 puntos,\u00a0<q>cre\u00edan estos g\u00fceyes que soy Santacl\u00f3s<\/q>.<\/span><\/p>\n<p><span style=\"font-size: 14pt;\">Garc\u00eda descart\u00f3 caer en desacato al no hacer uso de la licencia de seis meses y reasumir la gubernatura; insisti\u00f3 en que no necesita que la Legislatura revoque el permiso, seg\u00fan \u00e9l, por tratarse de un documento unipersonal; sin embargo, para este lunes se prev\u00e9 que a las 11 de la ma\u00f1ana sesione el Congreso y determine lo conducente.<\/span><\/p>\n<p><span style=\"font-size: 14pt;\">En Escobedo, municipio conurbada de Monterrey gobernado por el morenista Andr\u00e9s Mijes, Garc\u00eda \u2013quien fue presentado como\u00a0<q>gobernador<\/q>\u2013 hizo un recuento de todas las obras que no pudieron hacer en 40 a\u00f1os los gobiernos\u00a0<em>prianistas<\/em>\u00a0y que, sostuvo, su administraci\u00f3n ha realizado en dos a\u00f1os.<\/span><\/p>\n<p><span style=\"font-size: 14pt;\">Revel\u00f3 que Javier Navarro le dijo: \u201c<em>g\u00f3ber<\/em>, s\u00ed me van a nombrar interino; ay, g\u00fcey, nom\u00e1s de c\u00f3mo lo escuch\u00e9 dije, aqu\u00ed hay truco, estos g\u00fceyes del\u00a0<em>Prian<\/em>\u00a0no te dan nada, son m\u00e1s largos que la cuaresma, y me dice, te mandan esta carta\u201d.<\/span><\/p>\n<p><span style=\"font-size: 14pt;\">Explic\u00f3 que la misiva conten\u00eda 11 peticiones, algunas de las cuales dio a conocer. \u201cLa primera era 2 mil 500 millones para el a\u00f1o entrante; la segunda, des\u00edstete de todas las carpetas penales contra Francisco Cienfuegos y Adri\u00e1n de la Garza (l\u00edderes\u00a0<em>de facto\u00a0<\/em>del PRI) y Ra\u00fal Gracia y Zeferino Salgado (l\u00edderes<em>\u00a0de facto<\/em>\u00a0del PAN), aunque est\u00e1n en la FGR (Fiscal\u00eda General de la Rep\u00fablica), porque todos traen facturas, y robaron, puro bandido\u201d.<\/span><\/p>\n<p><span style=\"font-size: 14pt;\">En cuanto al tercer punto, del cual, apunt\u00f3,\u00a0<q>sigo incr\u00e9dulo<\/q>: no pagar impuestos los siguientes cinco a\u00f1os, \u201cas\u00ed, que les di\u00e9ramos un blindaje Olimpia fiscal, imag\u00ednense, los m\u00e1s ratas, aparte no quer\u00edan pagar impuestos, c\u00f3mo iba yo a ceder a que los m\u00e1s malandros no pongan lo que tienen que poner.<\/span><\/p>\n<\/div>\n<div class=\"col col2\">\n<p><span style=\"font-size: 14pt;\"><q>Cuarta petici\u00f3n, Adri\u00e1n de la Garza, fiscal del estado por nueve a\u00f1os. Sexto (sic), creo que es tesorero de San Nicol\u00e1s, un bandido, se enriqueci\u00f3 vendiendo facturas 20 a\u00f1os, se apellida Reynoso, ese g\u00fcey, auditor superior del estado, nueve a\u00f1os, as\u00ed, pura barbaridad. Le dije (a Navarro Velasco), gu\u00e1rdamela, porque alg\u00fan d\u00eda la voy a hacer p\u00fablica.<\/q><\/span><\/p>\n<p><span style=\"font-size: 14pt;\">Aunque se\u00f1al\u00f3 que eran 11 peticiones, s\u00f3lo cit\u00f3 cinco y no revel\u00f3 el resto. Asegur\u00f3 que decidi\u00f3 no dejar al interino impuesto por el\u00a0<em>Prian<\/em>\u00a0porque se hubieran robado los recursos.<\/span><\/p>\n<p><span style=\"font-size: 14pt;\"><q>C\u00f3mo iba cederles a la vieja pol\u00edtica de nuevo ser gobierno, en una hora se hubieran depositado a sus cuentas toda la lana<\/q>, expres\u00f3. \u201cYa traer\u00eda Paco Cienfuegos 4 mil millones en la cuenta de la se\u00f1ora, \u00a1ni madres!, por eso nos quedamos en Nuevo Le\u00f3n, porque es prioridad y no es excusa.<\/span><\/p>\n<p><span style=\"font-size: 14pt;\"><q>Son unos corrientes, el PRI y el PAN de Nuevo Le\u00f3n, lo digo con todas sus letras, son lo m\u00e1s corriente que he visto en mi vida<\/q>, reclam\u00f3 Garc\u00eda.<\/span><\/p>\n<p><span style=\"font-size: 14pt;\">El emecista subray\u00f3 que no ha cometido desacato al retomar la gubernatura.\u00a0<q>Cuando yo decid\u00ed no participar y no usar la licencia, en autom\u00e1tico como gobernador constitucional, desairo la licencia y eso es suficiente<\/q>.<\/span><\/p>\n<p><span style=\"font-size: 14pt;\">En tanto, Luis Enrique Orozco, ratificado por la SCJN como gobernador interino, no tuvo ayer ninguna actividad.<\/span><\/p>\n<\/div>\n","protected":false},"excerpt":{"rendered":"<p>En medio de la indefinici\u00f3n sobre si el regreso de Samuel Garc\u00eda Sep\u00falveda a la gubernatura de Nuevo Le\u00f3n es<\/p>\n","protected":false},"author":4,"featured_media":26766,"comment_status":"closed","ping_status":"closed","sticky":false,"template":"","format":"standard","meta":{"colormag_page_container_layout":"default_layout","colormag_page_sidebar_layout":"default_layout","_jetpack_memberships_contains_paid_content":false,"footnotes":"","jetpack_publicize_message":"","jetpack_publicize_feature_enabled":true,"jetpack_social_post_already_shared":false,"jetpack_social_options":{"image_generator_settings":{"template":"highway","default_image_id":0,"font":"","enabled":false},"version":2}},"categories":[33],"tags":[],"class_list":["post-26765","post","type-post","status-publish","format-standard","has-post-thumbnail","hentry","category-nacional"],"jetpack_publicize_connections":[],"jetpack_featured_media_url":"https:\/\/i0.wp.com\/politicosaldesnudo.com.mx\/wp-content\/uploads\/2023\/12\/b6e9a0f65042a28bf64ee0bfeb75ad2b-1.jpg?fit=640%2C427&ssl=1","jetpack-related-posts":[],"jetpack_sharing_enabled":true,"_links":{"self":[{"href":"https:\/\/politicosaldesnudo.com.mx\/index.php\/wp-json\/wp\/v2\/posts\/26765","targetHints":{"allow":["GET"]}}],"collection":[{"href":"https:\/\/politicosaldesnudo.com.mx\/index.php\/wp-json\/wp\/v2\/posts"}],"about":[{"href":"https:\/\/politicosaldesnudo.com.mx\/index.php\/wp-json\/wp\/v2\/types\/post"}],"author":[{"embeddable":true,"href":"https:\/\/politicosaldesnudo.com.mx\/index.php\/wp-json\/wp\/v2\/users\/4"}],"replies":[{"embeddable":true,"href":"https:\/\/politicosaldesnudo.com.mx\/index.php\/wp-json\/wp\/v2\/comments?post=26765"}],"version-history":[{"count":0,"href":"https:\/\/politicosaldesnudo.com.mx\/index.php\/wp-json\/wp\/v2\/posts\/26765\/revisions"}],"wp:featuredmedia":[{"embeddable":true,"href":"https:\/\/politicosaldesnudo.com.mx\/index.php\/wp-json\/wp\/v2\/media\/26766"}],"wp:attachment":[{"href":"https:\/\/politicosaldesnudo.com.mx\/index.php\/wp-json\/wp\/v2\/media?parent=26765"}],"wp:term":[{"taxonomy":"category","embeddable":true,"href":"https:\/\/politicosaldesnudo.com.mx\/index.php\/wp-json\/wp\/v2\/categories?post=26765"},{"taxonomy":"post_tag","embeddable":true,"href":"https:\/\/politicosaldesnudo.com.mx\/index.php\/wp-json\/wp\/v2\/tags?post=26765"}],"curies":[{"name":"wp","href":"https:\/\/api.w.org\/{rel}","templated":true}]}}