{"id":26768,"date":"2023-12-04T11:49:36","date_gmt":"2023-12-04T17:49:36","guid":{"rendered":"https:\/\/politicosaldesnudo.com.mx\/?p=26768"},"modified":"2023-12-04T11:49:36","modified_gmt":"2023-12-04T17:49:36","slug":"mas-del-70-de-las-armas-que-usa-el-crimen-organizado-en-mexico-proviene-de-eu","status":"publish","type":"post","link":"https:\/\/politicosaldesnudo.com.mx\/index.php\/2023\/12\/04\/mas-del-70-de-las-armas-que-usa-el-crimen-organizado-en-mexico-proviene-de-eu\/","title":{"rendered":"M\u00e1s del 70% de las armas que usa el crimen organizado en M\u00e9xico proviene de EU"},"content":{"rendered":"<p><span style=\"font-size: 14pt;\">El embajador de Estados Unidos en nuestro pa\u00eds, Ken Salazar, reconoci\u00f3 que m\u00e1s del 70 por ciento de las armas que son utilizadas por el crimen organizado en M\u00e9xico son de fabricaci\u00f3n estadunidense.<\/span><\/p>\n<p class=\"western\"><span style=\"font-size: 14pt;\">Durante la inauguraci\u00f3n de la mesa redonde \u201cRetos y mejores pr\u00e1cticas en el combate al tr\u00e1fico de armas entre M\u00e9xico y los Estados Unidos\u201d, el diplom\u00e1tico se\u00f1al\u00f3 que el problema es bilateral y por lo tanto los gobiernos de ambos pa\u00edses deben abordarlo en conjunto.<\/span><\/p>\n<p class=\"western\"><span style=\"font-size: 14pt;\">\u201cReconocemos, el presidente Biden y yo tambi\u00e9n que, para confrontar, combatir este tr\u00e1fico de armas se necesita trabajarlo como socios. Tambi\u00e9n el presidente L\u00f3pez Obrador lo ha dicho, que ese es parte del reto\u201d, sostuvo ante los participantes en la reuni\u00f3n, donde asistieron funcionarios de las secretar\u00edas de Seguridad y Protecci\u00f3n Ciudadana (SSPC), de Relaciones Exteriores, de la Defensa Nacional, de la Fiscal\u00eda General de la Rep\u00fablica (FGR), as\u00ed como de diversas fiscal\u00edas estatales.<\/span><\/p>\n<p class=\"western\"><span style=\"font-size: 14pt;\">Salazar reconoci\u00f3 el trabajo de los titulares de la FGR, Alejandro Gertz Manero; de la SSPC, Rosa Icela Rodr\u00edguez; y de sus equipos de trabajo.<\/span><\/p>\n<p class=\"western\"><span style=\"font-size: 14pt;\">Anunci\u00f3 que, gracias a la cooperaci\u00f3n entre ambos gobiernos, en el 2023 se romper\u00e1 el r\u00e9cord de extradiciones de presuntos delincuentes hacia los Estados Unidos.<\/span><\/p>\n<p><img data-recalc-dims=\"1\" loading=\"lazy\" decoding=\"async\" class=\"aligncenter size-full wp-image-26770\" src=\"https:\/\/i0.wp.com\/politicosaldesnudo.com.mx\/wp-content\/uploads\/2023\/12\/ken.jpeg?resize=640%2C360&#038;ssl=1\" alt=\"\" width=\"640\" height=\"360\" srcset=\"https:\/\/i0.wp.com\/politicosaldesnudo.com.mx\/wp-content\/uploads\/2023\/12\/ken.jpeg?w=640&amp;ssl=1 640w, https:\/\/i0.wp.com\/politicosaldesnudo.com.mx\/wp-content\/uploads\/2023\/12\/ken.jpeg?resize=300%2C169&amp;ssl=1 300w\" sizes=\"auto, (max-width: 640px) 100vw, 640px\" \/><\/p>\n<p class=\"western\"><span style=\"font-size: 14pt;\">\u201cNos falta mucho que hacer, pero yo tengo toda la confianza y todo el optimismo que s\u00ed lo vamos a lograr, y lo vamos a lograr porque, como lo reconocen los dos presidentes, el presidente Biden y el presidente L\u00f3pez obrador, la integraci\u00f3n de Am\u00e9rica del Norte es fundamental para la democracia del mundo\u201d, concluy\u00f3 el embajador estadounidense.<\/span><\/p>\n<p class=\"western\"><span style=\"font-size: 14pt;\">Por su parte, el subsecretario de la SSPC, Luis Rodr\u00edguez Bucio, afirm\u00f3 que la cooperaci\u00f3n entre ambos pa\u00edses ha sido vital para obtener avances en este campo.<\/span><\/p>\n<p class=\"western\"><span style=\"font-size: 14pt;\">\u201cNuestras naciones han manifestado el inter\u00e9s com\u00fan de mejorar las condiciones de paz y seguridad en beneficio de nuestra ciudadan\u00eda, y en ese contexto, el Entendimiento Bicentenario ha sido un catalizador y un facilitador del intercambio de informaci\u00f3n, porque permite obtener mejores resultados en el combate al tr\u00e1fico de armas\u201d, agreg\u00f3.<\/span><\/p>\n<p class=\"western\"><span style=\"font-size: 14pt;\">Durante la reuni\u00f3n se afirm\u00f3 que el trabajo conjunto entre las autoridades de M\u00e9xico y los Estados Unidos se ha reflejado en herramientas como el eTrace, una aplicaci\u00f3n de internet que permite rastrear el historial de compra y venta de un arma de fuego utilizada en alg\u00fan delito.<\/span><\/p>\n<p class=\"western\"><span style=\"font-size: 14pt;\">Tambi\u00e9n se asegur\u00f3 que, desde el inicio de la Operaci\u00f3n Southbound (Hacia el Sur), el n\u00famero de investigaciones sobre tr\u00e1fico de armas de fuego hacia M\u00e9xico ha aumentado 40 por ciento y el n\u00famero de armas de fuego incautadas en esas investigaciones subi\u00f3 un 11 por ciento.<\/span><\/p>\n<p class=\"western\"><span style=\"font-size: 14pt;\">\u201cA trav\u00e9s de una estrategia integral que incluye a todo el Gobierno de los Estados Unidos y autoridades estatales, logramos resultados que se perciben en ambos lados de la frontera. La Operaci\u00f3n \u00daltima Milla, que tuvo como objetivo a operativos, asociados y distribuidores afiliados a los c\u00e1rteles de Sinaloa y Jalisco, desde el 1 de mayo de 2022 al 1 de mayo de 2023, incluy\u00f3 m\u00e1s de mil 436 investigaciones. Entre otros resultados, podemos resaltar tres mil 337 arrestos y la incautaci\u00f3n de ocho mil 496 armas de fuego\u201d, afirm\u00f3 posteriormente la embajada estadounidense, en un comunicado.<\/span><\/p>\n","protected":false},"excerpt":{"rendered":"<p>El embajador de Estados Unidos en nuestro pa\u00eds, Ken Salazar, reconoci\u00f3 que m\u00e1s del 70 por ciento de las armas<\/p>\n","protected":false},"author":4,"featured_media":26769,"comment_status":"closed","ping_status":"closed","sticky":false,"template":"","format":"standard","meta":{"colormag_page_container_layout":"default_layout","colormag_page_sidebar_layout":"default_layout","_jetpack_memberships_contains_paid_content":false,"footnotes":"","jetpack_publicize_message":"","jetpack_publicize_feature_enabled":true,"jetpack_social_post_already_shared":false,"jetpack_social_options":{"image_generator_settings":{"template":"highway","default_image_id":0,"font":"","enabled":false},"version":2}},"categories":[28],"tags":[],"class_list":["post-26768","post","type-post","status-publish","format-standard","has-post-thumbnail","hentry","category-internacional"],"jetpack_publicize_connections":[],"jetpack_featured_media_url":"https:\/\/i0.wp.com\/politicosaldesnudo.com.mx\/wp-content\/uploads\/2023\/12\/2841723-focus-0-0-732-549.jpg?fit=730%2C548&ssl=1","jetpack-related-posts":[],"jetpack_sharing_enabled":true,"_links":{"self":[{"href":"https:\/\/politicosaldesnudo.com.mx\/index.php\/wp-json\/wp\/v2\/posts\/26768","targetHints":{"allow":["GET"]}}],"collection":[{"href":"https:\/\/politicosaldesnudo.com.mx\/index.php\/wp-json\/wp\/v2\/posts"}],"about":[{"href":"https:\/\/politicosaldesnudo.com.mx\/index.php\/wp-json\/wp\/v2\/types\/post"}],"author":[{"embeddable":true,"href":"https:\/\/politicosaldesnudo.com.mx\/index.php\/wp-json\/wp\/v2\/users\/4"}],"replies":[{"embeddable":true,"href":"https:\/\/politicosaldesnudo.com.mx\/index.php\/wp-json\/wp\/v2\/comments?post=26768"}],"version-history":[{"count":0,"href":"https:\/\/politicosaldesnudo.com.mx\/index.php\/wp-json\/wp\/v2\/posts\/26768\/revisions"}],"wp:featuredmedia":[{"embeddable":true,"href":"https:\/\/politicosaldesnudo.com.mx\/index.php\/wp-json\/wp\/v2\/media\/26769"}],"wp:attachment":[{"href":"https:\/\/politicosaldesnudo.com.mx\/index.php\/wp-json\/wp\/v2\/media?parent=26768"}],"wp:term":[{"taxonomy":"category","embeddable":true,"href":"https:\/\/politicosaldesnudo.com.mx\/index.php\/wp-json\/wp\/v2\/categories?post=26768"},{"taxonomy":"post_tag","embeddable":true,"href":"https:\/\/politicosaldesnudo.com.mx\/index.php\/wp-json\/wp\/v2\/tags?post=26768"}],"curies":[{"name":"wp","href":"https:\/\/api.w.org\/{rel}","templated":true}]}}