{"id":26841,"date":"2023-12-05T08:16:11","date_gmt":"2023-12-05T14:16:11","guid":{"rendered":"https:\/\/politicosaldesnudo.com.mx\/?p=26841"},"modified":"2023-12-05T08:16:11","modified_gmt":"2023-12-05T14:16:11","slug":"suspende-inm-traslados-de-migrantes-por-falta-de-recursos","status":"publish","type":"post","link":"https:\/\/politicosaldesnudo.com.mx\/index.php\/2023\/12\/05\/suspende-inm-traslados-de-migrantes-por-falta-de-recursos\/","title":{"rendered":"Suspende INM traslados de migrantes por falta de recursos"},"content":{"rendered":"<p><span style=\"font-size: 14pt;\">El jefe de la agencia migratoria mexicana orden\u00f3 este mes la suspensi\u00f3n de traslados y devoluciones de migrantes en situaci\u00f3n irregular, por falta de dinero en el Instituto Nacional de Migraci\u00f3n.<\/span><\/p>\n<p class=\"western\"><span style=\"font-size: 14pt;\">As\u00ed lo indica una circular firmada el 1 de diciembre por Francisco Gardu\u00f1o, el titular de Migraci\u00f3n, cuya autenticidad confirm\u00f3 este lunes a Ap una autoridad de dicho de departamento y que pidi\u00f3 el anonimato por no tener autorizaci\u00f3n para comentar sobre el tema.<\/span><\/p>\n<p class=\"western\"><span style=\"font-size: 14pt;\">Seg\u00fan el documento, la Secretar\u00eda de Hacienda suspendi\u00f3 pagos en el mes de noviembre a causa de una serie de ajustes de fin de a\u00f1o. Debido a eso \u201cy a la falta de liquidez para cubrir los compromisos\u201d adquiridos, Gardu\u00f1o orden\u00f3 la suspensi\u00f3n de varias actividades de su departamento.<\/span><\/p>\n<p class=\"western\"><span style=\"font-size: 14pt;\">Entre ellas, destacan los servicios a\u00e9reos de \u201cretornos asistidos\u201d de migrantes y la \u201ctransportaci\u00f3n terrestre para el traslado de migrantes irregulares\u201d.<\/span><\/p>\n<p class=\"western\"><span style=\"font-size: 14pt;\">La circular indica que las medidas entrar\u00edan en vigor el 1 de diciembre. No menciona fecha de finalizaci\u00f3n pero al referirse a \u201cdisposiciones espec\u00edficas para el cierre del ejercicio presupuestario 2023\u201d cabr\u00eda entener que finalizan el 31 de diciembre.<\/span><\/p>\n<p class=\"western\"><span style=\"font-size: 14pt;\">La paralizaci\u00f3n de estas dos actividades significa que no se devolver\u00e1 a los migrantes a sus pa\u00edses de origen y que tampoco se trasladar\u00eda a los extranjeros de unos puntos de M\u00e9xico a otros. Es habitual que las autoridades mexicanas muevan a migrantes desde la frontera con Estados Unidos al interior o el sur del pa\u00eds para descongestionar los puntos donde se acumulen m\u00e1s personas.<\/span><\/p>\n<p><img data-recalc-dims=\"1\" loading=\"lazy\" decoding=\"async\" class=\"aligncenter size-full wp-image-26842\" src=\"https:\/\/i0.wp.com\/politicosaldesnudo.com.mx\/wp-content\/uploads\/2023\/12\/54da5b36133605a5b0168f4d9d5d3dc2.jpg?resize=800%2C533&#038;ssl=1\" alt=\"\" width=\"800\" height=\"533\" srcset=\"https:\/\/i0.wp.com\/politicosaldesnudo.com.mx\/wp-content\/uploads\/2023\/12\/54da5b36133605a5b0168f4d9d5d3dc2.jpg?w=900&amp;ssl=1 900w, https:\/\/i0.wp.com\/politicosaldesnudo.com.mx\/wp-content\/uploads\/2023\/12\/54da5b36133605a5b0168f4d9d5d3dc2.jpg?resize=300%2C200&amp;ssl=1 300w, https:\/\/i0.wp.com\/politicosaldesnudo.com.mx\/wp-content\/uploads\/2023\/12\/54da5b36133605a5b0168f4d9d5d3dc2.jpg?resize=768%2C512&amp;ssl=1 768w\" sizes=\"auto, (max-width: 800px) 100vw, 800px\" \/><\/p>\n<p class=\"western\"><span style=\"font-size: 14pt;\">Las otras medidas tienen que ver con el movimiento de agentes migratorios, que deber\u00e1n regresar a las oficinas a las que est\u00e9n adscritos, y con la suspensi\u00f3n temporal de ciertos pagos a los funcionarios de la agencia migratoria o de sus citas para los controles de confianza.<\/span><\/p>\n<p class=\"western\"><span style=\"font-size: 14pt;\">La orden del titular del INM, que no se divulg\u00f3 de forma p\u00fablica, llega cuando la regi\u00f3n est\u00e1 a punto de cerrar un a\u00f1o r\u00e9cord en el flujo de migrantes en direcci\u00f3n a Estados Unidos.<\/span><\/p>\n<p class=\"western\"><span style=\"font-size: 14pt;\">De enero a octubre de este a\u00f1o las autoridades mexicanas han registrado a casi 590 mil migrantes en situaci\u00f3n irregular en el pa\u00eds, un fuerte aumento si comparamos ese n\u00famero con las 440 mil de todo el a\u00f1o pasado o las menos de 310 mil de 2021.<\/span><\/p>\n<p class=\"western\"><span style=\"font-size: 14pt;\">Sin embargo, este a\u00f1o baj\u00f3 dr\u00e1sticamente el n\u00famero de migrantes que M\u00e9xico devolvi\u00f3 a sus pa\u00edses. Seg\u00fan las estad\u00edsticas del gobierno federal, van 51 mil de enero a octubre frente a las casi 122.000 de todo el a\u00f1o pasado y las m\u00e1s de 130 mil de 2021.<\/span><\/p>\n<p class=\"western\"><span style=\"font-size: 14pt;\">Los retornos cayeron abruptamente a partir de abril, justo despu\u00e9s del incendio de finales de marzo en el centro de detenci\u00f3n migratoria de la fronteriza Ciudad Ju\u00e1rez donde murieron 40 personas, la mayor\u00eda asfixiadas, y 27 resultaron heridas.<\/span><\/p>\n<p class=\"western\"><span style=\"font-size: 14pt;\">El suceso puso en jaque a la agencia migratoria, que cerr\u00f3 temporalmente muchas de sus instalaciones y vio c\u00f3mo ocho de sus funcionarios quedaban bajo proceso penal. Seis de ellos est\u00e1n acusados de homicidio. Gardu\u00f1o y otro directivo est\u00e1n enjuciados por ejercicio il\u00edcito de su deber y no proteger a las personas bajo su custodia pero ambos siguen en sus cargos.<\/span><\/p>\n<p class=\"western\"><span style=\"font-size: 14pt;\">Las devoluciones de migrantes aumentaron en octubre, justo despu\u00e9s de que el gobierno de M\u00e9xico reactivara los retornos de nacionales de varios pa\u00edses como los cubanos o venezolanos.<\/span><\/p>\n","protected":false},"excerpt":{"rendered":"<p>El jefe de la agencia migratoria mexicana orden\u00f3 este mes la suspensi\u00f3n de traslados y devoluciones de migrantes en situaci\u00f3n<\/p>\n","protected":false},"author":4,"featured_media":26843,"comment_status":"closed","ping_status":"closed","sticky":false,"template":"","format":"standard","meta":{"colormag_page_container_layout":"default_layout","colormag_page_sidebar_layout":"default_layout","_jetpack_memberships_contains_paid_content":false,"footnotes":"","jetpack_publicize_message":"","jetpack_publicize_feature_enabled":true,"jetpack_social_post_already_shared":false,"jetpack_social_options":{"image_generator_settings":{"template":"highway","default_image_id":0,"font":"","enabled":false},"version":2}},"categories":[33],"tags":[],"class_list":["post-26841","post","type-post","status-publish","format-standard","has-post-thumbnail","hentry","category-nacional"],"jetpack_publicize_connections":[],"jetpack_featured_media_url":"https:\/\/i0.wp.com\/politicosaldesnudo.com.mx\/wp-content\/uploads\/2023\/12\/WhatsApp-Image-2021-12-16-at-07.48.59-1-1024x576-1.jpeg?fit=1024%2C576&ssl=1","jetpack-related-posts":[],"jetpack_sharing_enabled":true,"_links":{"self":[{"href":"https:\/\/politicosaldesnudo.com.mx\/index.php\/wp-json\/wp\/v2\/posts\/26841","targetHints":{"allow":["GET"]}}],"collection":[{"href":"https:\/\/politicosaldesnudo.com.mx\/index.php\/wp-json\/wp\/v2\/posts"}],"about":[{"href":"https:\/\/politicosaldesnudo.com.mx\/index.php\/wp-json\/wp\/v2\/types\/post"}],"author":[{"embeddable":true,"href":"https:\/\/politicosaldesnudo.com.mx\/index.php\/wp-json\/wp\/v2\/users\/4"}],"replies":[{"embeddable":true,"href":"https:\/\/politicosaldesnudo.com.mx\/index.php\/wp-json\/wp\/v2\/comments?post=26841"}],"version-history":[{"count":0,"href":"https:\/\/politicosaldesnudo.com.mx\/index.php\/wp-json\/wp\/v2\/posts\/26841\/revisions"}],"wp:featuredmedia":[{"embeddable":true,"href":"https:\/\/politicosaldesnudo.com.mx\/index.php\/wp-json\/wp\/v2\/media\/26843"}],"wp:attachment":[{"href":"https:\/\/politicosaldesnudo.com.mx\/index.php\/wp-json\/wp\/v2\/media?parent=26841"}],"wp:term":[{"taxonomy":"category","embeddable":true,"href":"https:\/\/politicosaldesnudo.com.mx\/index.php\/wp-json\/wp\/v2\/categories?post=26841"},{"taxonomy":"post_tag","embeddable":true,"href":"https:\/\/politicosaldesnudo.com.mx\/index.php\/wp-json\/wp\/v2\/tags?post=26841"}],"curies":[{"name":"wp","href":"https:\/\/api.w.org\/{rel}","templated":true}]}}