{"id":26862,"date":"2023-12-05T16:01:58","date_gmt":"2023-12-05T22:01:58","guid":{"rendered":"https:\/\/politicosaldesnudo.com.mx\/?p=26862"},"modified":"2023-12-05T16:01:58","modified_gmt":"2023-12-05T22:01:58","slug":"confia-ip-en-lograr-mayor-participacion-en-sector-energetico","status":"publish","type":"post","link":"https:\/\/politicosaldesnudo.com.mx\/index.php\/2023\/12\/05\/confia-ip-en-lograr-mayor-participacion-en-sector-energetico\/","title":{"rendered":"Conf\u00eda IP en lograr mayor participaci\u00f3n en sector energ\u00e9tico"},"content":{"rendered":"<p><span style=\"font-size: 14pt;\">La iniciativa privada a\u00fan conf\u00eda en tener mayor participaci\u00f3n en el sector energ\u00e9tico, pues plante\u00f3 una serie de propuestas que buscan que Petr\u00f3leos Mexicanos (Pemex) y Comisi\u00f3n Federal de Electricidad (CFE) se concentren en \u00e1reas que son rentables para ambas empresas estatales.<\/span><\/p>\n<p><span style=\"font-size: 14pt;\">El presidente del Centro de Estudios Econ\u00f3micos del Sector Privado (CEESP), Juan Ignacio Gil Ant\u00f3n, present\u00f3, junto al director general del organismo, Carlos Hurtado,\u00a0la agenda estrat\u00e9gica \u201cUn M\u00e9xico para todo\u201d, la cual hace planteamientos generales sobre hacia donde deben ir las pol\u00edticas p\u00fablicas.\u00a0<\/span><\/p>\n<p><span style=\"font-size: 14pt;\">Aunque Hurtado coment\u00f3 que \u201cno son propuestas en general para proteger los intereses del sector privado\u201d, sino \u201clo el sector privado piensa de la pol\u00edtica p\u00fablica debe ser\u201d, uno de los temas centrales el es sector energ\u00e9tico.<\/span><\/p>\n<p><span style=\"font-size: 14pt;\">\u201cLo que se propone es que las empresas del Estado que se dedican a la energ\u00eda se concentren en las actividades en donde tienen mayor rentabilidad y tambi\u00e9n en donde la Constituci\u00f3n tiene los monopolios\u201d, dijo Hurtado.\u00a0<\/span><\/p>\n<p><span style=\"font-size: 14pt;\">Explic\u00f3 que la ley mantiene a la distribuci\u00f3n y la transmisi\u00f3n de electricidad como exclusivo de la CFE, \u201centonces que se concentre en eso porque adem\u00e1s eso le da una viabilidad muy importante en la empresa\u201d.\u00a0<\/span><\/p>\n<p><span style=\"font-size: 14pt;\">\u201cEso implicar\u00eda darle un mayor espacio a la inversi\u00f3n privada nacional y extranjera en la generaci\u00f3n de electricidad, pero lo que propone es sumar los esfuerzos del sector privado y p\u00fablico para tener la seguridad de la disponibilidad de electricidad tambi\u00e9n hidrocarburos, todo el pa\u00eds para aprovechar bien esta gran oportunidad de nearshoring\u201d, agreg\u00f3.<\/span><\/p>\n<p><span style=\"font-size: 14pt;\">Resalt\u00f3 que existe un rezago en permisos para hidrocarburos en general y tambi\u00e9n hay algunos problemas con almacenamiento.<\/span><\/p>\n","protected":false},"excerpt":{"rendered":"<p>La iniciativa privada a\u00fan conf\u00eda en tener mayor participaci\u00f3n en el sector energ\u00e9tico, pues plante\u00f3 una serie de propuestas que<\/p>\n","protected":false},"author":4,"featured_media":26863,"comment_status":"closed","ping_status":"closed","sticky":false,"template":"","format":"standard","meta":{"colormag_page_container_layout":"default_layout","colormag_page_sidebar_layout":"default_layout","_jetpack_memberships_contains_paid_content":false,"footnotes":"","jetpack_publicize_message":"","jetpack_publicize_feature_enabled":true,"jetpack_social_post_already_shared":false,"jetpack_social_options":{"image_generator_settings":{"template":"highway","default_image_id":0,"font":"","enabled":false},"version":2}},"categories":[2050],"tags":[],"class_list":["post-26862","post","type-post","status-publish","format-standard","has-post-thumbnail","hentry","category-economia"],"jetpack_publicize_connections":[],"jetpack_featured_media_url":"https:\/\/i0.wp.com\/politicosaldesnudo.com.mx\/wp-content\/uploads\/2023\/12\/1x-1-1.jpg?fit=2000%2C1332&ssl=1","jetpack-related-posts":[],"jetpack_sharing_enabled":true,"_links":{"self":[{"href":"https:\/\/politicosaldesnudo.com.mx\/index.php\/wp-json\/wp\/v2\/posts\/26862","targetHints":{"allow":["GET"]}}],"collection":[{"href":"https:\/\/politicosaldesnudo.com.mx\/index.php\/wp-json\/wp\/v2\/posts"}],"about":[{"href":"https:\/\/politicosaldesnudo.com.mx\/index.php\/wp-json\/wp\/v2\/types\/post"}],"author":[{"embeddable":true,"href":"https:\/\/politicosaldesnudo.com.mx\/index.php\/wp-json\/wp\/v2\/users\/4"}],"replies":[{"embeddable":true,"href":"https:\/\/politicosaldesnudo.com.mx\/index.php\/wp-json\/wp\/v2\/comments?post=26862"}],"version-history":[{"count":0,"href":"https:\/\/politicosaldesnudo.com.mx\/index.php\/wp-json\/wp\/v2\/posts\/26862\/revisions"}],"wp:featuredmedia":[{"embeddable":true,"href":"https:\/\/politicosaldesnudo.com.mx\/index.php\/wp-json\/wp\/v2\/media\/26863"}],"wp:attachment":[{"href":"https:\/\/politicosaldesnudo.com.mx\/index.php\/wp-json\/wp\/v2\/media?parent=26862"}],"wp:term":[{"taxonomy":"category","embeddable":true,"href":"https:\/\/politicosaldesnudo.com.mx\/index.php\/wp-json\/wp\/v2\/categories?post=26862"},{"taxonomy":"post_tag","embeddable":true,"href":"https:\/\/politicosaldesnudo.com.mx\/index.php\/wp-json\/wp\/v2\/tags?post=26862"}],"curies":[{"name":"wp","href":"https:\/\/api.w.org\/{rel}","templated":true}]}}