{"id":26882,"date":"2023-12-05T21:39:27","date_gmt":"2023-12-06T03:39:27","guid":{"rendered":"https:\/\/politicosaldesnudo.com.mx\/?p=26882"},"modified":"2023-12-05T21:39:27","modified_gmt":"2023-12-06T03:39:27","slug":"alcalde-jose-manuel-pozos-castro-inauguro-la-octava-tienda-diconsa-en-el-municipio","status":"publish","type":"post","link":"https:\/\/politicosaldesnudo.com.mx\/index.php\/2023\/12\/05\/alcalde-jose-manuel-pozos-castro-inauguro-la-octava-tienda-diconsa-en-el-municipio\/","title":{"rendered":"Alcalde Jos\u00e9 Manuel Pozos Castro inaugur\u00f3 la octava tienda Diconsa en el municipio"},"content":{"rendered":"<p><span style=\"font-size: 14pt;\">Tuxpan, Ver., 5 diciembre 2023.- El alcalde Jos\u00e9 Manuel Pozos Castro inaugur\u00f3 esta tarde una tienda DICONSA en la comunidad La Victoria, con lo que suman ya ocho.<\/span><\/p>\n<p><img data-recalc-dims=\"1\" loading=\"lazy\" decoding=\"async\" class=\"aligncenter size-large wp-image-26887\" src=\"https:\/\/i0.wp.com\/politicosaldesnudo.com.mx\/wp-content\/uploads\/2023\/12\/WhatsApp-Image-2023-12-05-at-20.17.33-1024x681.jpeg?resize=800%2C532&#038;ssl=1\" alt=\"\" width=\"800\" height=\"532\" srcset=\"https:\/\/i0.wp.com\/politicosaldesnudo.com.mx\/wp-content\/uploads\/2023\/12\/WhatsApp-Image-2023-12-05-at-20.17.33.jpeg?resize=1024%2C681&amp;ssl=1 1024w, https:\/\/i0.wp.com\/politicosaldesnudo.com.mx\/wp-content\/uploads\/2023\/12\/WhatsApp-Image-2023-12-05-at-20.17.33.jpeg?resize=300%2C199&amp;ssl=1 300w, https:\/\/i0.wp.com\/politicosaldesnudo.com.mx\/wp-content\/uploads\/2023\/12\/WhatsApp-Image-2023-12-05-at-20.17.33.jpeg?resize=768%2C511&amp;ssl=1 768w, https:\/\/i0.wp.com\/politicosaldesnudo.com.mx\/wp-content\/uploads\/2023\/12\/WhatsApp-Image-2023-12-05-at-20.17.33.jpeg?w=1280&amp;ssl=1 1280w\" sizes=\"auto, (max-width: 800px) 100vw, 800px\" \/><\/p>\n<p><span style=\"font-size: 14pt;\">En el corte del list\u00f3n inaugural acompa\u00f1aron al alcalde el C. \u00c1lvaro Mateo Hern\u00e1ndez, agente municipal de La Victoria; Jes\u00fas Carballo Serrano, director de Desarrollo Social; \u00d3scar Salvador Mart\u00ednez, comisariado ejidal.<\/span><\/p>\n<p><span style=\"font-size: 14pt;\">La Sra. Sara Flores M\u00e9ndez, encargada de la tienda; Hermilo Rodr\u00edguez Mardonis,y Manuel Fern\u00e1ndez T\u00e9llez, supervisores de Diconsa; y Araceli Mendoza Cano, consejera del Comit\u00e9 de Desarrollo Municipal.<\/span><\/p>\n<p><img data-recalc-dims=\"1\" loading=\"lazy\" decoding=\"async\" class=\"aligncenter size-large wp-image-26886\" src=\"https:\/\/i0.wp.com\/politicosaldesnudo.com.mx\/wp-content\/uploads\/2023\/12\/WhatsApp-Image-2023-12-05-at-20.17.33-3-1024x681.jpeg?resize=800%2C532&#038;ssl=1\" alt=\"\" width=\"800\" height=\"532\" srcset=\"https:\/\/i0.wp.com\/politicosaldesnudo.com.mx\/wp-content\/uploads\/2023\/12\/WhatsApp-Image-2023-12-05-at-20.17.33-3.jpeg?resize=1024%2C681&amp;ssl=1 1024w, https:\/\/i0.wp.com\/politicosaldesnudo.com.mx\/wp-content\/uploads\/2023\/12\/WhatsApp-Image-2023-12-05-at-20.17.33-3.jpeg?resize=300%2C199&amp;ssl=1 300w, https:\/\/i0.wp.com\/politicosaldesnudo.com.mx\/wp-content\/uploads\/2023\/12\/WhatsApp-Image-2023-12-05-at-20.17.33-3.jpeg?resize=768%2C511&amp;ssl=1 768w, https:\/\/i0.wp.com\/politicosaldesnudo.com.mx\/wp-content\/uploads\/2023\/12\/WhatsApp-Image-2023-12-05-at-20.17.33-3.jpeg?w=1280&amp;ssl=1 1280w\" sizes=\"auto, (max-width: 800px) 100vw, 800px\" \/><\/p>\n<p><span style=\"font-size: 14pt;\">\u201cEl prop\u00f3sito que se tiene con esta tienda es contribuir a la superaci\u00f3n de la pobreza alimentaria mediante el abasto de productos de la canasta b\u00e1sica y complementarios en las comunidades rurales que tienen una necesidad prioritaria\u201d, dijo el alcalde al hacer uso de la voz.<\/span><\/p>\n<p><span style=\"font-size: 14pt;\">Mencion\u00f3 que esta es la octava tienda Diconsa que apertura en el municipio, mismas que han sido un gran apoyo para la econom\u00eda de las familias.<\/span><\/p>\n<p><img data-recalc-dims=\"1\" loading=\"lazy\" decoding=\"async\" class=\"aligncenter size-large wp-image-26884\" src=\"https:\/\/i0.wp.com\/politicosaldesnudo.com.mx\/wp-content\/uploads\/2023\/12\/WhatsApp-Image-2023-12-05-at-20.17.33-1-1024x681.jpeg?resize=800%2C532&#038;ssl=1\" alt=\"\" width=\"800\" height=\"532\" srcset=\"https:\/\/i0.wp.com\/politicosaldesnudo.com.mx\/wp-content\/uploads\/2023\/12\/WhatsApp-Image-2023-12-05-at-20.17.33-1.jpeg?resize=1024%2C681&amp;ssl=1 1024w, https:\/\/i0.wp.com\/politicosaldesnudo.com.mx\/wp-content\/uploads\/2023\/12\/WhatsApp-Image-2023-12-05-at-20.17.33-1.jpeg?resize=300%2C199&amp;ssl=1 300w, https:\/\/i0.wp.com\/politicosaldesnudo.com.mx\/wp-content\/uploads\/2023\/12\/WhatsApp-Image-2023-12-05-at-20.17.33-1.jpeg?resize=768%2C511&amp;ssl=1 768w, https:\/\/i0.wp.com\/politicosaldesnudo.com.mx\/wp-content\/uploads\/2023\/12\/WhatsApp-Image-2023-12-05-at-20.17.33-1.jpeg?w=1280&amp;ssl=1 1280w\" sizes=\"auto, (max-width: 800px) 100vw, 800px\" \/><\/p>\n<p><span style=\"font-size: 14pt;\">Pozos Castro reconoci\u00f3 el esfuerzo de los habitantes de La Victoria y de su agente municipal, por estar pendientes para lograr traer estos beneficios a su comunidad.<\/span><\/p>\n<p><span style=\"font-size: 14pt;\">El mandatario municipal pidi\u00f3 a las familias hacer uso de esta tienda que, adem\u00e1s de estar muy surtida, los precios de los productos son m\u00e1s econ\u00f3micos que en un supermercado.<\/span><\/p>\n<p><img data-recalc-dims=\"1\" loading=\"lazy\" decoding=\"async\" class=\"aligncenter size-large wp-image-26883\" src=\"https:\/\/i0.wp.com\/politicosaldesnudo.com.mx\/wp-content\/uploads\/2023\/12\/WhatsApp-Image-2023-12-05-at-20.17.32-1024x681.jpeg?resize=800%2C532&#038;ssl=1\" alt=\"\" width=\"800\" height=\"532\" srcset=\"https:\/\/i0.wp.com\/politicosaldesnudo.com.mx\/wp-content\/uploads\/2023\/12\/WhatsApp-Image-2023-12-05-at-20.17.32.jpeg?resize=1024%2C681&amp;ssl=1 1024w, https:\/\/i0.wp.com\/politicosaldesnudo.com.mx\/wp-content\/uploads\/2023\/12\/WhatsApp-Image-2023-12-05-at-20.17.32.jpeg?resize=300%2C199&amp;ssl=1 300w, https:\/\/i0.wp.com\/politicosaldesnudo.com.mx\/wp-content\/uploads\/2023\/12\/WhatsApp-Image-2023-12-05-at-20.17.32.jpeg?resize=768%2C511&amp;ssl=1 768w, https:\/\/i0.wp.com\/politicosaldesnudo.com.mx\/wp-content\/uploads\/2023\/12\/WhatsApp-Image-2023-12-05-at-20.17.32.jpeg?w=1280&amp;ssl=1 1280w\" sizes=\"auto, (max-width: 800px) 100vw, 800px\" \/><\/p>\n<p><span style=\"font-size: 14pt;\">La encargada de la tienda, Sara Flores M\u00e9ndez, dio las gracias al alcalde por asistir a esta inauguraci\u00f3n; as\u00ed mismo, agradeci\u00f3 a la comunidad por la confianza que le brindaron al poner en su casa esta tienda que asegura ser\u00e1 una gran ayuda para La Victoria.<\/span><\/p>\n<p><span style=\"font-size: 14pt;\">Hermilo Rodr\u00edguez, supervisor de Diconsa, se\u00f1al\u00f3 que la apertura de esta tienda se debe al trabajo que se realiza coordinadamente con las autoridades de Tuxpan, con el objetivo fortalecer la econom\u00eda de las familias.<\/span><\/p>\n<p><span style=\"font-size: 14pt;\">Con estas acciones, el Gobierno de Tuxpan y Diconsa, trabajan para mantener la seguridad alimentaria en comunidades del municipio.<\/span><\/p>\n","protected":false},"excerpt":{"rendered":"<p>Tuxpan, Ver., 5 diciembre 2023.- El alcalde Jos\u00e9 Manuel Pozos Castro inaugur\u00f3 esta tarde una tienda DICONSA en la comunidad<\/p>\n","protected":false},"author":4,"featured_media":26885,"comment_status":"closed","ping_status":"closed","sticky":false,"template":"","format":"standard","meta":{"colormag_page_container_layout":"default_layout","colormag_page_sidebar_layout":"default_layout","_jetpack_memberships_contains_paid_content":false,"footnotes":"","jetpack_publicize_message":"","jetpack_publicize_feature_enabled":true,"jetpack_social_post_already_shared":false,"jetpack_social_options":{"image_generator_settings":{"template":"highway","default_image_id":0,"font":"","enabled":false},"version":2}},"categories":[1082],"tags":[],"class_list":["post-26882","post","type-post","status-publish","format-standard","has-post-thumbnail","hentry","category-tuxpan"],"jetpack_publicize_connections":[],"jetpack_featured_media_url":"https:\/\/i0.wp.com\/politicosaldesnudo.com.mx\/wp-content\/uploads\/2023\/12\/WhatsApp-Image-2023-12-05-at-20.17.33-2.jpeg?fit=1280%2C851&ssl=1","jetpack-related-posts":[],"jetpack_sharing_enabled":true,"_links":{"self":[{"href":"https:\/\/politicosaldesnudo.com.mx\/index.php\/wp-json\/wp\/v2\/posts\/26882","targetHints":{"allow":["GET"]}}],"collection":[{"href":"https:\/\/politicosaldesnudo.com.mx\/index.php\/wp-json\/wp\/v2\/posts"}],"about":[{"href":"https:\/\/politicosaldesnudo.com.mx\/index.php\/wp-json\/wp\/v2\/types\/post"}],"author":[{"embeddable":true,"href":"https:\/\/politicosaldesnudo.com.mx\/index.php\/wp-json\/wp\/v2\/users\/4"}],"replies":[{"embeddable":true,"href":"https:\/\/politicosaldesnudo.com.mx\/index.php\/wp-json\/wp\/v2\/comments?post=26882"}],"version-history":[{"count":0,"href":"https:\/\/politicosaldesnudo.com.mx\/index.php\/wp-json\/wp\/v2\/posts\/26882\/revisions"}],"wp:featuredmedia":[{"embeddable":true,"href":"https:\/\/politicosaldesnudo.com.mx\/index.php\/wp-json\/wp\/v2\/media\/26885"}],"wp:attachment":[{"href":"https:\/\/politicosaldesnudo.com.mx\/index.php\/wp-json\/wp\/v2\/media?parent=26882"}],"wp:term":[{"taxonomy":"category","embeddable":true,"href":"https:\/\/politicosaldesnudo.com.mx\/index.php\/wp-json\/wp\/v2\/categories?post=26882"},{"taxonomy":"post_tag","embeddable":true,"href":"https:\/\/politicosaldesnudo.com.mx\/index.php\/wp-json\/wp\/v2\/tags?post=26882"}],"curies":[{"name":"wp","href":"https:\/\/api.w.org\/{rel}","templated":true}]}}