{"id":26889,"date":"2023-12-05T22:00:49","date_gmt":"2023-12-06T04:00:49","guid":{"rendered":"https:\/\/politicosaldesnudo.com.mx\/?p=26889"},"modified":"2023-12-06T00:21:20","modified_gmt":"2023-12-06T06:21:20","slug":"tribunal-colegiado-anula-vinculacion-a-proceso-de-rogelio-franco-castan-por-el-delito-de-retencion-de-menores","status":"publish","type":"post","link":"https:\/\/politicosaldesnudo.com.mx\/index.php\/2023\/12\/05\/tribunal-colegiado-anula-vinculacion-a-proceso-de-rogelio-franco-castan-por-el-delito-de-retencion-de-menores\/","title":{"rendered":"Tribunal Colegiado anula vinculaci\u00f3n a proceso de Rogelio Franco Cast\u00e1n por el delito de retenci\u00f3n de menores"},"content":{"rendered":"<p><span style=\"font-size: 14pt;\"><strong>-POR EN\u00c9SIMA OCASION LA JUSTICIA FEDERAL LO AMPARA Y PROTEJE<\/strong><\/span><\/p>\n<p><span style=\"font-size: 14pt;\"><strong>-JUEZ DE CONTROL RENE ORTIZ SARTORIUS\u00a0 HA CONVOCADO PARA EL D\u00cdA 6 DE DICIEMBRE A AUDIENCIA EN DONDE DEBER\u00c1 ANULAR LA VINCULACI\u00d3N A PROCESO POR EL DELITO DE RETENCI\u00d3N DE MENORES Y DICTAR UNA NUEVA RESOLUCI\u00d3N<\/strong><\/span><\/p>\n<p><span style=\"font-size: 14pt;\">De nueva cuenta el Poder Judicial Federal corrige y exhibe la actuaci\u00f3n parcial de jueces de control.<\/span><\/p>\n<p><span style=\"font-size: 14pt;\">Un Tribunal Colegiado ha amparado a Rogelio Franco Cast\u00e1n contra la vinculaci\u00f3n a proceso por el delito de retenci\u00f3n de menores, calific\u00e1ndola como inconstitucional al ser contrario a los principios de legalidad y seguridad jur\u00eddica, toda vez que el juez de control Rene Ortiz\u00a0 Sartorius, al dictar dicho auto, fue OMISO en valorar todos elementos o datos de prueba que se hicieron de su conocimiento por las partes del proceso penal, as\u00ed como de fundar y motivar sus determinaciones, aspectos que resultan de vital trascendencia para desvirtuar el hecho delictivo o la probable participaci\u00f3n de Franco Castan.<\/span><\/p>\n<p><span style=\"font-size: 14pt;\">Bajo este argumento y por disposici\u00f3n del Juez Federal XVIII, el Juez de control Rene Ortiz Sartorius deber\u00e1 celebrar nueva audiencia en la que atienda las siguientes directrices contenidas en la sentencia amparadora:\u00a0<\/span><\/p>\n<p><span style=\"font-size: 14pt;\">1.- D\u00e9jese\u00a0 sin efectos el auto de vinculaci\u00f3n a proceso.<\/span><\/p>\n<p><span style=\"font-size: 14pt;\">2.- Emitir nueva resoluci\u00f3n en la que esta obligado a valorar dict\u00e1menes\u00a0 periciales en materia de psicolog\u00eda<\/span><\/p>\n<p><span style=\"font-size: 14pt;\">3.- Se abstenga de considerar que el expediente civil narrado por la defensa no puede ser considerado dentro del proceso penal.<\/span><\/p>\n<p><span style=\"font-size: 14pt;\">4.- Responda de manera fundada el planteamiento de que la ofendida en 13 meses no acudi\u00f3 a buscar a la menor a un domicilio de su copropiedad.<\/span><\/p>\n<p><span style=\"font-size: 14pt;\">5.-Hecho lo anterior, deber\u00e1 resolver lo que en Derecho corresponda, tomando en consideraci\u00f3n que sus determinaciones deben ser a la luz del principio de Inter\u00e9s Superior de la Menor, por lo que debe juzgar con perspectiva de infancia.<\/span><\/p>\n<p><span style=\"font-size: 14pt;\">Con ello queda de manifiesto que, en su momento, Rogelio lo que hizo fue proteger a su menor hija, por lo que el juez deber\u00e1 considerar que Franco Cast\u00e1n no ten\u00eda ninguna restricci\u00f3n de\u00a0 convivencia con la menor.<\/span><\/p>\n<p><img data-recalc-dims=\"1\" loading=\"lazy\" decoding=\"async\" class=\"aligncenter size-large wp-image-26894\" src=\"https:\/\/i0.wp.com\/politicosaldesnudo.com.mx\/wp-content\/uploads\/2023\/12\/WhatsApp-Image-2023-12-05-at-19.46.54-472x1024.jpeg?resize=472%2C1024&#038;ssl=1\" alt=\"\" width=\"472\" height=\"1024\" srcset=\"https:\/\/i0.wp.com\/politicosaldesnudo.com.mx\/wp-content\/uploads\/2023\/12\/WhatsApp-Image-2023-12-05-at-19.46.54.jpeg?resize=472%2C1024&amp;ssl=1 472w, https:\/\/i0.wp.com\/politicosaldesnudo.com.mx\/wp-content\/uploads\/2023\/12\/WhatsApp-Image-2023-12-05-at-19.46.54.jpeg?resize=138%2C300&amp;ssl=1 138w, https:\/\/i0.wp.com\/politicosaldesnudo.com.mx\/wp-content\/uploads\/2023\/12\/WhatsApp-Image-2023-12-05-at-19.46.54.jpeg?resize=708%2C1536&amp;ssl=1 708w, https:\/\/i0.wp.com\/politicosaldesnudo.com.mx\/wp-content\/uploads\/2023\/12\/WhatsApp-Image-2023-12-05-at-19.46.54.jpeg?w=738&amp;ssl=1 738w\" sizes=\"auto, (max-width: 472px) 100vw, 472px\" \/> <img data-recalc-dims=\"1\" loading=\"lazy\" decoding=\"async\" class=\"aligncenter size-large wp-image-26893\" src=\"https:\/\/i0.wp.com\/politicosaldesnudo.com.mx\/wp-content\/uploads\/2023\/12\/WhatsApp-Image-2023-12-05-at-19.46.54-3-472x1024.jpeg?resize=472%2C1024&#038;ssl=1\" alt=\"\" width=\"472\" height=\"1024\" srcset=\"https:\/\/i0.wp.com\/politicosaldesnudo.com.mx\/wp-content\/uploads\/2023\/12\/WhatsApp-Image-2023-12-05-at-19.46.54-3.jpeg?resize=472%2C1024&amp;ssl=1 472w, https:\/\/i0.wp.com\/politicosaldesnudo.com.mx\/wp-content\/uploads\/2023\/12\/WhatsApp-Image-2023-12-05-at-19.46.54-3.jpeg?resize=138%2C300&amp;ssl=1 138w, https:\/\/i0.wp.com\/politicosaldesnudo.com.mx\/wp-content\/uploads\/2023\/12\/WhatsApp-Image-2023-12-05-at-19.46.54-3.jpeg?resize=708%2C1536&amp;ssl=1 708w, https:\/\/i0.wp.com\/politicosaldesnudo.com.mx\/wp-content\/uploads\/2023\/12\/WhatsApp-Image-2023-12-05-at-19.46.54-3.jpeg?w=738&amp;ssl=1 738w\" sizes=\"auto, (max-width: 472px) 100vw, 472px\" \/> <img data-recalc-dims=\"1\" loading=\"lazy\" decoding=\"async\" class=\"aligncenter size-large wp-image-26892\" src=\"https:\/\/i0.wp.com\/politicosaldesnudo.com.mx\/wp-content\/uploads\/2023\/12\/WhatsApp-Image-2023-12-05-at-19.46.54-2-472x1024.jpeg?resize=472%2C1024&#038;ssl=1\" alt=\"\" width=\"472\" height=\"1024\" srcset=\"https:\/\/i0.wp.com\/politicosaldesnudo.com.mx\/wp-content\/uploads\/2023\/12\/WhatsApp-Image-2023-12-05-at-19.46.54-2.jpeg?resize=472%2C1024&amp;ssl=1 472w, https:\/\/i0.wp.com\/politicosaldesnudo.com.mx\/wp-content\/uploads\/2023\/12\/WhatsApp-Image-2023-12-05-at-19.46.54-2.jpeg?resize=138%2C300&amp;ssl=1 138w, https:\/\/i0.wp.com\/politicosaldesnudo.com.mx\/wp-content\/uploads\/2023\/12\/WhatsApp-Image-2023-12-05-at-19.46.54-2.jpeg?resize=708%2C1536&amp;ssl=1 708w, https:\/\/i0.wp.com\/politicosaldesnudo.com.mx\/wp-content\/uploads\/2023\/12\/WhatsApp-Image-2023-12-05-at-19.46.54-2.jpeg?w=738&amp;ssl=1 738w\" sizes=\"auto, (max-width: 472px) 100vw, 472px\" \/> <img data-recalc-dims=\"1\" loading=\"lazy\" decoding=\"async\" class=\"aligncenter size-large wp-image-26891\" src=\"https:\/\/i0.wp.com\/politicosaldesnudo.com.mx\/wp-content\/uploads\/2023\/12\/WhatsApp-Image-2023-12-05-at-19.46.54-1-472x1024.jpeg?resize=472%2C1024&#038;ssl=1\" alt=\"\" width=\"472\" height=\"1024\" srcset=\"https:\/\/i0.wp.com\/politicosaldesnudo.com.mx\/wp-content\/uploads\/2023\/12\/WhatsApp-Image-2023-12-05-at-19.46.54-1.jpeg?resize=472%2C1024&amp;ssl=1 472w, https:\/\/i0.wp.com\/politicosaldesnudo.com.mx\/wp-content\/uploads\/2023\/12\/WhatsApp-Image-2023-12-05-at-19.46.54-1.jpeg?resize=138%2C300&amp;ssl=1 138w, https:\/\/i0.wp.com\/politicosaldesnudo.com.mx\/wp-content\/uploads\/2023\/12\/WhatsApp-Image-2023-12-05-at-19.46.54-1.jpeg?resize=708%2C1536&amp;ssl=1 708w, https:\/\/i0.wp.com\/politicosaldesnudo.com.mx\/wp-content\/uploads\/2023\/12\/WhatsApp-Image-2023-12-05-at-19.46.54-1.jpeg?w=738&amp;ssl=1 738w\" sizes=\"auto, (max-width: 472px) 100vw, 472px\" \/><\/p>\n<p><span style=\"font-size: 14pt;\">Esto confirma que desde el antes del inicio de est\u00e9 proceso, no existen elementos que permitan acreditar el delito de retenci\u00f3n de menores, por lo que de dictar el juez Ortiz Sartorius un nuevo auto de vinculaci\u00f3n a proceso, demostrar\u00eda no s\u00f3lo el abuso de poder, sino tambi\u00e9n la consigna de jueces y fiscales de fabricar delitios para continuar impidiendo su libertad absoluta, y lo m\u00e1s grave: negarle a su hija la comunicaci\u00f3n con su padre.<\/span><\/p>\n<p><span style=\"font-size: 14pt;\">Recordemos que Rogelio Franco Cast\u00e1n estuvo en prision 29 meses, sujeto a 5 procesos penales y\u00a0 actualmente tiene libertad por 9 delitos, siendo el proceso de\u00a0 retenci\u00f3n de menor por el cual permanece bajo resguardo domiciliario.<\/span><\/p>\n","protected":false},"excerpt":{"rendered":"<p>-POR EN\u00c9SIMA OCASION LA JUSTICIA FEDERAL LO AMPARA Y PROTEJE -JUEZ DE CONTROL RENE ORTIZ SARTORIUS\u00a0 HA CONVOCADO PARA EL<\/p>\n","protected":false},"author":4,"featured_media":26905,"comment_status":"closed","ping_status":"closed","sticky":false,"template":"","format":"standard","meta":{"colormag_page_container_layout":"default_layout","colormag_page_sidebar_layout":"default_layout","_jetpack_memberships_contains_paid_content":false,"footnotes":"","jetpack_publicize_message":"","jetpack_publicize_feature_enabled":true,"jetpack_social_post_already_shared":false,"jetpack_social_options":{"image_generator_settings":{"template":"highway","default_image_id":0,"font":"","enabled":false},"version":2}},"categories":[30],"tags":[],"class_list":["post-26889","post","type-post","status-publish","format-standard","has-post-thumbnail","hentry","category-estados"],"jetpack_publicize_connections":[],"jetpack_featured_media_url":"https:\/\/i0.wp.com\/politicosaldesnudo.com.mx\/wp-content\/uploads\/2023\/12\/BANNER-rogelio-franco.jpg?fit=800%2C445&ssl=1","jetpack-related-posts":[],"jetpack_sharing_enabled":true,"_links":{"self":[{"href":"https:\/\/politicosaldesnudo.com.mx\/index.php\/wp-json\/wp\/v2\/posts\/26889","targetHints":{"allow":["GET"]}}],"collection":[{"href":"https:\/\/politicosaldesnudo.com.mx\/index.php\/wp-json\/wp\/v2\/posts"}],"about":[{"href":"https:\/\/politicosaldesnudo.com.mx\/index.php\/wp-json\/wp\/v2\/types\/post"}],"author":[{"embeddable":true,"href":"https:\/\/politicosaldesnudo.com.mx\/index.php\/wp-json\/wp\/v2\/users\/4"}],"replies":[{"embeddable":true,"href":"https:\/\/politicosaldesnudo.com.mx\/index.php\/wp-json\/wp\/v2\/comments?post=26889"}],"version-history":[{"count":0,"href":"https:\/\/politicosaldesnudo.com.mx\/index.php\/wp-json\/wp\/v2\/posts\/26889\/revisions"}],"wp:featuredmedia":[{"embeddable":true,"href":"https:\/\/politicosaldesnudo.com.mx\/index.php\/wp-json\/wp\/v2\/media\/26905"}],"wp:attachment":[{"href":"https:\/\/politicosaldesnudo.com.mx\/index.php\/wp-json\/wp\/v2\/media?parent=26889"}],"wp:term":[{"taxonomy":"category","embeddable":true,"href":"https:\/\/politicosaldesnudo.com.mx\/index.php\/wp-json\/wp\/v2\/categories?post=26889"},{"taxonomy":"post_tag","embeddable":true,"href":"https:\/\/politicosaldesnudo.com.mx\/index.php\/wp-json\/wp\/v2\/tags?post=26889"}],"curies":[{"name":"wp","href":"https:\/\/api.w.org\/{rel}","templated":true}]}}