{"id":26952,"date":"2023-12-06T08:47:26","date_gmt":"2023-12-06T14:47:26","guid":{"rendered":"https:\/\/politicosaldesnudo.com.mx\/?p=26952"},"modified":"2023-12-06T08:47:26","modified_gmt":"2023-12-06T14:47:26","slug":"ofrece-la-4t-proyecto-de-nacion-de-largo-alcance-asegura-sheinbaum","status":"publish","type":"post","link":"https:\/\/politicosaldesnudo.com.mx\/index.php\/2023\/12\/06\/ofrece-la-4t-proyecto-de-nacion-de-largo-alcance-asegura-sheinbaum\/","title":{"rendered":"Ofrece la 4T proyecto de Naci\u00f3n de largo alcance, asegura Sheinbaum"},"content":{"rendered":"<p><span style=\"font-size: 14pt;\">Mientras la 4T ofrece \u201cun proyecto de Naci\u00f3n de largo alcance, de largo aliento, en donde el que menos tiene, tiene la posibilidad de tener bienestar\u201d, en el \u201cotro lado ofrecen fraudes electorales, ofrecen mapacher\u00eda, ofrecen corrupci\u00f3n, esa es la oferta del PRIAN\u201d, sostuvo este martes la precandidata presidencial de la coalici\u00f3n Sigamos Haciendo Historia (Morena, PT y PVEM), Claudia Sheinbaum.<\/span><\/p>\n<p class=\"western\"><span style=\"font-size: 14pt;\">Consultada en entrevista sobre la presentaci\u00f3n del equipo de precampa\u00f1a de la precandidata del PAN, PRI y PRD, X\u00f3chitl G\u00e1lvez, en el que incluy\u00f3 a personajes como Margarita Zavala, Santiago Creel o Enrique de la Madrid, entre otros, Sheinbaum Pardo expres\u00f3: \u00bfNo es el pasado? O sea, \u00bfqu\u00e9 pueden ofrecer?, pues el pasado, un pasado de corrupci\u00f3n que ya vivi\u00f3 nuestro pa\u00eds\u201d.<\/span><\/p>\n<p class=\"western\"><span style=\"font-size: 14pt;\">En cambio, apunt\u00f3, \u201cnosotros tenemos a todo el movimiento\u201d que hizo el proyecto de naci\u00f3n conformado por intelectuales, pensadores y luchadores, entre los que cit\u00f3 Armando Bartra, Paco Ignacio Taibo, Hugo L\u00f3pez-Gatell o Ana Francis Mor, y a los que sum\u00f3 a personalidades como los que se presentaron el domingo pasado y que se encargar\u00e1n de coordinar las mesas para crear el pr\u00f3xomo plan de gobierno.<\/span><\/p>\n<p class=\"western\"><span style=\"font-size: 14pt;\">Tras encabezar un acto de precampa\u00f1a en el municipio de Eduardo Neri, en Guerrero, la ex Jefa de Gobierno capitalino ofreci\u00f3 una conferencia de prensa en esa demarcaci\u00f3n en la que indic\u00f3 que el crecimiento que ha tenido en las encuestas es porque \u201cnosotros tenemos proyecto, y del otro lado lo \u00fanico que hay es regresi\u00f3n al pasado de Corrupci\u00f3n\u201d<\/span><\/p>\n<p class=\"western\"><span style=\"font-size: 14pt;\">\u201c\u00bfQu\u00e9 ofrecen?, eso se pregunta el pueblo de M\u00e9xico, \u00bfqu\u00e9 ofrecen?, el Frente, el PRIAN, porque en realidad es el PRIAN, porque ahora le cambian el nombre porque les da verg\u00fcenza decir que son el PRI y del PAN, sino por qu\u00e9 se cambiar\u00edan de nombre. Yo con orgullo digo, soy de Morena, pero all\u00e1, del otro lado, se tienen que cambiar de nombre para que puedan ofrecer algo a la poblaci\u00f3n. \u00bfY qu\u00e9 ofrecen?, nada, regresar al pasado, a un pasado que ya prob\u00f3 que no funciona en el pa\u00eds que lo dej\u00f3 fue pobreza y desigualdad y que no pudieron cumplir con las promesas que establecieron, ni las van a cumplir porque no tienen que ofrecer\u201d, agreg\u00f3.<\/span><\/p>\n<p class=\"western\"><span style=\"font-size: 14pt;\">Sheinbaum Pardo consider\u00f3 que lo que une al bloque opositor \u201ces su cr\u00edtica al presidente al presidente de la Rep\u00fablica\u201d, as\u00ed como \u00ablos negocios\u201d.<\/span><\/p>\n<p class=\"western\"><span style=\"font-size: 14pt;\">Asimismo, sobre la reconstrucci\u00f3n en Acapulco tras los da\u00f1os causados por el hurac\u00e1n Otis, adelant\u00f3 que \u201cen su momento\u201d acudir\u00e1 al puerto, pero por el momento hay que esperar ya que est\u00e1 en marcha el proceso de reconstrucci\u00f3n.<\/span><\/p>\n<p class=\"western\"><span style=\"font-size: 14pt;\">Destac\u00f3 que la forma de atender a las poblaci\u00f3n damnificada por parte del gobierno federal es \u201ccompletamente distinta\u201d, ya que la ayuda ha sido de manera directa.<\/span><\/p>\n<p class=\"western\"><span style=\"font-size: 14pt;\">\u201cEl presidente va a cumplir, siempre ha cumplido, y eso le da la fortaleza a Morena y al Presidente, y nosotros vamos a seguir con la misma l\u00ednea. Va a depender del pueblo de Acapulco, pero cuando el presidente cumple, la gente lo reconoce, por eso el presiente tiene la popularidad que tiene en Guerrero y en todas las entidades, porque a lo que se ha comprometido lo ha cumplido, y se va a cumplir con Acapulco y con Coyuca de Benitez\u201d, a\u00f1adi\u00f3.<\/span><\/p>\n","protected":false},"excerpt":{"rendered":"<p>Mientras la 4T ofrece \u201cun proyecto de Naci\u00f3n de largo alcance, de largo aliento, en donde el que menos tiene,<\/p>\n","protected":false},"author":4,"featured_media":26953,"comment_status":"closed","ping_status":"closed","sticky":false,"template":"","format":"standard","meta":{"colormag_page_container_layout":"default_layout","colormag_page_sidebar_layout":"default_layout","_jetpack_memberships_contains_paid_content":false,"footnotes":"","jetpack_publicize_message":"","jetpack_publicize_feature_enabled":true,"jetpack_social_post_already_shared":false,"jetpack_social_options":{"image_generator_settings":{"template":"highway","default_image_id":0,"font":"","enabled":false},"version":2}},"categories":[33],"tags":[],"class_list":["post-26952","post","type-post","status-publish","format-standard","has-post-thumbnail","hentry","category-nacional"],"jetpack_publicize_connections":[],"jetpack_featured_media_url":"https:\/\/i0.wp.com\/politicosaldesnudo.com.mx\/wp-content\/uploads\/2023\/12\/CL.jpg?fit=474%2C266&ssl=1","jetpack-related-posts":[],"jetpack_sharing_enabled":true,"_links":{"self":[{"href":"https:\/\/politicosaldesnudo.com.mx\/index.php\/wp-json\/wp\/v2\/posts\/26952","targetHints":{"allow":["GET"]}}],"collection":[{"href":"https:\/\/politicosaldesnudo.com.mx\/index.php\/wp-json\/wp\/v2\/posts"}],"about":[{"href":"https:\/\/politicosaldesnudo.com.mx\/index.php\/wp-json\/wp\/v2\/types\/post"}],"author":[{"embeddable":true,"href":"https:\/\/politicosaldesnudo.com.mx\/index.php\/wp-json\/wp\/v2\/users\/4"}],"replies":[{"embeddable":true,"href":"https:\/\/politicosaldesnudo.com.mx\/index.php\/wp-json\/wp\/v2\/comments?post=26952"}],"version-history":[{"count":0,"href":"https:\/\/politicosaldesnudo.com.mx\/index.php\/wp-json\/wp\/v2\/posts\/26952\/revisions"}],"wp:featuredmedia":[{"embeddable":true,"href":"https:\/\/politicosaldesnudo.com.mx\/index.php\/wp-json\/wp\/v2\/media\/26953"}],"wp:attachment":[{"href":"https:\/\/politicosaldesnudo.com.mx\/index.php\/wp-json\/wp\/v2\/media?parent=26952"}],"wp:term":[{"taxonomy":"category","embeddable":true,"href":"https:\/\/politicosaldesnudo.com.mx\/index.php\/wp-json\/wp\/v2\/categories?post=26952"},{"taxonomy":"post_tag","embeddable":true,"href":"https:\/\/politicosaldesnudo.com.mx\/index.php\/wp-json\/wp\/v2\/tags?post=26952"}],"curies":[{"name":"wp","href":"https:\/\/api.w.org\/{rel}","templated":true}]}}