{"id":27051,"date":"2023-12-07T18:08:36","date_gmt":"2023-12-08T00:08:36","guid":{"rendered":"https:\/\/politicosaldesnudo.com.mx\/?p=27051"},"modified":"2023-12-07T18:08:36","modified_gmt":"2023-12-08T00:08:36","slug":"las-jornadas-de-salud-visual-siguen-mejorando-la-calidad-de-vida-de-mas-tuxpenos","status":"publish","type":"post","link":"https:\/\/politicosaldesnudo.com.mx\/index.php\/2023\/12\/07\/las-jornadas-de-salud-visual-siguen-mejorando-la-calidad-de-vida-de-mas-tuxpenos\/","title":{"rendered":"Las Jornadas de Salud Visual siguen mejorando la calidad de vida de m\u00e1s tuxpe\u00f1os"},"content":{"rendered":"<p><span style=\"font-size: 14pt;\">Tuxpan, Ver., 7 diciembre 2023.- Como parte de las acciones en beneficio de la salud de las familias tuxpe\u00f1as, este d\u00eda se llev\u00f3 a cabo la Jornada de Salud Visual que realizan el gobierno de Tuxpan, que preside el Lic. Jos\u00e9 Manuel Pozos Castro; la s\u00edndica Mtra. Beatriz Pi\u00f1a Vergara, con la colaboraci\u00f3n de Grupo \u00d3ptico del Totonacapan.<\/span><\/p>\n<p><img data-recalc-dims=\"1\" loading=\"lazy\" decoding=\"async\" class=\"aligncenter size-large wp-image-27054\" src=\"https:\/\/i0.wp.com\/politicosaldesnudo.com.mx\/wp-content\/uploads\/2023\/12\/WhatsApp-Image-2023-12-07-at-15.29.15-1-1024x682.jpeg?resize=800%2C533&#038;ssl=1\" alt=\"\" width=\"800\" height=\"533\" srcset=\"https:\/\/i0.wp.com\/politicosaldesnudo.com.mx\/wp-content\/uploads\/2023\/12\/WhatsApp-Image-2023-12-07-at-15.29.15-1.jpeg?resize=1024%2C682&amp;ssl=1 1024w, https:\/\/i0.wp.com\/politicosaldesnudo.com.mx\/wp-content\/uploads\/2023\/12\/WhatsApp-Image-2023-12-07-at-15.29.15-1.jpeg?resize=300%2C200&amp;ssl=1 300w, https:\/\/i0.wp.com\/politicosaldesnudo.com.mx\/wp-content\/uploads\/2023\/12\/WhatsApp-Image-2023-12-07-at-15.29.15-1.jpeg?resize=768%2C512&amp;ssl=1 768w, https:\/\/i0.wp.com\/politicosaldesnudo.com.mx\/wp-content\/uploads\/2023\/12\/WhatsApp-Image-2023-12-07-at-15.29.15-1.jpeg?w=1280&amp;ssl=1 1280w\" sizes=\"auto, (max-width: 800px) 100vw, 800px\" \/><\/p>\n<p><span style=\"font-size: 14pt;\">En la planta baja de Presidencia Municipal, ciudadanas y ciudadanos que asistieron pudieron realizarse gratuitamente el examen de la vista para detectar padecimientos oculares.<\/span><\/p>\n<p><img data-recalc-dims=\"1\" loading=\"lazy\" decoding=\"async\" class=\"aligncenter size-large wp-image-27053\" src=\"https:\/\/i0.wp.com\/politicosaldesnudo.com.mx\/wp-content\/uploads\/2023\/12\/WhatsApp-Image-2023-12-07-at-15.29.14-1024x682.jpeg?resize=800%2C533&#038;ssl=1\" alt=\"\" width=\"800\" height=\"533\" srcset=\"https:\/\/i0.wp.com\/politicosaldesnudo.com.mx\/wp-content\/uploads\/2023\/12\/WhatsApp-Image-2023-12-07-at-15.29.14.jpeg?resize=1024%2C682&amp;ssl=1 1024w, https:\/\/i0.wp.com\/politicosaldesnudo.com.mx\/wp-content\/uploads\/2023\/12\/WhatsApp-Image-2023-12-07-at-15.29.14.jpeg?resize=300%2C200&amp;ssl=1 300w, https:\/\/i0.wp.com\/politicosaldesnudo.com.mx\/wp-content\/uploads\/2023\/12\/WhatsApp-Image-2023-12-07-at-15.29.14.jpeg?resize=768%2C512&amp;ssl=1 768w, https:\/\/i0.wp.com\/politicosaldesnudo.com.mx\/wp-content\/uploads\/2023\/12\/WhatsApp-Image-2023-12-07-at-15.29.14.jpeg?w=1280&amp;ssl=1 1280w\" sizes=\"auto, (max-width: 800px) 100vw, 800px\" \/><\/p>\n<p><span style=\"font-size: 14pt;\">La Mtra. Beatriz Pi\u00f1a hizo extensiva la invitaci\u00f3n para que asistan el pr\u00f3ximo jueves, de 10:00 a 15:00 horas a dichas instalaciones, donde ser\u00e1n atendidos sin costo alguno por especialistas.<\/span><\/p>\n<p><img data-recalc-dims=\"1\" loading=\"lazy\" decoding=\"async\" class=\"aligncenter size-large wp-image-27052\" src=\"https:\/\/i0.wp.com\/politicosaldesnudo.com.mx\/wp-content\/uploads\/2023\/12\/WhatsApp-Image-2023-12-07-at-15.29.14-1-1024x682.jpeg?resize=800%2C533&#038;ssl=1\" alt=\"\" width=\"800\" height=\"533\" srcset=\"https:\/\/i0.wp.com\/politicosaldesnudo.com.mx\/wp-content\/uploads\/2023\/12\/WhatsApp-Image-2023-12-07-at-15.29.14-1.jpeg?resize=1024%2C682&amp;ssl=1 1024w, https:\/\/i0.wp.com\/politicosaldesnudo.com.mx\/wp-content\/uploads\/2023\/12\/WhatsApp-Image-2023-12-07-at-15.29.14-1.jpeg?resize=300%2C200&amp;ssl=1 300w, https:\/\/i0.wp.com\/politicosaldesnudo.com.mx\/wp-content\/uploads\/2023\/12\/WhatsApp-Image-2023-12-07-at-15.29.14-1.jpeg?resize=768%2C512&amp;ssl=1 768w, https:\/\/i0.wp.com\/politicosaldesnudo.com.mx\/wp-content\/uploads\/2023\/12\/WhatsApp-Image-2023-12-07-at-15.29.14-1.jpeg?w=1280&amp;ssl=1 1280w\" sizes=\"auto, (max-width: 800px) 100vw, 800px\" \/><\/p>\n<p><span style=\"font-size: 14pt;\">Mencion\u00f3 que otro de los prop\u00f3sitos de estas jornadas es brindar la oportunidad de adquirir anteojos de excelente calidad, a bajo costo.<\/span><\/p>\n<p><span style=\"font-size: 14pt;\">Con este tipo de acciones, el gobierno de Tuxpan refrenda el compromiso de velar por el bienestar de la poblaci\u00f3n, ya que la detecci\u00f3n temprana de cualquier enfermedad es fundamental para tener una mejor calidad de vida.<\/span><\/p>\n","protected":false},"excerpt":{"rendered":"<p>Tuxpan, Ver., 7 diciembre 2023.- Como parte de las acciones en beneficio de la salud de las familias tuxpe\u00f1as, este<\/p>\n","protected":false},"author":4,"featured_media":27055,"comment_status":"closed","ping_status":"closed","sticky":false,"template":"","format":"standard","meta":{"colormag_page_container_layout":"default_layout","colormag_page_sidebar_layout":"default_layout","_jetpack_memberships_contains_paid_content":false,"footnotes":"","jetpack_publicize_message":"","jetpack_publicize_feature_enabled":true,"jetpack_social_post_already_shared":false,"jetpack_social_options":{"image_generator_settings":{"template":"highway","default_image_id":0,"font":"","enabled":false},"version":2}},"categories":[1082],"tags":[],"class_list":["post-27051","post","type-post","status-publish","format-standard","has-post-thumbnail","hentry","category-tuxpan"],"jetpack_publicize_connections":[],"jetpack_featured_media_url":"https:\/\/i0.wp.com\/politicosaldesnudo.com.mx\/wp-content\/uploads\/2023\/12\/WhatsApp-Image-2023-12-07-at-15.29.15.jpeg?fit=1280%2C853&ssl=1","jetpack-related-posts":[],"jetpack_sharing_enabled":true,"_links":{"self":[{"href":"https:\/\/politicosaldesnudo.com.mx\/index.php\/wp-json\/wp\/v2\/posts\/27051","targetHints":{"allow":["GET"]}}],"collection":[{"href":"https:\/\/politicosaldesnudo.com.mx\/index.php\/wp-json\/wp\/v2\/posts"}],"about":[{"href":"https:\/\/politicosaldesnudo.com.mx\/index.php\/wp-json\/wp\/v2\/types\/post"}],"author":[{"embeddable":true,"href":"https:\/\/politicosaldesnudo.com.mx\/index.php\/wp-json\/wp\/v2\/users\/4"}],"replies":[{"embeddable":true,"href":"https:\/\/politicosaldesnudo.com.mx\/index.php\/wp-json\/wp\/v2\/comments?post=27051"}],"version-history":[{"count":0,"href":"https:\/\/politicosaldesnudo.com.mx\/index.php\/wp-json\/wp\/v2\/posts\/27051\/revisions"}],"wp:featuredmedia":[{"embeddable":true,"href":"https:\/\/politicosaldesnudo.com.mx\/index.php\/wp-json\/wp\/v2\/media\/27055"}],"wp:attachment":[{"href":"https:\/\/politicosaldesnudo.com.mx\/index.php\/wp-json\/wp\/v2\/media?parent=27051"}],"wp:term":[{"taxonomy":"category","embeddable":true,"href":"https:\/\/politicosaldesnudo.com.mx\/index.php\/wp-json\/wp\/v2\/categories?post=27051"},{"taxonomy":"post_tag","embeddable":true,"href":"https:\/\/politicosaldesnudo.com.mx\/index.php\/wp-json\/wp\/v2\/tags?post=27051"}],"curies":[{"name":"wp","href":"https:\/\/api.w.org\/{rel}","templated":true}]}}