{"id":27529,"date":"2023-12-15T01:41:18","date_gmt":"2023-12-15T07:41:18","guid":{"rendered":"https:\/\/politicosaldesnudo.com.mx\/?p=27529"},"modified":"2023-12-15T01:41:18","modified_gmt":"2023-12-15T07:41:18","slug":"sale-ruvalcaba-se-desmorona-el-pri","status":"publish","type":"post","link":"https:\/\/politicosaldesnudo.com.mx\/index.php\/2023\/12\/15\/sale-ruvalcaba-se-desmorona-el-pri\/","title":{"rendered":"Sale Ruvalcaba, se desmorona el PRI"},"content":{"rendered":"<p><span style=\"font-size: 18pt; color: #cc99ff;\"><strong>ALMA GRANDE<\/strong><\/span><\/p>\n<p><span style=\"font-size: 18pt; color: #cc99ff;\"><strong>Por \u00c1ngel \u00c1lvaro Pe\u00f1a<\/strong><\/span><\/p>\n<p><span style=\"font-size: 14pt;\"><strong>Si alguien manipul\u00f3 a su antojo Alejandro Moreno, l\u00edder nacional del PRI, fue a Adri\u00e1n Ruvalcaba, actual alcalde de Cuajimalpa, en su segundo periodo. Primero lo anunci\u00f3 como el candidato del PRI a la jefatura de gobierno, el silencio del PAN y del PRD se hizo notorio.<\/strong><\/span><\/p>\n<p><img data-recalc-dims=\"1\" loading=\"lazy\" decoding=\"async\" class=\"aligncenter size-large wp-image-27531\" src=\"https:\/\/i0.wp.com\/politicosaldesnudo.com.mx\/wp-content\/uploads\/2023\/12\/alejandro-moreno-adrian-rubalcava-1024x683.jpg?resize=800%2C534&#038;ssl=1\" alt=\"\" width=\"800\" height=\"534\" srcset=\"https:\/\/i0.wp.com\/politicosaldesnudo.com.mx\/wp-content\/uploads\/2023\/12\/alejandro-moreno-adrian-rubalcava.jpg?resize=1024%2C683&amp;ssl=1 1024w, https:\/\/i0.wp.com\/politicosaldesnudo.com.mx\/wp-content\/uploads\/2023\/12\/alejandro-moreno-adrian-rubalcava.jpg?resize=300%2C200&amp;ssl=1 300w, https:\/\/i0.wp.com\/politicosaldesnudo.com.mx\/wp-content\/uploads\/2023\/12\/alejandro-moreno-adrian-rubalcava.jpg?resize=768%2C512&amp;ssl=1 768w, https:\/\/i0.wp.com\/politicosaldesnudo.com.mx\/wp-content\/uploads\/2023\/12\/alejandro-moreno-adrian-rubalcava.jpg?w=1200&amp;ssl=1 1200w\" sizes=\"auto, (max-width: 800px) 100vw, 800px\" \/><\/p>\n<p><span style=\"font-size: 14pt;\"><strong>Ese vac\u00edo de opini\u00f3n es el que actualmente sucede en Veracruz, donde s\u00f3lo un partido de la alianza opositora ha dado a conocer a su candidato, ante el silencio de los otros dos.<\/strong><\/span><\/p>\n<p><span style=\"font-size: 14pt;\"><strong>En la Ciudad de M\u00e9xico, desde semanas antes sonaba el nombre de Santiago Taboada, alcalde de Benito Ju\u00e1rez, al sur de la ciudad de M\u00e9xico, y se\u00f1alado como uno de los responsables del llamado c\u00e1rtel inmobiliario, motivo por el cual coincid\u00edan, aparentemente, en el interior de la oposici\u00f3n en no designar al panista ya que podr\u00eda tener problemas legales posteriores y durante la campa\u00f1a principalmente.<\/strong><\/span><\/p>\n<p><span style=\"font-size: 14pt;\"><strong>En ese entonces Ruvalcaba solicit\u00f3 licencia al Congreso local para buscar la candidatura del entonces llamado Frente Amplio por M\u00e9xico.<\/strong><\/span><\/p>\n<p><img data-recalc-dims=\"1\" loading=\"lazy\" decoding=\"async\" class=\"aligncenter size-large wp-image-27533\" src=\"https:\/\/i0.wp.com\/politicosaldesnudo.com.mx\/wp-content\/uploads\/2023\/12\/santiago-taboada-cdmx-1024x529.jpeg?resize=800%2C413&#038;ssl=1\" alt=\"\" width=\"800\" height=\"413\" srcset=\"https:\/\/i0.wp.com\/politicosaldesnudo.com.mx\/wp-content\/uploads\/2023\/12\/santiago-taboada-cdmx.jpeg?resize=1024%2C529&amp;ssl=1 1024w, https:\/\/i0.wp.com\/politicosaldesnudo.com.mx\/wp-content\/uploads\/2023\/12\/santiago-taboada-cdmx.jpeg?resize=300%2C155&amp;ssl=1 300w, https:\/\/i0.wp.com\/politicosaldesnudo.com.mx\/wp-content\/uploads\/2023\/12\/santiago-taboada-cdmx.jpeg?resize=768%2C397&amp;ssl=1 768w, https:\/\/i0.wp.com\/politicosaldesnudo.com.mx\/wp-content\/uploads\/2023\/12\/santiago-taboada-cdmx.jpeg?w=1200&amp;ssl=1 1200w\" sizes=\"auto, (max-width: 800px) 100vw, 800px\" \/><\/p>\n<p><span style=\"font-size: 14pt;\"><strong>Sin embargo, pese a la insistencia de Adri\u00e1n Rubalcava de transparentar\u00a0el proceso interno de selecci\u00f3n del candidato, la alianza finalmente design\u00f3 a Santiago Taboada como precandidato a la jefatura del Gobierno de la CDMX. Es decir, la designaci\u00f3n sucedi\u00f3 como con todos los candidatos de la alianza opositora por designaci\u00f3n directa, o m\u00e1s claramente por dedazo.<\/strong><\/span><\/p>\n<p><span style=\"font-size: 14pt;\"><strong>Ante esta situaci\u00f3n este jueves 14, Rubalcava anunci\u00f3 su renuncia junto a otros 30 consejeros al PRI, con el objetivo de sumarse al equipo de la virtual candidata por la Presidencia de M\u00e9xico, <a href=\"https:\/\/mexico.as.com\/noticias\/claudia-sheinbaum-pardo\/?omnil=restag\">Claudia Sheinbaum<\/a> de cara a las elecciones del 2024.<\/strong><\/span><\/p>\n<p><span style=\"font-size: 18pt;\"><strong>\u201cNo puedo acompa\u00f1ar una candidatura que a flor de piel permite ver que hay indicios de actos de corrupci\u00f3n; no puedo acompa\u00f1ar una candidatura que pareciese que preocupa m\u00e1s el tratar de proteger la impunidad antes de reflejar la transparencia; no puedo acompa\u00f1ar una candidatura en donde a costo de la ciudadan\u00eda yo acepte un cargo p\u00fablico a cambio de tapar o ser parte de la impunidad\u201d, expres\u00f3 Rubalcava.<\/strong><\/span><\/p>\n<p><img data-recalc-dims=\"1\" loading=\"lazy\" decoding=\"async\" class=\"aligncenter size-large wp-image-27530\" src=\"https:\/\/i0.wp.com\/politicosaldesnudo.com.mx\/wp-content\/uploads\/2023\/12\/Adrian-Rubalcava-1024x576.jpeg?resize=800%2C450&#038;ssl=1\" alt=\"\" width=\"800\" height=\"450\" srcset=\"https:\/\/i0.wp.com\/politicosaldesnudo.com.mx\/wp-content\/uploads\/2023\/12\/Adrian-Rubalcava.jpeg?resize=1024%2C576&amp;ssl=1 1024w, https:\/\/i0.wp.com\/politicosaldesnudo.com.mx\/wp-content\/uploads\/2023\/12\/Adrian-Rubalcava.jpeg?resize=300%2C169&amp;ssl=1 300w, https:\/\/i0.wp.com\/politicosaldesnudo.com.mx\/wp-content\/uploads\/2023\/12\/Adrian-Rubalcava.jpeg?resize=768%2C432&amp;ssl=1 768w, https:\/\/i0.wp.com\/politicosaldesnudo.com.mx\/wp-content\/uploads\/2023\/12\/Adrian-Rubalcava.jpeg?w=1200&amp;ssl=1 1200w\" sizes=\"auto, (max-width: 800px) 100vw, 800px\" \/><\/p>\n<p><span style=\"font-size: 18pt;\"><strong>\u201cHoy est\u00e1n conmigo 30 consejeros del PRI que presentan su renuncia al partido junto con la m\u00eda\u201d, as\u00ed confirm\u00f3 su renuncia oficial al PRI y se baja de la alianza \u2018Va por la CDMX\u2019 integrada por el PAN, PRI y PRD.<\/strong><\/span><\/p>\n<p><span style=\"font-size: 14pt;\"><strong>\u00a0\u201cEs evidente el control que se tiene del Tribunal Electoral de Ciudad de M\u00e9xico por parte de un partido pol\u00edtico de la alianza y ante esta situaci\u00f3n hemos decidido dejarlos que corran ellos. No tiene caso pelear por algo que huele mal, se ve mal y camina mal\u201d,\u00a0dijo Adri\u00e1n Rubalcava. Estim\u00f3 que en la semana se dar\u00e1n la renuncia de 20 mil personas m\u00e1s.<\/strong><\/span><\/p>\n<p><span style=\"font-size: 18pt;\"><strong>Aclar\u00f3 que no se ir\u00e1 a Morena, sino que apoyar\u00e1 a Claudia Sheinbaum por la relaci\u00f3n y trabajo coordinado que tuvo con la ex jefa de gobierno. Agreg\u00f3 que a\u00fan no platica con ella.<\/strong><\/span><\/p>\n<p><span style=\"font-size: 14pt;\"><strong>En este proceso pol\u00edtico rumbo a las elecciones, la oposici\u00f3n ha dado muestras de no competir internamente por las candidaturas sino designarlas, a veces de manera simulada, otras de manera abierta, pero no ha habido un m\u00e9todo de selecci\u00f3n que pueda considerarse equitativo, sobre todo trat\u00e1ndose de tres partidos en pugna interna por las candidaturas a puestos de elecci\u00f3n popular.<\/strong><\/span><\/p>\n<p><span style=\"font-size: 18pt;\"><strong>En las pr\u00f3ximas elecciones pareciera ya haber triunfadores porque las encuestas no se han movido desde junio, y no ser\u00e1 dif\u00edcil que se mantengan, as\u00ed Morena perder\u00e1 Guanajuato y Yucat\u00e1n, y probablemente Jalisco. La Ciudad de M\u00e9xico en realidad la lucha electoral se centra en las alcald\u00edas donde actualmente tiene 9 la oposici\u00f3n y 7 Morena.<\/strong><\/span><\/p>\n<p><span style=\"font-size: 14pt;\"><strong>Uno de los problemas con los que se enfrenta el ahora llamado Frente Coraz\u00f3n por M\u00e9xico es la falta de acuerdos que hasta ahora ha resistido para seguir unidos; sin embargo, conforme se acerca la jornada electoral las diferencias se muestran m\u00e1s claras. En la oposici\u00f3n no hubo reglas para la selecci\u00f3n de candidatos porque no hubo acuerdos al respecto y los l\u00edderes de los tres partidos acordaron, de manera cupular qui\u00e9n ir\u00eda, de tal suerte que en los tres partidos hay descontento en las bases, encabezados por los que siempre quisieron ser candidatos y se quedaron en el camino.<\/strong><\/span><\/p>\n<p><img data-recalc-dims=\"1\" loading=\"lazy\" decoding=\"async\" class=\"size-large wp-image-27532\" src=\"https:\/\/i0.wp.com\/politicosaldesnudo.com.mx\/wp-content\/uploads\/2023\/12\/marko-cortes-va-por-mexico-jesus-zambrano-alejandro-moreno-075-group-vapormex220524-npvxe-1024x606.jpeg?resize=800%2C473&#038;ssl=1\" alt=\"\" width=\"800\" height=\"473\" srcset=\"https:\/\/i0.wp.com\/politicosaldesnudo.com.mx\/wp-content\/uploads\/2023\/12\/marko-cortes-va-por-mexico-jesus-zambrano-alejandro-moreno-075-group-vapormex220524-npvxe.jpeg?resize=1024%2C606&amp;ssl=1 1024w, https:\/\/i0.wp.com\/politicosaldesnudo.com.mx\/wp-content\/uploads\/2023\/12\/marko-cortes-va-por-mexico-jesus-zambrano-alejandro-moreno-075-group-vapormex220524-npvxe.jpeg?resize=300%2C178&amp;ssl=1 300w, https:\/\/i0.wp.com\/politicosaldesnudo.com.mx\/wp-content\/uploads\/2023\/12\/marko-cortes-va-por-mexico-jesus-zambrano-alejandro-moreno-075-group-vapormex220524-npvxe.jpeg?resize=768%2C454&amp;ssl=1 768w, https:\/\/i0.wp.com\/politicosaldesnudo.com.mx\/wp-content\/uploads\/2023\/12\/marko-cortes-va-por-mexico-jesus-zambrano-alejandro-moreno-075-group-vapormex220524-npvxe.jpeg?w=1200&amp;ssl=1 1200w\" sizes=\"auto, (max-width: 800px) 100vw, 800px\" \/><\/p>\n<p><span style=\"font-size: 14pt;\"><strong>Esto ni suele ocasionar desbandadas pero s\u00ed voto de castigo desde el interior de la militancia de los tres partidos, que encabezan Marko Cort\u00e9s, Alejandro Moreno y Jes\u00fas Zambrano. Aunque nadie puede evitar futuras desbandadas, motivadas por falta de acuerdos con las bases.<\/strong><\/span><\/p>\n<p><span style=\"font-size: 18pt;\"><strong>Los aspirantes a candidaturas que no llegaron a pesar de sus prop\u00f3sitos suman casi 100 mil en la oposici\u00f3n, lo cual habla de un problema interno debido a las decisiones de tres personas \u00fanicamente. En las elecciones de 2024 se elegir\u00e1n 20 375 cargos de elecci\u00f3n popular.<\/strong><\/span><\/p>\n<p><span style=\"font-size: 14pt;\"><strong>As\u00ed como Ruvalcaba se coloca en las filas del enemigo, las encuestas, los medios, las declaraciones y la intenci\u00f3n del voto pueden ocasionar m\u00e1s ruptura en todos los partidos, donde dejan un partido para sumarse al contrincante. Advenedizos que luego se convierten en un problema interno o terminan por cambiar de bando una vez que ganan. La historia reciente de la pol\u00edtica mexicana da cuenta de estos saltos que no s\u00f3lo muestran inestabilidad en los partidos sino que afectan la democracia porque burlan la voluntad popular.<\/strong><\/span><\/p>\n<p><span style=\"font-size: 18pt;\"><strong>Estas diferencias internas terminan por aumentar el abstencionismo, afectar la democracia y tener candidatos d\u00e9biles.<\/strong><\/span><\/p>\n<p><span style=\"font-size: 14pt;\"><strong>PEGA Y CORRE.- La reaparici\u00f3n de Manlio Fabio Beltrones es paulatina pero constante. Ahora defendi\u00f3 la coalici\u00f3n que hizo su partido con Acci\u00f3n Nacional y el Partido de la Revoluci\u00f3n Democr\u00e1tica y destac\u00f3 que de lo que se trata es de defender las instituciones que permiten el equilibrio y la gobernabilidad del pa\u00eds\u2026Esta columna se publica los lunes, mi\u00e9rcoles y viernes.<\/strong><\/span><\/p>\n<p><img data-recalc-dims=\"1\" loading=\"lazy\" decoding=\"async\" class=\"aligncenter size-full wp-image-27228\" src=\"https:\/\/i0.wp.com\/politicosaldesnudo.com.mx\/wp-content\/uploads\/2023\/12\/FIRMA-EDITORIAL-PD-2.jpg?resize=800%2C98&#038;ssl=1\" alt=\"\" width=\"800\" height=\"98\" srcset=\"https:\/\/i0.wp.com\/politicosaldesnudo.com.mx\/wp-content\/uploads\/2023\/12\/FIRMA-EDITORIAL-PD-2.jpg?w=1024&amp;ssl=1 1024w, https:\/\/i0.wp.com\/politicosaldesnudo.com.mx\/wp-content\/uploads\/2023\/12\/FIRMA-EDITORIAL-PD-2.jpg?resize=300%2C37&amp;ssl=1 300w, https:\/\/i0.wp.com\/politicosaldesnudo.com.mx\/wp-content\/uploads\/2023\/12\/FIRMA-EDITORIAL-PD-2.jpg?resize=768%2C94&amp;ssl=1 768w\" sizes=\"auto, (max-width: 800px) 100vw, 800px\" \/><\/p>\n","protected":false},"excerpt":{"rendered":"<p>ALMA GRANDE Por \u00c1ngel \u00c1lvaro Pe\u00f1a Si alguien manipul\u00f3 a su antojo Alejandro Moreno, l\u00edder nacional del PRI, fue a<\/p>\n","protected":false},"author":4,"featured_media":15807,"comment_status":"closed","ping_status":"closed","sticky":false,"template":"","format":"standard","meta":{"colormag_page_container_layout":"default_layout","colormag_page_sidebar_layout":"default_layout","_jetpack_memberships_contains_paid_content":false,"footnotes":"","jetpack_publicize_message":"","jetpack_publicize_feature_enabled":true,"jetpack_social_post_already_shared":false,"jetpack_social_options":{"image_generator_settings":{"template":"highway","default_image_id":0,"font":"","enabled":false},"version":2}},"categories":[26],"tags":[],"class_list":["post-27529","post","type-post","status-publish","format-standard","has-post-thumbnail","hentry","category-columnistas"],"jetpack_publicize_connections":[],"jetpack_featured_media_url":"https:\/\/i0.wp.com\/politicosaldesnudo.com.mx\/wp-content\/uploads\/2023\/02\/ANGEL-ALVARO-PENA1.webp?fit=800%2C445&ssl=1","jetpack-related-posts":[],"jetpack_sharing_enabled":true,"_links":{"self":[{"href":"https:\/\/politicosaldesnudo.com.mx\/index.php\/wp-json\/wp\/v2\/posts\/27529","targetHints":{"allow":["GET"]}}],"collection":[{"href":"https:\/\/politicosaldesnudo.com.mx\/index.php\/wp-json\/wp\/v2\/posts"}],"about":[{"href":"https:\/\/politicosaldesnudo.com.mx\/index.php\/wp-json\/wp\/v2\/types\/post"}],"author":[{"embeddable":true,"href":"https:\/\/politicosaldesnudo.com.mx\/index.php\/wp-json\/wp\/v2\/users\/4"}],"replies":[{"embeddable":true,"href":"https:\/\/politicosaldesnudo.com.mx\/index.php\/wp-json\/wp\/v2\/comments?post=27529"}],"version-history":[{"count":0,"href":"https:\/\/politicosaldesnudo.com.mx\/index.php\/wp-json\/wp\/v2\/posts\/27529\/revisions"}],"wp:featuredmedia":[{"embeddable":true,"href":"https:\/\/politicosaldesnudo.com.mx\/index.php\/wp-json\/wp\/v2\/media\/15807"}],"wp:attachment":[{"href":"https:\/\/politicosaldesnudo.com.mx\/index.php\/wp-json\/wp\/v2\/media?parent=27529"}],"wp:term":[{"taxonomy":"category","embeddable":true,"href":"https:\/\/politicosaldesnudo.com.mx\/index.php\/wp-json\/wp\/v2\/categories?post=27529"},{"taxonomy":"post_tag","embeddable":true,"href":"https:\/\/politicosaldesnudo.com.mx\/index.php\/wp-json\/wp\/v2\/tags?post=27529"}],"curies":[{"name":"wp","href":"https:\/\/api.w.org\/{rel}","templated":true}]}}