{"id":27535,"date":"2023-12-15T09:02:40","date_gmt":"2023-12-15T15:02:40","guid":{"rendered":"https:\/\/politicosaldesnudo.com.mx\/?p=27535"},"modified":"2023-12-15T09:02:40","modified_gmt":"2023-12-15T15:02:40","slug":"zaldivar-recibira-pension-mensual-de-192-mil","status":"publish","type":"post","link":"https:\/\/politicosaldesnudo.com.mx\/index.php\/2023\/12\/15\/zaldivar-recibira-pension-mensual-de-192-mil\/","title":{"rendered":"Zald\u00edvar recibir\u00e1 pensi\u00f3n mensual de $192 mil"},"content":{"rendered":"<div class=\"col col1\">\n<p class=\"s-s\"><span style=\"font-size: 14pt;\">La Suprema Corte de Justicia de la Naci\u00f3n (SCJN) autoriz\u00f3 en sesi\u00f3n privada del 27 de noviembre pasado dar a Arturo Zald\u00edvar Lelo de Larrea la parte proporcional de la pensi\u00f3n a que tiene derecho como ministro en retiro.<\/span><\/p>\n<p><span style=\"font-size: 14pt;\">Al haber renunciado 12 meses antes de que terminara su periodo constitucional de 15 a\u00f1os, le corresponder\u00e1 recibir 93 por ciento de la pensi\u00f3n, es decir, 192 mil 461 pesos al mes.<\/span><\/p>\n<p><span style=\"font-size: 14pt;\">La Ley Org\u00e1nica del Poder Judicial de la Federaci\u00f3n establece en su art\u00edculo 163 que cuando los ministros dejan su cargo, por renuncia o por el t\u00e9rmino de su periodo constitucional, tendr\u00e1n derecho a un\u00a0<q>haber de retiro de car\u00e1cter vitalicio<\/q>\u00a0que, en los primeros dos a\u00f1os posteriores a su salida ser\u00e1 equivalente al cien por ciento del ingreso de un ministro en activo, y posteriormente baja a 80 por ciento.<\/span><\/p>\n<p><span style=\"font-size: 14pt;\"><q>Cuando los ministros se retiren sin haber cumplido 15 a\u00f1os en el ejercicio del cargo, tendr\u00e1n derecho a la remuneraci\u00f3n a que se refiere el p\u00e1rrafo anterior de manera proporcional al tiempo de su desempe\u00f1o<\/q>, a\u00f1ade dicho art\u00edculo en su segundo p\u00e1rrafo.<\/span><\/p>\n<\/div>\n<div class=\"col col2\">\n<p><span style=\"font-size: 14pt;\">Para normar esta prestaci\u00f3n, durante la presidencia en la SCJN del ministro Mariano Azuela G\u00fcitr\u00f3n se aprob\u00f3 el acuerdo 11\/2023, donde se estableci\u00f3 que estas pensiones deber\u00edan incluir no s\u00f3lo el sueldo base, sino tambi\u00e9n la compensaci\u00f3n garantizada. Actualmente, la percepci\u00f3n mensual de un ministro en activo es de 206 mil 948 pesos netos.<\/span><\/p>\n<p><span style=\"font-size: 14pt;\">Zald\u00edvar renunci\u00f3 a la SCJN el 15 de noviembre pasado, para sumarse al equipo de Claudia Sheinbaum, quien busca la nominaci\u00f3n presidencial por Morena.<\/span><\/p>\n<p><span style=\"font-size: 14pt;\">Eduardo Medina Mora, quien renunci\u00f3 a la SCJN en 2019, tambi\u00e9n recibe una pensi\u00f3n vitalicia proporcional al tiempo que ejerci\u00f3 como ministro, en su caso cuatro a\u00f1os, seis meses y 29 d\u00edas, por lo que le correspondi\u00f3 30.54 por ciento de la misma.<\/span><\/p>\n<\/div>\n","protected":false},"excerpt":{"rendered":"<p>La Suprema Corte de Justicia de la Naci\u00f3n (SCJN) autoriz\u00f3 en sesi\u00f3n privada del 27 de noviembre pasado dar a<\/p>\n","protected":false},"author":4,"featured_media":27536,"comment_status":"closed","ping_status":"closed","sticky":false,"template":"","format":"standard","meta":{"colormag_page_container_layout":"default_layout","colormag_page_sidebar_layout":"default_layout","_jetpack_memberships_contains_paid_content":false,"footnotes":"","jetpack_publicize_message":"","jetpack_publicize_feature_enabled":true,"jetpack_social_post_already_shared":false,"jetpack_social_options":{"image_generator_settings":{"template":"highway","default_image_id":0,"font":"","enabled":false},"version":2}},"categories":[33],"tags":[],"class_list":["post-27535","post","type-post","status-publish","format-standard","has-post-thumbnail","hentry","category-nacional"],"jetpack_publicize_connections":[],"jetpack_featured_media_url":"https:\/\/i0.wp.com\/politicosaldesnudo.com.mx\/wp-content\/uploads\/2023\/12\/OIP-4.jpg?fit=474%2C315&ssl=1","jetpack-related-posts":[],"jetpack_sharing_enabled":true,"_links":{"self":[{"href":"https:\/\/politicosaldesnudo.com.mx\/index.php\/wp-json\/wp\/v2\/posts\/27535","targetHints":{"allow":["GET"]}}],"collection":[{"href":"https:\/\/politicosaldesnudo.com.mx\/index.php\/wp-json\/wp\/v2\/posts"}],"about":[{"href":"https:\/\/politicosaldesnudo.com.mx\/index.php\/wp-json\/wp\/v2\/types\/post"}],"author":[{"embeddable":true,"href":"https:\/\/politicosaldesnudo.com.mx\/index.php\/wp-json\/wp\/v2\/users\/4"}],"replies":[{"embeddable":true,"href":"https:\/\/politicosaldesnudo.com.mx\/index.php\/wp-json\/wp\/v2\/comments?post=27535"}],"version-history":[{"count":0,"href":"https:\/\/politicosaldesnudo.com.mx\/index.php\/wp-json\/wp\/v2\/posts\/27535\/revisions"}],"wp:featuredmedia":[{"embeddable":true,"href":"https:\/\/politicosaldesnudo.com.mx\/index.php\/wp-json\/wp\/v2\/media\/27536"}],"wp:attachment":[{"href":"https:\/\/politicosaldesnudo.com.mx\/index.php\/wp-json\/wp\/v2\/media?parent=27535"}],"wp:term":[{"taxonomy":"category","embeddable":true,"href":"https:\/\/politicosaldesnudo.com.mx\/index.php\/wp-json\/wp\/v2\/categories?post=27535"},{"taxonomy":"post_tag","embeddable":true,"href":"https:\/\/politicosaldesnudo.com.mx\/index.php\/wp-json\/wp\/v2\/tags?post=27535"}],"curies":[{"name":"wp","href":"https:\/\/api.w.org\/{rel}","templated":true}]}}