{"id":27553,"date":"2023-12-15T09:27:47","date_gmt":"2023-12-15T15:27:47","guid":{"rendered":"https:\/\/politicosaldesnudo.com.mx\/?p=27553"},"modified":"2023-12-15T09:27:47","modified_gmt":"2023-12-15T15:27:47","slug":"paraguay-promulga-polemica-ley-para-controlar-las-jubilaciones","status":"publish","type":"post","link":"https:\/\/politicosaldesnudo.com.mx\/index.php\/2023\/12\/15\/paraguay-promulga-polemica-ley-para-controlar-las-jubilaciones\/","title":{"rendered":"Paraguay promulga pol\u00e9mica ley para controlar las jubilaciones"},"content":{"rendered":"<p><span style=\"font-size: 14pt;\"><em>Montevideo<\/em>. El presidente de Paraguay, Santiago Pe\u00f1a, promulg\u00f3 este jueves la ley que crea un\u00a0\u00f3rgano controlador de las jubilaciones, a trav\u00e9s de la Superintendencia de Jubilaciones y Pensiones,\u00a0aprobada esta semana por el Congreso pese a fuertes protestas de la oposici\u00f3n y organizaciones de trabajadores y jubilados.<\/span><\/p>\n<p><span style=\"font-size: 14pt;\">\u201cHe promulgado la ley que crea la superintendencia de jubilaciones y pensiones\u201d, anunci\u00f3 el mandatario en un video difundido por las redes sociales, en el que agradeci\u00f3 el \u201capoyo valiente\u201d de senadores y diputados a la normativa impulsada por el Ejecutivo.<\/span><\/p>\n<p><span style=\"font-size: 14pt;\">Pe\u00f1a mencion\u00f3 que a pesar de tener un mandato constitucional que data del a\u00f1o 1992 y que obliga al Estado paraguayo a controlar y supervisar los fondos previsionales, tal determinaci\u00f3n no se ha cumplido.<\/span><\/p>\n<p><span style=\"font-size: 14pt;\">\u201cParaguay hoy cumple y se convierte probablemente en uno de los \u00faltimos pa\u00edses de Am\u00e9rica Latina y el mundo de tener un organismo que pueda controlar y supervisar donde se administran los fondos de los trabajadores\u201d, agreg\u00f3.<\/span><\/p>\n<p><span style=\"font-size: 14pt;\">El martes, mientras la ley se discut\u00eda en el Senado, hubo manifestaciones en las inmediaciones del Congreso y 15 personas fueron detenidas.<\/span><\/p>\n<p><span style=\"font-size: 14pt;\">De acuerdo con reportes de prensa, la polic\u00eda reprimi\u00f3 con gases lacrim\u00f3genos a los manifestantes, que el mi\u00e9rcoles volvieron a salir a las calles en Asunci\u00f3n y varias ciudades del interior.<\/span><\/p>\n<p><span style=\"font-size: 14pt;\">Este jueves, la Comisi\u00f3n Interamericana de Derechos Humanos (CIDH) y la Relator\u00eda Especial para la Libertad de Expresi\u00f3n informaron que monitorean las protestas en Paraguay, \u201cen las que se reportaron detenciones, denuncias de violencia contra manifestantes y agresiones a la prensa\u201d.<\/span><\/p>\n<p><span style=\"font-size: 14pt;\">\u201cEl Estado debe garantizar la protesta pac\u00edfica y la labor period\u00edstica. El uso de la fuerza debe obedecer a principios de legalidad, necesidad y proporcionalidad\u201d, dijeron ambos organismos a trav\u00e9s de la red social X.<\/span><\/p>\n<p><span style=\"font-size: 14pt;\"><strong>\u00bfPorqu\u00e9 se oponen los trabajadores?<\/strong><\/span><\/p>\n<p><span style=\"font-size: 14pt;\">Los trabajadores y jubilados alertan sobre la falta de debate en la aprobaci\u00f3n de la ley, que pretende regular y supervisar los recursos de las ocho entidades de jubilaciones y pensiones p\u00fablicas y privadas existentes en el pa\u00eds.<\/span><\/p>\n<p><span style=\"font-size: 14pt;\">Una de las mayores preocupaciones de los manifestantes es que la norma plantea que se permitan inversiones en bonos e instrumentos financieros con esos recursos.<\/span><\/p>\n<p><span style=\"font-size: 14pt;\">Adem\u00e1s de crear el organismo controlador, en la normativa se hace una reforma del sistema previsional, lo que para algunos analistas del pa\u00eds sudamericano puede representar un proceso de privatizaci\u00f3n al incluir la capitalizaci\u00f3n individual.<\/span><\/p>\n<p><span style=\"font-size: 14pt;\">Distintas organizaciones de trabajadores se reunir\u00e1n el pr\u00f3ximo lunes en la sede del Sindicato de Trabajadores de la Administraci\u00f3n Nacional de Electricidad para definir nuevas acciones respecto a este tema.\u00a0<\/span><\/p>\n","protected":false},"excerpt":{"rendered":"<p>Montevideo. El presidente de Paraguay, Santiago Pe\u00f1a, promulg\u00f3 este jueves la ley que crea un\u00a0\u00f3rgano controlador de las jubilaciones, a<\/p>\n","protected":false},"author":4,"featured_media":27554,"comment_status":"closed","ping_status":"closed","sticky":false,"template":"","format":"standard","meta":{"colormag_page_container_layout":"default_layout","colormag_page_sidebar_layout":"default_layout","_jetpack_memberships_contains_paid_content":false,"footnotes":"","jetpack_publicize_message":"","jetpack_publicize_feature_enabled":true,"jetpack_social_post_already_shared":false,"jetpack_social_options":{"image_generator_settings":{"template":"highway","default_image_id":0,"font":"","enabled":false},"version":2}},"categories":[2050],"tags":[],"class_list":["post-27553","post","type-post","status-publish","format-standard","has-post-thumbnail","hentry","category-economia"],"jetpack_publicize_connections":[],"jetpack_featured_media_url":"https:\/\/i0.wp.com\/politicosaldesnudo.com.mx\/wp-content\/uploads\/2023\/12\/URU.webp?fit=1024%2C683&ssl=1","jetpack-related-posts":[],"jetpack_sharing_enabled":true,"_links":{"self":[{"href":"https:\/\/politicosaldesnudo.com.mx\/index.php\/wp-json\/wp\/v2\/posts\/27553","targetHints":{"allow":["GET"]}}],"collection":[{"href":"https:\/\/politicosaldesnudo.com.mx\/index.php\/wp-json\/wp\/v2\/posts"}],"about":[{"href":"https:\/\/politicosaldesnudo.com.mx\/index.php\/wp-json\/wp\/v2\/types\/post"}],"author":[{"embeddable":true,"href":"https:\/\/politicosaldesnudo.com.mx\/index.php\/wp-json\/wp\/v2\/users\/4"}],"replies":[{"embeddable":true,"href":"https:\/\/politicosaldesnudo.com.mx\/index.php\/wp-json\/wp\/v2\/comments?post=27553"}],"version-history":[{"count":0,"href":"https:\/\/politicosaldesnudo.com.mx\/index.php\/wp-json\/wp\/v2\/posts\/27553\/revisions"}],"wp:featuredmedia":[{"embeddable":true,"href":"https:\/\/politicosaldesnudo.com.mx\/index.php\/wp-json\/wp\/v2\/media\/27554"}],"wp:attachment":[{"href":"https:\/\/politicosaldesnudo.com.mx\/index.php\/wp-json\/wp\/v2\/media?parent=27553"}],"wp:term":[{"taxonomy":"category","embeddable":true,"href":"https:\/\/politicosaldesnudo.com.mx\/index.php\/wp-json\/wp\/v2\/categories?post=27553"},{"taxonomy":"post_tag","embeddable":true,"href":"https:\/\/politicosaldesnudo.com.mx\/index.php\/wp-json\/wp\/v2\/tags?post=27553"}],"curies":[{"name":"wp","href":"https:\/\/api.w.org\/{rel}","templated":true}]}}