{"id":27559,"date":"2023-12-15T09:32:54","date_gmt":"2023-12-15T15:32:54","guid":{"rendered":"https:\/\/politicosaldesnudo.com.mx\/?p=27559"},"modified":"2023-12-15T09:32:54","modified_gmt":"2023-12-15T15:32:54","slug":"congreso-brasileno-anula-veto-de-lula-que-protegia-tierras-indigenas","status":"publish","type":"post","link":"https:\/\/politicosaldesnudo.com.mx\/index.php\/2023\/12\/15\/congreso-brasileno-anula-veto-de-lula-que-protegia-tierras-indigenas\/","title":{"rendered":"Congreso brasile\u00f1o anula veto de Lula que proteg\u00eda tierras ind\u00edgenas"},"content":{"rendered":"<p><span style=\"font-size: 14pt;\">El Congreso de Brasil anul\u00f3 el jueves un veto del presidente Luis In\u00e1cio Lula da Silva para poder restaurar un proyecto de ley que suprime protecciones a los derechos territoriales de los pueblos ind\u00edgenas. La decisi\u00f3n abre una nueva batalla entre los legisladores y el m\u00e1ximo tribunal del pa\u00eds.<\/span><\/p>\n<p class=\"western\"><span style=\"font-size: 14pt;\">Tanto los diputados como los senadores federales aprobaron con amplio margen apoyar una iniciativa de ley que dice que la fecha en que se promulg\u00f3 la Constituci\u00f3n de Brasil \u2014el 5 de octubre de 1988\u2014 es la fecha l\u00edmite en la que los pueblos ind\u00edgenas ten\u00edan que estar ocupando f\u00edsicamente, o luchando legalmente por reocupar, un territorio para poder reclamar la asignaci\u00f3n de tierras.<\/span><\/p>\n<p class=\"western\"><span style=\"font-size: 14pt;\">El Supremo Tribunal Federal de Brasil decidi\u00f3 en septiembre con nueve votos a favor y dos en contra que esa teor\u00eda era inconstitucional. Los legisladores brasile\u00f1os respondieron con un proceso acelerado para aprobar un proyecto de ley que abordaba esa parte de la legislaci\u00f3n original, y que ser\u00e1 v\u00e1lido hasta que el tribunal vuelva a examinar la cuesti\u00f3n.<\/span><\/p>\n<p class=\"western\"><span style=\"font-size: 14pt;\">La anulaci\u00f3n del veto de Lula fue una victoria para los partidarios en el Congreso del expresidente Jair Bolsonaro y sus aliados en la agroindustria. Varios miembros de la coalici\u00f3n gobernante de Lula tambi\u00e9n votaron a favor de revertir la acci\u00f3n del presidente.<\/span><\/p>\n<p class=\"western\"><span style=\"font-size: 14pt;\">Los partidarios del proyecto de ley argumentaron que era necesario para proporcionar seguridad jur\u00eddica a los terratenientes, y acusaron a los l\u00edderes ind\u00edgenas de ejercer presi\u00f3n para lograr una expansi\u00f3n ilimitada de sus territorios.<\/span><\/p>\n<p class=\"western\"><span style=\"font-size: 14pt;\">Los grupos de defensa de los derechos ind\u00edgenas afirman que el concepto de marco temporal es injusto porque no tiene en cuenta las expulsiones y desplazamientos forzados de poblaciones ind\u00edgenas, en particular durante la dictadura militar brasile\u00f1a de 1964 a 1985.<\/span><\/p>\n<p class=\"western\"><span style=\"font-size: 14pt;\">El grupo de derechos Articulaci\u00f3n de los Pueblos Ind\u00edgenas de Brasil (Apib) dijo en redes sociales que llevar\u00eda el caso de nuevo al Supremo Tribunal Federal. Los legisladores de izquierda dijeron lo mismo.<\/span><\/p>\n<p class=\"western\"><span style=\"font-size: 14pt;\">\u201cLos derrotados son los que no luchan. El Congreso aprob\u00f3 la ley de marco temporal y otros cr\u00edmenes contra los pueblos ind\u00edgenas\u201d, manifest\u00f3 la Apib. \u201cSeguiremos impugnando esto\u201d.<\/span><\/p>\n<p class=\"western\"><span style=\"font-size: 14pt;\">Poco despu\u00e9s de la votaci\u00f3n en el Congreso, unas 300 personas protestaron frente al edificio del STF.<\/span><\/p>\n","protected":false},"excerpt":{"rendered":"<p>El Congreso de Brasil anul\u00f3 el jueves un veto del presidente Luis In\u00e1cio Lula da Silva para poder restaurar un<\/p>\n","protected":false},"author":4,"featured_media":27560,"comment_status":"closed","ping_status":"closed","sticky":false,"template":"","format":"standard","meta":{"colormag_page_container_layout":"default_layout","colormag_page_sidebar_layout":"default_layout","_jetpack_memberships_contains_paid_content":false,"footnotes":"","jetpack_publicize_message":"","jetpack_publicize_feature_enabled":true,"jetpack_social_post_already_shared":false,"jetpack_social_options":{"image_generator_settings":{"template":"highway","default_image_id":0,"font":"","enabled":false},"version":2}},"categories":[28],"tags":[],"class_list":["post-27559","post","type-post","status-publish","format-standard","has-post-thumbnail","hentry","category-internacional"],"jetpack_publicize_connections":[],"jetpack_featured_media_url":"https:\/\/i0.wp.com\/politicosaldesnudo.com.mx\/wp-content\/uploads\/2023\/12\/CB.webp?fit=640%2C427&ssl=1","jetpack-related-posts":[],"jetpack_sharing_enabled":true,"_links":{"self":[{"href":"https:\/\/politicosaldesnudo.com.mx\/index.php\/wp-json\/wp\/v2\/posts\/27559","targetHints":{"allow":["GET"]}}],"collection":[{"href":"https:\/\/politicosaldesnudo.com.mx\/index.php\/wp-json\/wp\/v2\/posts"}],"about":[{"href":"https:\/\/politicosaldesnudo.com.mx\/index.php\/wp-json\/wp\/v2\/types\/post"}],"author":[{"embeddable":true,"href":"https:\/\/politicosaldesnudo.com.mx\/index.php\/wp-json\/wp\/v2\/users\/4"}],"replies":[{"embeddable":true,"href":"https:\/\/politicosaldesnudo.com.mx\/index.php\/wp-json\/wp\/v2\/comments?post=27559"}],"version-history":[{"count":0,"href":"https:\/\/politicosaldesnudo.com.mx\/index.php\/wp-json\/wp\/v2\/posts\/27559\/revisions"}],"wp:featuredmedia":[{"embeddable":true,"href":"https:\/\/politicosaldesnudo.com.mx\/index.php\/wp-json\/wp\/v2\/media\/27560"}],"wp:attachment":[{"href":"https:\/\/politicosaldesnudo.com.mx\/index.php\/wp-json\/wp\/v2\/media?parent=27559"}],"wp:term":[{"taxonomy":"category","embeddable":true,"href":"https:\/\/politicosaldesnudo.com.mx\/index.php\/wp-json\/wp\/v2\/categories?post=27559"},{"taxonomy":"post_tag","embeddable":true,"href":"https:\/\/politicosaldesnudo.com.mx\/index.php\/wp-json\/wp\/v2\/tags?post=27559"}],"curies":[{"name":"wp","href":"https:\/\/api.w.org\/{rel}","templated":true}]}}