{"id":27574,"date":"2023-12-15T11:38:16","date_gmt":"2023-12-15T17:38:16","guid":{"rendered":"https:\/\/politicosaldesnudo.com.mx\/?p=27574"},"modified":"2023-12-15T11:38:16","modified_gmt":"2023-12-15T17:38:16","slug":"con-develacion-de-placa-amlo-inaugura-primera-etapa-de-tren-maya","status":"publish","type":"post","link":"https:\/\/politicosaldesnudo.com.mx\/index.php\/2023\/12\/15\/con-develacion-de-placa-amlo-inaugura-primera-etapa-de-tren-maya\/","title":{"rendered":"Con develaci\u00f3n de placa AMLO inaugura primera etapa de Tren Maya"},"content":{"rendered":"<p><span style=\"font-size: 14pt;\">Con semblante de satisfacci\u00f3n, el presidente Andr\u00e9s Manuel L\u00f3pez Obrador inaugur\u00f3 hace unos instantes la primera etapa del Tren Maya, el proyecto de infraestructura m\u00e1s ambicioso de su gobierno, con la revelaci\u00f3n de una placa conmemorativa.<\/span><\/p>\n<p><span style=\"font-size: 14pt;\">\u201cEl gobierno de la Rep\u00fablica inaugura el tamo Campeche-Canc\u00fan del proyecto integral Tren Maya, obra ferroviaria en la que participaron mujeres y hombres trabajadores de la construcci\u00f3n, t\u00e9cnicos y proveedores nacionales y extranjeros, as\u00ed como las empresas constructoras: Mota-Engil, Grupo Carso, Azvndi, ICA y Alstom; este proyecto ser\u00e1 referente para impulsar el desarrollo econ\u00f3mico y tur\u00edstico de la regi\u00f3n sureste del pa\u00eds en beneficio del pueblo de M\u00e9xico\u201d, se lee en la insignia.<\/span><\/p>\n<p><span style=\"font-size: 14pt;\">El primer tren recorrer\u00e1 el trazo que va desde esta capital hasta el poderoso y altamente demandado Canc\u00fan, principal polo de desarrollo tur\u00edstico de Quintana Roo, con lo que se pretende unir a muchas de las comunidades m\u00e1s pobres del pa\u00eds con una de las regiones m\u00e1s ricas.<\/span><\/p>\n<p><span style=\"font-size: 14pt;\">Acompa\u00f1ado por la gobernadora de Campeche, Layda Sansores; por el Secretario de la Defensa Nacional, Luis Cresencio Sandoval; y por los representantes de las empresas constructoras, el mandatario federal devel\u00f3 la placa conmemorativa de esta inauguraci\u00f3n.<\/span><\/p>\n","protected":false},"excerpt":{"rendered":"<p>Con semblante de satisfacci\u00f3n, el presidente Andr\u00e9s Manuel L\u00f3pez Obrador inaugur\u00f3 hace unos instantes la primera etapa del Tren Maya,<\/p>\n","protected":false},"author":4,"featured_media":27575,"comment_status":"closed","ping_status":"closed","sticky":false,"template":"","format":"standard","meta":{"colormag_page_container_layout":"default_layout","colormag_page_sidebar_layout":"default_layout","_jetpack_memberships_contains_paid_content":false,"footnotes":"","jetpack_publicize_message":"","jetpack_publicize_feature_enabled":true,"jetpack_social_post_already_shared":false,"jetpack_social_options":{"image_generator_settings":{"template":"highway","default_image_id":0,"font":"","enabled":false},"version":2}},"categories":[33],"tags":[],"class_list":["post-27574","post","type-post","status-publish","format-standard","has-post-thumbnail","hentry","category-nacional"],"jetpack_publicize_connections":[],"jetpack_featured_media_url":"https:\/\/i0.wp.com\/politicosaldesnudo.com.mx\/wp-content\/uploads\/2023\/12\/TREN.jpg?fit=1024%2C691&ssl=1","jetpack-related-posts":[],"jetpack_sharing_enabled":true,"_links":{"self":[{"href":"https:\/\/politicosaldesnudo.com.mx\/index.php\/wp-json\/wp\/v2\/posts\/27574","targetHints":{"allow":["GET"]}}],"collection":[{"href":"https:\/\/politicosaldesnudo.com.mx\/index.php\/wp-json\/wp\/v2\/posts"}],"about":[{"href":"https:\/\/politicosaldesnudo.com.mx\/index.php\/wp-json\/wp\/v2\/types\/post"}],"author":[{"embeddable":true,"href":"https:\/\/politicosaldesnudo.com.mx\/index.php\/wp-json\/wp\/v2\/users\/4"}],"replies":[{"embeddable":true,"href":"https:\/\/politicosaldesnudo.com.mx\/index.php\/wp-json\/wp\/v2\/comments?post=27574"}],"version-history":[{"count":0,"href":"https:\/\/politicosaldesnudo.com.mx\/index.php\/wp-json\/wp\/v2\/posts\/27574\/revisions"}],"wp:featuredmedia":[{"embeddable":true,"href":"https:\/\/politicosaldesnudo.com.mx\/index.php\/wp-json\/wp\/v2\/media\/27575"}],"wp:attachment":[{"href":"https:\/\/politicosaldesnudo.com.mx\/index.php\/wp-json\/wp\/v2\/media?parent=27574"}],"wp:term":[{"taxonomy":"category","embeddable":true,"href":"https:\/\/politicosaldesnudo.com.mx\/index.php\/wp-json\/wp\/v2\/categories?post=27574"},{"taxonomy":"post_tag","embeddable":true,"href":"https:\/\/politicosaldesnudo.com.mx\/index.php\/wp-json\/wp\/v2\/tags?post=27574"}],"curies":[{"name":"wp","href":"https:\/\/api.w.org\/{rel}","templated":true}]}}