{"id":27619,"date":"2023-12-16T11:37:01","date_gmt":"2023-12-16T17:37:01","guid":{"rendered":"https:\/\/politicosaldesnudo.com.mx\/?p=27619"},"modified":"2023-12-16T11:37:01","modified_gmt":"2023-12-16T17:37:01","slug":"fracasa-otro-intento-de-designar-a-titulares-de-puestos-claves-en-el-ine","status":"publish","type":"post","link":"https:\/\/politicosaldesnudo.com.mx\/index.php\/2023\/12\/16\/fracasa-otro-intento-de-designar-a-titulares-de-puestos-claves-en-el-ine\/","title":{"rendered":"Fracasa otro intento de designar a titulares de puestos claves en el INE"},"content":{"rendered":"<p class=\"s-s\"><span style=\"font-size: 14pt;\">Las posiciones irreductibles impidieron anoche alcanzar acuerdos y la sesi\u00f3n del Consejo General del Instituto Nacional Electoral (INE) debi\u00f3 ser suspendida por falta de\u00a0<em>quorum<\/em>\u00a0luego de que los representantes de cuatro partidos y tres consejeros se retiraron de la mesa.<\/span><\/p>\n<p><span style=\"font-size: 14pt;\">La sesi\u00f3n de jaloneos y recriminaciones por distintos temas llevaba 13 horas; tanto en la apertura como al final se discut\u00eda la manera de solventar la ausencia de titulares en la mayor\u00eda de los puestos de mando del organismo.<\/span><\/p>\n<p><span style=\"font-size: 14pt;\">La consejera presidenta, Guadalupe Taddei, lleg\u00f3 al cargo el 3 de abril pasado y, hasta ahora, en pleno proceso electoral, un bloque de seis colegas le ha negado la aprobaci\u00f3n de sus propuestas para las direcciones y la secretar\u00eda ejecutiva, responsable de la operaci\u00f3n administrativa y representaci\u00f3n jur\u00eddica del instituto.<\/span><\/p>\n<p><span style=\"font-size: 14pt;\">En ese contexto, promovi\u00f3 la alternativa de elegir, entre los funcionarios actuales, sean titulares o encargados, a la persona que ocupar\u00eda de manera provisional la secretar\u00eda ejecutiva, pues para que fuera un nombramiento definitivo \u2013y no solo\u00a0<q>encargadur\u00eda<\/q>\u2013 necesita nueve de los 11 votos posibles en el consejo, mismos que le han negado en una din\u00e1mica de 5 contra 6.<\/span><\/p>\n<p><span style=\"font-size: 14pt;\">Al mismo tiempo, el bloque contrario inscribi\u00f3 en el orden del d\u00eda un\u00a0<q>mecanismo<\/q>\u00a0para alentar los nombramientos definitivos, pero con candados en el sentido contrario a la estrategia de Taddei, por ejemplo, que los candidatos sean de la misma \u00e1rea y\/o miembros del Servicio Profesional Electoral Nacional (SPEN) y est\u00e9n en esa condici\u00f3n m\u00e1ximo un a\u00f1o. Tambi\u00e9n que los rechazados para una titularidad no puedan ser provisionales y, a la vez, que en 30 d\u00edas la presidenta presente nuevas propuestas de nombramientos. Taddei respondi\u00f3 que el citado mecanismo\u00a0<q>es una invitaci\u00f3n flagrante a romper el orden constitucional establecido<\/q>.<\/span><\/p>\n<p><span style=\"font-size: 14pt;\">Con matices se pronunciaron Uuc-kib Espadas, Jorge Monta\u00f1o, Norma de la Cruz y Rita Bell L\u00f3pez. En contra persistieron Claudia Zavala, Mart\u00edn Faz, Dania Ravel, Carla Humphrey, Jaime Rivera y Arturo Castillo.<\/span><\/p>\n<p><span style=\"font-size: 14pt;\">El representante del PRI, Hiram Hern\u00e1ndez, se\u00f1al\u00f3 a la presentadora del mecanismo, Zavala, que el proyecto\u00a0<q>a todas luces viola la Constituci\u00f3n<\/q>\u00a0y la ley electoral, y desde ah\u00ed promovi\u00f3 la salida de otros representantes, salvo los del PAN y del PRD, que cuando revent\u00f3 la sesi\u00f3n acusaron\u00a0<q>\u00a1albazo!<\/q><\/span><\/p>\n<p><span style=\"font-size: 14pt;\">Mientras el consejero Jaime Rivera acus\u00f3 a la presidenta de haber utilizado en\u00a0<q>exceso<\/q>\u00a0la figura de encargados de despacho y despu\u00e9s le sugiri\u00f3 que haga propuestas\u00a0<q>viables, factibles y convincentes<\/q>\u00a0y dialogue m\u00e1s, Taddei le replic\u00f3: las \u00e1reas se quedaron ac\u00e9falas cuando se fueron los anteriores consejeros, hace ocho meses (hubo renuncia colectiva).\u00a0<q>Se fueron pr\u00e1cticamente todos y se qued\u00f3 esto desvalijado, en total desolaci\u00f3n<\/q>, expres\u00f3.<\/span><\/p>\n<p><span style=\"font-size: 14pt;\">Espadas se fue directo:\u00a0<q>La falta de titulares, por cierto, no es un accidente, fue una decisi\u00f3n pol\u00edtica de sabotear la entrada de la nueva presidenta, por eso las renuncias masivas acordadas y coaccionadas al concluir la anterior presidencia (de Lorenzo C\u00f3rdova), incluyendo el descont\u00f3n de la renuncia del secretario ejecutivo<\/q>.<\/span><\/p>\n<p><span style=\"font-size: 14pt;\">Con todo, la presidenta dijo que ten\u00eda fe en que se llegue a un acuerdo este s\u00e1bado por la tarde, cuando se reanude la sesi\u00f3n.\u00a0<q>As\u00ed es la democracia<\/q>, dijo a la prensa.<\/span><\/p>\n<p><span style=\"font-size: 14pt;\">Apenas esta semana renunciaron dos funcionarios, el titular de la Unidad T\u00e9cnica de Servicios de Inform\u00e1tica y la encargada de despacho del SPEN. Por tanto, entre los 11 miembros de la Junta General Ejecutiva con derecho a voto, actualmente s\u00f3lo hay tres titulares: Registro Federal de Electores, Organizaci\u00f3n Electoral y Vinculaci\u00f3n con Organismos P\u00fablicos Locales.<\/span><\/p>\n<p><span style=\"font-size: 14pt;\">Antes, en lo que fue un escarceo de posiciones, el INE aval\u00f3 el ajuste de su presupuesto para 2024, luego del recorte por 5 mil 3 millones de pesos que orden\u00f3 la C\u00e1mara de Diputados. La discusi\u00f3n se dio, adem\u00e1s, porque se propuso y se aprob\u00f3 hacer adecuaciones para dar 18 millones de pesos a la observaci\u00f3n electoral.<\/span><\/p>\n<p><span style=\"font-size: 14pt;\">Sergio Guti\u00e9rrez, representante de Morena, se\u00f1al\u00f3 que no permitir\u00e1 que el INE\u00a0<q>triangule recursos en beneficio de Lorenzo C\u00f3rdova<\/q>\u00a0dando recursos al Instituto de Investigaciones Jur\u00eddicas, donde est\u00e1 el ex consejero presidente.<\/span><\/p>\n","protected":false},"excerpt":{"rendered":"<p>Las posiciones irreductibles impidieron anoche alcanzar acuerdos y la sesi\u00f3n del Consejo General del Instituto Nacional Electoral (INE) debi\u00f3 ser<\/p>\n","protected":false},"author":4,"featured_media":27620,"comment_status":"closed","ping_status":"closed","sticky":false,"template":"","format":"standard","meta":{"colormag_page_container_layout":"default_layout","colormag_page_sidebar_layout":"default_layout","_jetpack_memberships_contains_paid_content":false,"footnotes":"","jetpack_publicize_message":"","jetpack_publicize_feature_enabled":true,"jetpack_social_post_already_shared":false,"jetpack_social_options":{"image_generator_settings":{"template":"highway","default_image_id":0,"font":"","enabled":false},"version":2}},"categories":[33],"tags":[],"class_list":["post-27619","post","type-post","status-publish","format-standard","has-post-thumbnail","hentry","category-nacional"],"jetpack_publicize_connections":[],"jetpack_featured_media_url":"https:\/\/i0.wp.com\/politicosaldesnudo.com.mx\/wp-content\/uploads\/2023\/12\/Captura-de-pantalla-2023-12-15-a-las-14.40.46-1-1024x566-1.png?fit=1024%2C566&ssl=1","jetpack-related-posts":[],"jetpack_sharing_enabled":true,"_links":{"self":[{"href":"https:\/\/politicosaldesnudo.com.mx\/index.php\/wp-json\/wp\/v2\/posts\/27619","targetHints":{"allow":["GET"]}}],"collection":[{"href":"https:\/\/politicosaldesnudo.com.mx\/index.php\/wp-json\/wp\/v2\/posts"}],"about":[{"href":"https:\/\/politicosaldesnudo.com.mx\/index.php\/wp-json\/wp\/v2\/types\/post"}],"author":[{"embeddable":true,"href":"https:\/\/politicosaldesnudo.com.mx\/index.php\/wp-json\/wp\/v2\/users\/4"}],"replies":[{"embeddable":true,"href":"https:\/\/politicosaldesnudo.com.mx\/index.php\/wp-json\/wp\/v2\/comments?post=27619"}],"version-history":[{"count":0,"href":"https:\/\/politicosaldesnudo.com.mx\/index.php\/wp-json\/wp\/v2\/posts\/27619\/revisions"}],"wp:featuredmedia":[{"embeddable":true,"href":"https:\/\/politicosaldesnudo.com.mx\/index.php\/wp-json\/wp\/v2\/media\/27620"}],"wp:attachment":[{"href":"https:\/\/politicosaldesnudo.com.mx\/index.php\/wp-json\/wp\/v2\/media?parent=27619"}],"wp:term":[{"taxonomy":"category","embeddable":true,"href":"https:\/\/politicosaldesnudo.com.mx\/index.php\/wp-json\/wp\/v2\/categories?post=27619"},{"taxonomy":"post_tag","embeddable":true,"href":"https:\/\/politicosaldesnudo.com.mx\/index.php\/wp-json\/wp\/v2\/tags?post=27619"}],"curies":[{"name":"wp","href":"https:\/\/api.w.org\/{rel}","templated":true}]}}