{"id":27640,"date":"2023-12-16T13:36:50","date_gmt":"2023-12-16T19:36:50","guid":{"rendered":"https:\/\/politicosaldesnudo.com.mx\/?p=27640"},"modified":"2023-12-16T13:36:50","modified_gmt":"2023-12-16T19:36:50","slug":"israel-abre-pesquisa-tras-video-que-muestra-asesinato-de-2-palestinos","status":"publish","type":"post","link":"https:\/\/politicosaldesnudo.com.mx\/index.php\/2023\/12\/16\/israel-abre-pesquisa-tras-video-que-muestra-asesinato-de-2-palestinos\/","title":{"rendered":"Israel abre pesquisa tras video que muestra asesinato de 2 palestinos"},"content":{"rendered":"<p><span style=\"font-size: 14pt;\">Jerusal\u00e9n.- Israel anunci\u00f3 este viernes la apertura de una investigaci\u00f3n de la polic\u00eda militar sobre el asesinato de dos palestinos en Cisjordania luego de que un grupo israel\u00ed de derechos humanos hizo p\u00fablicos videos que parec\u00edan mostrar a los soldados abatiendo a las dos v\u00edctimas \u2014 un hombre incapacitado y otro desarmado \u2014 durante un operativo militar en un campo de refugiados del territorio.<\/span><\/p>\n<p><span style=\"font-size: 14pt;\">El grupo de derechos humanos B\u2019Tselem acus\u00f3 al ej\u00e9rcito de llevar a cabo un par de \u201cejecuciones ilegales\u201d.<\/span><\/p>\n<p><span style=\"font-size: 14pt;\">Los v\u00eddeos de las c\u00e1maras de seguridad muestran a dos veh\u00edculos militares israel\u00edes persiguiendo a un grupo de palestinos en el campo de refugiados de Faraa, en el norte de Cisjordania. Un hombre, que parece sostener un bote rojo, es abatido a tiros por los soldados. B\u2019Tselem identific\u00f3 a la v\u00edctima como Rami Jundob, de 25 a\u00f1os.<\/span><\/p>\n<p><span style=\"font-size: 14pt;\">El jeep militar se acerca entonces a Jundob, que estaba sangrando en el piso, y se le dispara varias veces hasta que queda inm\u00f3vil. Los soldados se acercan despu\u00e9s a un hombre identificado por B\u2019Tselem como Thaar Shahin, de 36 a\u00f1os, que se cobija bajo el cap\u00f3 de un auto y le disparan a corta distancia.<\/span><\/p>\n<p><span style=\"font-size: 14pt;\">Seg\u00fan Btselem, Shahin falleci\u00f3 en el acto mientras que Jundob lo hizo al d\u00eda siguiente a causa de sus heridas.<\/span><\/p>\n<p><span style=\"font-size: 14pt;\">El ej\u00e9rcito israel\u00ed dijo que su polic\u00eda militar abri\u00f3 una investigaci\u00f3n sobre las balaceras del 8 de diciembre \u201cante la sospecha de que durante el incidente se efectuaron disparos no conformes a la ley\u201d. Sus hallazgos se remitir\u00e1n a la fiscal\u00eda militar en un indicio de que podr\u00edan presentar cargos penales.<\/span><\/p>\n<p><span style=\"font-size: 14pt;\">Israel no suele procesar este tipo de casos y los grupos de defensa de los derechos humanos afirman que los soldados no suelen ser castigados aunque se detecten malas pr\u00e1cticas. En un caso de alto perfil, un soldado israel\u00ed fue condenado por homicidio involuntario y cumpli\u00f3 una condena reducida de nueve meses de prisi\u00f3n tras disparar a un palestino malherido cuando estaba tirado en el piso en 2016.<\/span><\/p>\n<p><span style=\"font-size: 14pt;\">El ej\u00e9rcito abri\u00f3 recientemente una investigaci\u00f3n a un soldado que dispar\u00f3 y mat\u00f3 a un hombre israel\u00ed que acababa de abatir a agresores palestinos en una parada de autob\u00fas en Jerusal\u00e9n. Al parecer, el soldado crey\u00f3 que el israel\u00ed era uno de los atacantes, pese a que se arrodill\u00f3 en el piso, levant\u00f3 las manos y se abri\u00f3 la camisa para mostrar que no era una amenaza. La balacera puso de manifiesto lo que los cr\u00edticos califican de epidemia de uso excesivo de la fuerza por parte de los soldados israel\u00edes, de la polic\u00eda y de los ciudadanos armados contra presuntos asaltantes palestinos.<\/span><\/p>\n<p><span style=\"font-size: 14pt;\">En otro incidente el viernes, la polic\u00eda dijo que suspendi\u00f3 a los agentes que aparecen en un video golpeando a un fotoperiodista palestino en Jerusal\u00e9n Este. El reportero fue identificado en redes sociales como Mustafa Haruf, que trabaja para la agencia noticiosa estatal turca Anadolu.<\/span><\/p>\n<p><span style=\"font-size: 14pt;\">En el video, un agente se acerca a Haruf y lo golpea con la culata de su arma mientras otro lo empuja contra un auto. Uno apunta al reportero con su arma y otro lo tira al piso con una llave. Un agente se arrodill\u00f3 sobre su cuerpo y otro lo parea repetidamente la cabeza mientras \u00e9ste grita de dolor.<\/span><\/p>\n<p><span style=\"font-size: 14pt;\">Otros agentes cerca observan la escena y apartan a los sorprendidos testigos.<\/span><\/p>\n<p><span style=\"font-size: 14pt;\">\u201cEl mando de la Polic\u00eda Fronteriza considera que la conducta de estos agentes es incompatible con los valores del cuerpo\u201d, indic\u00f3 la polic\u00eda en el comunicado en el que anunci\u00f3 la suspensi\u00f3n de los polic\u00edas y la apertura de la investigaci\u00f3n.<\/span><\/p>\n<p><span style=\"font-size: 14pt;\">Ambos incidentes se producen en un momento de elevada tensi\u00f3n en Cisjordania y Jerusal\u00e9n Este debido a la guerra entre Israel y Ham\u00e1s en Gaza, con los israel\u00edes est\u00e1n alerta ante posibles nuevos ataques. Desde hace a\u00f1os, palestinos y grupos de derechos humanos acusan a las fuerzas israel\u00edes de hacer un uso excesivo de la fuerza y de no exigir responsabilidades.<\/span><\/p>\n<p><span style=\"font-size: 14pt;\">Desde el inicio de la guerra, la violencia en Cisjordania por parte de las fuerzas y de los colonos israel\u00edes ha alcanzado niveles r\u00e9cord. Desde el 7 de octubre, 287 palestinos han sido asesinados en Cisjordania, de acuerdo con el Ministerio de Salud palestino, lo que convierte a 2023 en el a\u00f1o m\u00e1s letal en el territorio en 18 a\u00f1os.<\/span><\/p>\n","protected":false},"excerpt":{"rendered":"<p>Jerusal\u00e9n.- Israel anunci\u00f3 este viernes la apertura de una investigaci\u00f3n de la polic\u00eda militar sobre el asesinato de dos palestinos<\/p>\n","protected":false},"author":4,"featured_media":27641,"comment_status":"closed","ping_status":"closed","sticky":false,"template":"","format":"standard","meta":{"colormag_page_container_layout":"default_layout","colormag_page_sidebar_layout":"default_layout","_jetpack_memberships_contains_paid_content":false,"footnotes":"","jetpack_publicize_message":"","jetpack_publicize_feature_enabled":true,"jetpack_social_post_already_shared":false,"jetpack_social_options":{"image_generator_settings":{"template":"highway","default_image_id":0,"font":"","enabled":false},"version":2}},"categories":[28],"tags":[],"class_list":["post-27640","post","type-post","status-publish","format-standard","has-post-thumbnail","hentry","category-internacional"],"jetpack_publicize_connections":[],"jetpack_featured_media_url":"https:\/\/i0.wp.com\/politicosaldesnudo.com.mx\/wp-content\/uploads\/2023\/12\/ISR.jpg?fit=1024%2C682&ssl=1","jetpack-related-posts":[],"jetpack_sharing_enabled":true,"_links":{"self":[{"href":"https:\/\/politicosaldesnudo.com.mx\/index.php\/wp-json\/wp\/v2\/posts\/27640","targetHints":{"allow":["GET"]}}],"collection":[{"href":"https:\/\/politicosaldesnudo.com.mx\/index.php\/wp-json\/wp\/v2\/posts"}],"about":[{"href":"https:\/\/politicosaldesnudo.com.mx\/index.php\/wp-json\/wp\/v2\/types\/post"}],"author":[{"embeddable":true,"href":"https:\/\/politicosaldesnudo.com.mx\/index.php\/wp-json\/wp\/v2\/users\/4"}],"replies":[{"embeddable":true,"href":"https:\/\/politicosaldesnudo.com.mx\/index.php\/wp-json\/wp\/v2\/comments?post=27640"}],"version-history":[{"count":0,"href":"https:\/\/politicosaldesnudo.com.mx\/index.php\/wp-json\/wp\/v2\/posts\/27640\/revisions"}],"wp:featuredmedia":[{"embeddable":true,"href":"https:\/\/politicosaldesnudo.com.mx\/index.php\/wp-json\/wp\/v2\/media\/27641"}],"wp:attachment":[{"href":"https:\/\/politicosaldesnudo.com.mx\/index.php\/wp-json\/wp\/v2\/media?parent=27640"}],"wp:term":[{"taxonomy":"category","embeddable":true,"href":"https:\/\/politicosaldesnudo.com.mx\/index.php\/wp-json\/wp\/v2\/categories?post=27640"},{"taxonomy":"post_tag","embeddable":true,"href":"https:\/\/politicosaldesnudo.com.mx\/index.php\/wp-json\/wp\/v2\/tags?post=27640"}],"curies":[{"name":"wp","href":"https:\/\/api.w.org\/{rel}","templated":true}]}}